{"id":12592,"date":"2013-10-23T20:46:47","date_gmt":"2013-10-23T20:46:47","guid":{"rendered":"http:\/\/aconteceunovale.com.br\/portal\/?p=12592"},"modified":"2013-10-23T20:47:37","modified_gmt":"2013-10-23T20:47:37","slug":"feira-do-pro-genetica-em-ponto-dos-volantes-atrai-pecuaristas-de-toda-a-regiao-do-vale-do-jequitinhonha","status":"publish","type":"post","link":"https:\/\/aconteceunovale.com.br\/portal\/?p=12592","title":{"rendered":"Feira do Pr\u00f3-Gen\u00e9tica em Ponto dos Volantes atrai pecuaristas de toda a regi\u00e3o do Vale do Jequitinhonha"},"content":{"rendered":"<p>O Programa de Melhoria da Qualidade Gen\u00e9tica do Rebanho Bovino do Estado de Minas Gerais (Pr\u00f3-Gen\u00e9tica) chegou com sucesso a Ponto dos Volantes. A 1\u00aa Feira do Pr\u00f3-Gen\u00e9tica do munic\u00edpio atraiu pecuaristas de v\u00e1rias partes da regi\u00e3o do Jequitinhonha, em busca de animais para melhorar seu plantel.<\/p>\n<p>O extensionista da Emater-MG Gilson Chaves, um dos organizadores da feira, avaliou: \u201cFoi um sucesso. Dos 44 animais recebidos, 68% foram comercializados.\u201d Segundo ele, a qualidade dos animais \u00e9 um fator decisivo para as vendas.<\/p>\n<p>O Pr\u00f3-Gen\u00e9tica \u00e9 um programa do Governo de Minas Gerais, executado por meio da Emater-MG, em parceria com a Associa\u00e7\u00e3o Brasileira de Criadores de Zebu (ABCZ) e outras entidades do setor. As feiras de touros de alta qualidade gen\u00e9tica s\u00e3o realizadas em todo o Estado, com o objetivo de tornar o melhoramento dos rebanhos mais acess\u00edvel aos pequenos e m\u00e9dios pecuaristas. Os animais comercializados devem atender a uma s\u00e9rie de exig\u00eancias sanit\u00e1rias e de desempenho produtivo.<\/p>\n<p>O evento em Ponto dos Volantes contou com a presen\u00e7a de lideran\u00e7as regionais (prefeitos, vice-prefeitos, secret\u00e1rios de Agricultura e vereadores), representantes do Banco do Brasil e do Sicoob CrediVale e cidades vizinhas, tais como: Medina, Itaobim, Ara\u00e7ua\u00ed, Monte Formoso, Te\u00f3filo Otoni e Virgem da Lapa, com destaque para os munic\u00edpios compradores de: Padre Para\u00edso, Itinga e Ponto dos Volantes.<\/p>\n<p>Foram ofertados animais P.O. (Puros de Origem) das ra\u00e7as Nelore, Gir Leiteiro, Guzer\u00e1 e Tabapu\u00e3. Todos com registro geneal\u00f3gico e exame androl\u00f3gico definitivos, teste negativo de brucelose e tuberculose e idades de 20 a 42 meses. O evento foi promovido pela Associa\u00e7\u00e3o Brasileira de Criadores de Zebu (ABCZ), em parceria com a Emater-MG, IMA, EPAMIG, FAEMIG, Prefeitura Municipal de Ponto dos Volantes e agentes financeiros.<\/p>\n<p>Fonte: Ag\u00eancia Minas<\/p>\n","protected":false},"excerpt":{"rendered":"<p>O Programa de Melhoria da Qualidade Gen\u00e9tica do Rebanho Bovino do Estado de Minas Gerais (Pr\u00f3-Gen\u00e9tica) chegou com sucesso a Ponto dos Volantes. A 1\u00aa Feira do Pr\u00f3-Gen\u00e9tica do munic\u00edpio atraiu pecuaristas de v\u00e1rias partes da regi\u00e3o do Jequitinhonha, em busca de animais para melhorar seu plantel. O extensionista da Emater-MG Gilson Chaves, um dos [&hellip;]<\/p>\n","protected":false},"author":1,"featured_media":12593,"comment_status":"open","ping_status":"open","sticky":false,"template":"","format":"standard","meta":{"amp_status":"","footnotes":""},"categories":[120],"tags":[450,444],"class_list":["post-12592","post","type-post","status-publish","format-standard","has-post-thumbnail","hentry","category-jequi","tag-feira-do-pro-genetica-em-ponto-dos-volantes-atrai-pecuaristas-de-toda-a-regiao-do-vale-do-jequitinhonha","tag-ponto-dos-volantes"],"_links":{"self":[{"href":"https:\/\/aconteceunovale.com.br\/portal\/index.php?rest_route=\/wp\/v2\/posts\/12592","targetHints":{"allow":["GET"]}}],"collection":[{"href":"https:\/\/aconteceunovale.com.br\/portal\/index.php?rest_route=\/wp\/v2\/posts"}],"about":[{"href":"https:\/\/aconteceunovale.com.br\/portal\/index.php?rest_route=\/wp\/v2\/types\/post"}],"author":[{"embeddable":true,"href":"https:\/\/aconteceunovale.com.br\/portal\/index.php?rest_route=\/wp\/v2\/users\/1"}],"replies":[{"embeddable":true,"href":"https:\/\/aconteceunovale.com.br\/portal\/index.php?rest_route=%2Fwp%2Fv2%2Fcomments&post=12592"}],"version-history":[{"count":0,"href":"https:\/\/aconteceunovale.com.br\/portal\/index.php?rest_route=\/wp\/v2\/posts\/12592\/revisions"}],"wp:featuredmedia":[{"embeddable":true,"href":"https:\/\/aconteceunovale.com.br\/portal\/index.php?rest_route=\/wp\/v2\/media\/12593"}],"wp:attachment":[{"href":"https:\/\/aconteceunovale.com.br\/portal\/index.php?rest_route=%2Fwp%2Fv2%2Fmedia&parent=12592"}],"wp:term":[{"taxonomy":"category","embeddable":true,"href":"https:\/\/aconteceunovale.com.br\/portal\/index.php?rest_route=%2Fwp%2Fv2%2Fcategories&post=12592"},{"taxonomy":"post_tag","embeddable":true,"href":"https:\/\/aconteceunovale.com.br\/portal\/index.php?rest_route=%2Fwp%2Fv2%2Ftags&post=12592"}],"curies":[{"name":"wp","href":"https:\/\/api.w.org\/{rel}","templated":true}]}}