{"id":12586,"date":"2013-10-23T20:15:02","date_gmt":"2013-10-23T20:15:02","guid":{"rendered":"http:\/\/aconteceunovale.com.br\/portal\/?p=12586"},"modified":"2013-10-23T20:15:02","modified_gmt":"2013-10-23T20:15:02","slug":"policia-militar-tem-nova-comandante-em-pavao","status":"publish","type":"post","link":"https:\/\/aconteceunovale.com.br\/portal\/?p=12586","title":{"rendered":"Pol\u00edcia Militar tem nova comandante em Pav\u00e3o"},"content":{"rendered":"<p>A Pol\u00edcia Militar realizou na \u00faltima segunda-feira (21), na C\u00e2mara Municipal, a solenidade de passagem de comando da Unidade Fracion\u00e1ria de Pav\u00e3o.<\/p>\n<p>Na oportunidade, o 3\u00ba sargento Wanderson Rafael de Figueiredo, ent\u00e3o comandante, passou o comando da Unidade para a 3\u00ba sargento Schirley Vieira de Souza.<\/p>\n<p>O evento que contou com a presen\u00e7a de diversas autoridades civis e militares \u00e9 considerado um marco na hist\u00f3ria do 19\u00ba Batalh\u00e3o de Pol\u00edcia Militar, pois \u00e9 a primeira vez que uma policial feminina assume o comando de uma Unidade Fracion\u00e1ria da Unidade.<\/p>\n<p>Em seu discurso, a sargento Schirley destacou as oportunidades oferecidas pela institui\u00e7\u00e3o, enalteceu o trabalho realizado pelo sargento Figueiredo na cidade, agradeceu aos familiares e colegas de trabalho, e firmou o compromisso com o povo de Pav\u00e3o, relatando que assume o comando da Pol\u00edcia Militar na cidade com a miss\u00e3o da preserva\u00e7\u00e3o e manuten\u00e7\u00e3o da ordem p\u00fablica, tornando Pav\u00e3o um dos melhores lugares para se viver.<\/p>\n<p>A militar recebeu o apoio irrestrito do prefeito Ant\u00f4nio Carlos de Almeida Ruas \u201cCarl\u00e3o\u201d e do tenente coronel Adirson Ant\u00f4nio Gl\u00f3rio de Ramos, comandante do 19\u00ba BPM, o qual colocou a sua disposi\u00e7\u00e3o todos os recursos necess\u00e1rios para o cumprimento de sua miss\u00e3o, ressaltando que ao ser a comandante da Pol\u00edcia Militar naquela cidade, ela \u00e9 o bra\u00e7o forte do Estado destinado a atender qualquer cidad\u00e3o, 24 horas por dia.<\/p>\n<p>Com Di\u00e1rio de Te\u00f3filo Otoni<\/p>\n","protected":false},"excerpt":{"rendered":"<p>A Pol\u00edcia Militar realizou na \u00faltima segunda-feira (21), na C\u00e2mara Municipal, a solenidade de passagem de comando da Unidade Fracion\u00e1ria de Pav\u00e3o. Na oportunidade, o 3\u00ba sargento Wanderson Rafael de Figueiredo, ent\u00e3o comandante, passou o comando da Unidade para a 3\u00ba sargento Schirley Vieira de Souza. O evento que contou com a presen\u00e7a de diversas [&hellip;]<\/p>\n","protected":false},"author":1,"featured_media":12587,"comment_status":"open","ping_status":"open","sticky":false,"template":"","format":"standard","meta":{"amp_status":"","footnotes":""},"categories":[122],"tags":[448,447],"class_list":["post-12586","post","type-post","status-publish","format-standard","has-post-thumbnail","hentry","category-mucuri","tag-novo-comando-pm-de-pavao","tag-pavao"],"_links":{"self":[{"href":"https:\/\/aconteceunovale.com.br\/portal\/index.php?rest_route=\/wp\/v2\/posts\/12586","targetHints":{"allow":["GET"]}}],"collection":[{"href":"https:\/\/aconteceunovale.com.br\/portal\/index.php?rest_route=\/wp\/v2\/posts"}],"about":[{"href":"https:\/\/aconteceunovale.com.br\/portal\/index.php?rest_route=\/wp\/v2\/types\/post"}],"author":[{"embeddable":true,"href":"https:\/\/aconteceunovale.com.br\/portal\/index.php?rest_route=\/wp\/v2\/users\/1"}],"replies":[{"embeddable":true,"href":"https:\/\/aconteceunovale.com.br\/portal\/index.php?rest_route=%2Fwp%2Fv2%2Fcomments&post=12586"}],"version-history":[{"count":0,"href":"https:\/\/aconteceunovale.com.br\/portal\/index.php?rest_route=\/wp\/v2\/posts\/12586\/revisions"}],"wp:featuredmedia":[{"embeddable":true,"href":"https:\/\/aconteceunovale.com.br\/portal\/index.php?rest_route=\/wp\/v2\/media\/12587"}],"wp:attachment":[{"href":"https:\/\/aconteceunovale.com.br\/portal\/index.php?rest_route=%2Fwp%2Fv2%2Fmedia&parent=12586"}],"wp:term":[{"taxonomy":"category","embeddable":true,"href":"https:\/\/aconteceunovale.com.br\/portal\/index.php?rest_route=%2Fwp%2Fv2%2Fcategories&post=12586"},{"taxonomy":"post_tag","embeddable":true,"href":"https:\/\/aconteceunovale.com.br\/portal\/index.php?rest_route=%2Fwp%2Fv2%2Ftags&post=12586"}],"curies":[{"name":"wp","href":"https:\/\/api.w.org\/{rel}","templated":true}]}}