{"id":125757,"date":"2018-01-04T00:29:27","date_gmt":"2018-01-04T02:29:27","guid":{"rendered":"http:\/\/aconteceunovale.com.br\/portal\/?p=125757"},"modified":"2018-01-04T00:29:27","modified_gmt":"2018-01-04T02:29:27","slug":"suspeito-de-envolvimento-em-chacina-no-sul-da-bahia-e-preso-em-minas","status":"publish","type":"post","link":"https:\/\/aconteceunovale.com.br\/portal\/?p=125757","title":{"rendered":"Suspeito de envolvimento em chacina no Sul da Bahia \u00e9 preso em Minas"},"content":{"rendered":"<p>Um homem de 25 anos foi preso sob suspeita de envolvimento no qu\u00edntuplo homic\u00eddio ocorrido na cidade de Maiquinique, regi\u00e3o Sul da Bahia, em julho de 2017. Segundo informa\u00e7\u00f5es da Pol\u00edcia Civil, Maicon Campos Oliveira foi localizado na ter\u00e7a-feira (2), na cidade mineira de Nova Lima, onde foi cumprido o mandado de pris\u00e3o expedido pela Justi\u00e7a baiana.<\/p>\n<p>A pris\u00e3o de Maicon se deu como resultado de uma a\u00e7\u00e3o integrada das pol\u00edcias civil da Bahia e de Minas Gerais. Conhecido como &#8220;Maiquinho&#8221;, o homem era investigado pela 21\u00aa Coordenadoria Regional de Pol\u00edcia do Interior (Coorpin), com sede em Itapetinga (BA), que descobriu o paradeiro do foragido.<\/p>\n<p>De acordo com a Pol\u00edcia Civil baiana, a Maicon s\u00e3o atribu\u00eddos, no m\u00ednimo, oito homic\u00eddios nos munic\u00edpios de Itapetinga e Maiquinique. Durante a abordagem em Nova Lima, a princ\u00edpio, ele se identificou como sendo Rafael, mas posteriormente acabou confessando o verdadeiro nome.<\/p>\n<p><img decoding=\"async\" src=\"http:\/\/aconteceunovale.com.br\/portal\/wp-content\/uploads\/2018\/01\/preso_ba_mg.jpg\" alt=\"\" \/><em>Maicon Oliveira \u00e9 suspeito de envolvimento na chacina (Foto: Divulga\u00e7\u00e3o\/PC)<\/em><br \/>\n<\/br><\/p>\n<p><strong>VER PRIMEIRO<\/strong><\/p>\n<p>Receba as not\u00edcias do Aconteceu no Vale em primeira m\u00e3o. Clique em curtir no endere\u00e7o <a href=\"https:\/\/www.facebook.com\/aconteceunovale\" target=\"_blank\"><font color=\"red\">www.facebook.com\/aconteceunovale<\/font><\/a> ou no box abaixo:<\/p>\n<div class=\"fb-like\" data-href=\"https:\/\/www.facebook.com\/aconteceunovale\" data-width=\"120\" data-layout=\"standard\" data-action=\"like\" data-size=\"small\" data-show-faces=\"true\" data-share=\"true\"><\/div>\n<p><\/br><\/p>\n<p><em>(Fonte: G1 Bahia)<\/em><\/p>\n","protected":false},"excerpt":{"rendered":"<p>Um homem de 25 anos foi preso sob suspeita de envolvimento no qu\u00edntuplo homic\u00eddio ocorrido na cidade de Maiquinique, regi\u00e3o Sul da Bahia, em julho de 2017. Segundo informa\u00e7\u00f5es da Pol\u00edcia Civil, Maicon Campos Oliveira foi localizado na ter\u00e7a-feira (2), na cidade mineira de Nova Lima, onde foi cumprido o mandado de pris\u00e3o expedido pela [&hellip;]<\/p>\n","protected":false},"author":1,"featured_media":125758,"comment_status":"open","ping_status":"closed","sticky":false,"template":"","format":"standard","meta":{"amp_status":"","footnotes":""},"categories":[123],"tags":[166565,166566,157590,166564,166563,114254,1496,166567],"class_list":["post-125757","post","type-post","status-publish","format-standard","has-post-thumbnail","hentry","category-gerais","tag-chacina-em-maiquinique","tag-homicidios-em-maiquinique","tag-itapetinga","tag-maicon-campos-oliveira","tag-maicon-campos-oliveira-e-suspeito-de-envolvimento-na-chacina","tag-maiquinique","tag-nova-lima","tag-suspeito-de-envolvimento-em-chacina-no-sul-da-bahia-e-preso-em-minas"],"yoast_head":"<!-- This site is optimized with the Yoast SEO plugin v28.3 - https:\/\/yoast.com\/product\/yoast-seo-wordpress\/ -->\n<title>Suspeito de envolvimento em chacina no Sul da Bahia \u00e9 preso em Minas - Aconteceu no Vale<\/title>\n<meta name=\"robots\" content=\"index, follow, max-snippet:-1, max-image-preview:large, max-video-preview:-1\" \/>\n<link rel=\"canonical\" href=\"https:\/\/aconteceunovale.com.br\/portal\/?p=125757\" \/>\n<meta property=\"og:locale\" content=\"pt_BR\" \/>\n<meta property=\"og:type\" content=\"article\" \/>\n<meta property=\"og:title\" content=\"Suspeito de envolvimento em chacina no Sul da Bahia \u00e9 preso em Minas - Aconteceu no Vale\" \/>\n<meta property=\"og:description\" content=\"Um homem de 25 anos foi preso sob suspeita de envolvimento no qu\u00edntuplo homic\u00eddio ocorrido na cidade de Maiquinique, regi\u00e3o Sul da Bahia, em julho de 2017. Segundo informa\u00e7\u00f5es da Pol\u00edcia Civil, Maicon Campos Oliveira foi localizado na ter\u00e7a-feira (2), na cidade mineira de Nova Lima, onde foi cumprido o mandado de pris\u00e3o expedido pela [&hellip;]\" \/>\n<meta property=\"og:url\" content=\"https:\/\/aconteceunovale.com.br\/portal\/?p=125757\" \/>\n<meta property=\"og:site_name\" content=\"Aconteceu no Vale\" \/>\n<meta property=\"article:publisher\" content=\"https:\/\/www.facebook.com\/aconteceunovale\/\" \/>\n<meta property=\"article:published_time\" content=\"2018-01-04T02:29:27+00:00\" \/>\n<meta property=\"og:image\" content=\"https:\/\/aconteceunovale.com.br\/portal\/wp-content\/uploads\/2018\/01\/preso_ba_mg.jpg\" \/>\n\t<meta property=\"og:image:width\" content=\"518\" \/>\n\t<meta property=\"og:image:height\" content=\"450\" \/>\n\t<meta property=\"og:image:type\" content=\"image\/jpeg\" \/>\n<meta name=\"author\" content=\"Aconteceu no Vale\" \/>\n<meta name=\"twitter:card\" content=\"summary_large_image\" \/>\n<meta name=\"twitter:creator\" content=\"@noticiadosvales\" \/>\n<meta name=\"twitter:site\" content=\"@noticiadosvales\" \/>\n<meta name=\"twitter:label1\" content=\"Escrito por\" \/>\n\t<meta name=\"twitter:data1\" content=\"Aconteceu no Vale\" \/>\n\t<meta name=\"twitter:label2\" content=\"Est. tempo de leitura\" \/>\n\t<meta name=\"twitter:data2\" content=\"1 minuto\" \/>\n<script type=\"application\/ld+json\" class=\"yoast-schema-graph\">{\"@context\":\"https:\\\/\\\/schema.org\",\"@graph\":[{\"@type\":\"Article\",\"@id\":\"https:\\\/\\\/aconteceunovale.com.br\\\/portal\\\/?p=125757#article\",\"isPartOf\":{\"@id\":\"https:\\\/\\\/aconteceunovale.com.br\\\/portal\\\/?p=125757\"},\"author\":{\"name\":\"Aconteceu no Vale\",\"@id\":\"https:\\\/\\\/aconteceunovale.com.br\\\/portal\\\/#\\\/schema\\\/person\\\/633529146f2c94272bef50ac2953d589\"},\"headline\":\"Suspeito de envolvimento em chacina no Sul da Bahia \u00e9 preso em Minas\",\"datePublished\":\"2018-01-04T02:29:27+00:00\",\"mainEntityOfPage\":{\"@id\":\"https:\\\/\\\/aconteceunovale.com.br\\\/portal\\\/?p=125757\"},\"wordCount\":216,\"commentCount\":0,\"image\":{\"@id\":\"https:\\\/\\\/aconteceunovale.com.br\\\/portal\\\/?p=125757#primaryimage\"},\"thumbnailUrl\":\"https:\\\/\\\/aconteceunovale.com.br\\\/portal\\\/wp-content\\\/uploads\\\/2018\\\/01\\\/preso_ba_mg.jpg\",\"keywords\":[\"Chacina em Maiquinique\",\"Homic\u00eddios em Maiquinique\",\"Itapetinga\",\"Maicon Campos Oliveira\",\"Maicon Campos Oliveira \u00e9 suspeito de envolvimento na chacina\",\"Maiquinique\",\"Nova Lima\",\"Suspeito de envolvimento em chacina no Sul da Bahia \u00e9 preso em Minas\"],\"articleSection\":[\"Minas Gerais\"],\"inLanguage\":\"pt-BR\",\"potentialAction\":[{\"@type\":\"CommentAction\",\"name\":\"Comment\",\"target\":[\"https:\\\/\\\/aconteceunovale.com.br\\\/portal\\\/?p=125757#respond\"]}]},{\"@type\":\"WebPage\",\"@id\":\"https:\\\/\\\/aconteceunovale.com.br\\\/portal\\\/?p=125757\",\"url\":\"https:\\\/\\\/aconteceunovale.com.br\\\/portal\\\/?p=125757\",\"name\":\"Suspeito de envolvimento em chacina no Sul da Bahia \u00e9 preso em Minas - Aconteceu no Vale\",\"isPartOf\":{\"@id\":\"https:\\\/\\\/aconteceunovale.com.br\\\/portal\\\/#website\"},\"primaryImageOfPage\":{\"@id\":\"https:\\\/\\\/aconteceunovale.com.br\\\/portal\\\/?p=125757#primaryimage\"},\"image\":{\"@id\":\"https:\\\/\\\/aconteceunovale.com.br\\\/portal\\\/?p=125757#primaryimage\"},\"thumbnailUrl\":\"https:\\\/\\\/aconteceunovale.com.br\\\/portal\\\/wp-content\\\/uploads\\\/2018\\\/01\\\/preso_ba_mg.jpg\",\"datePublished\":\"2018-01-04T02:29:27+00:00\",\"author\":{\"@id\":\"https:\\\/\\\/aconteceunovale.com.br\\\/portal\\\/#\\\/schema\\\/person\\\/633529146f2c94272bef50ac2953d589\"},\"breadcrumb\":{\"@id\":\"https:\\\/\\\/aconteceunovale.com.br\\\/portal\\\/?p=125757#breadcrumb\"},\"inLanguage\":\"pt-BR\",\"potentialAction\":[{\"@type\":\"ReadAction\",\"target\":[\"https:\\\/\\\/aconteceunovale.com.br\\\/portal\\\/?p=125757\"]}]},{\"@type\":\"ImageObject\",\"inLanguage\":\"pt-BR\",\"@id\":\"https:\\\/\\\/aconteceunovale.com.br\\\/portal\\\/?p=125757#primaryimage\",\"url\":\"https:\\\/\\\/aconteceunovale.com.br\\\/portal\\\/wp-content\\\/uploads\\\/2018\\\/01\\\/preso_ba_mg.jpg\",\"contentUrl\":\"https:\\\/\\\/aconteceunovale.com.br\\\/portal\\\/wp-content\\\/uploads\\\/2018\\\/01\\\/preso_ba_mg.jpg\",\"width\":518,\"height\":450},{\"@type\":\"BreadcrumbList\",\"@id\":\"https:\\\/\\\/aconteceunovale.com.br\\\/portal\\\/?p=125757#breadcrumb\",\"itemListElement\":[{\"@type\":\"ListItem\",\"position\":1,\"name\":\"In\u00edcio\",\"item\":\"https:\\\/\\\/aconteceunovale.com.br\\\/portal\\\/\"},{\"@type\":\"ListItem\",\"position\":2,\"name\":\"Suspeito de envolvimento em chacina no Sul da Bahia \u00e9 preso em Minas\"}]},{\"@type\":\"WebSite\",\"@id\":\"https:\\\/\\\/aconteceunovale.com.br\\\/portal\\\/#website\",\"url\":\"https:\\\/\\\/aconteceunovale.com.br\\\/portal\\\/\",\"name\":\"Aconteceu no Vale\",\"description\":\"Portal de Not\u00edcias\",\"potentialAction\":[{\"@type\":\"SearchAction\",\"target\":{\"@type\":\"EntryPoint\",\"urlTemplate\":\"https:\\\/\\\/aconteceunovale.com.br\\\/portal\\\/?s={search_term_string}\"},\"query-input\":{\"@type\":\"PropertyValueSpecification\",\"valueRequired\":true,\"valueName\":\"search_term_string\"}}],\"inLanguage\":\"pt-BR\"},{\"@type\":\"Person\",\"@id\":\"https:\\\/\\\/aconteceunovale.com.br\\\/portal\\\/#\\\/schema\\\/person\\\/633529146f2c94272bef50ac2953d589\",\"name\":\"Aconteceu no Vale\",\"description\":\"Equipe de reportagem do Aconteceu no Vale, portal de not\u00edcias do Vale do Jequitinhonha, em Minas Gerais. Cobrimos as 51 cidades do Vale desde 2013. Sugest\u00f5es de pauta e pedidos de corre\u00e7\u00e3o: contato@aconteceunovale.com.br\",\"sameAs\":[\"http:\\\/\\\/www.aconteceunovale.com.br\"],\"url\":\"https:\\\/\\\/aconteceunovale.com.br\\\/portal\\\/?author=1\"}]}<\/script>\n<!-- \/ Yoast SEO plugin. -->","yoast_head_json":{"title":"Suspeito de envolvimento em chacina no Sul da Bahia \u00e9 preso em Minas - Aconteceu no Vale","robots":{"index":"index","follow":"follow","max-snippet":"max-snippet:-1","max-image-preview":"max-image-preview:large","max-video-preview":"max-video-preview:-1"},"canonical":"https:\/\/aconteceunovale.com.br\/portal\/?p=125757","og_locale":"pt_BR","og_type":"article","og_title":"Suspeito de envolvimento em chacina no Sul da Bahia \u00e9 preso em Minas - Aconteceu no Vale","og_description":"Um homem de 25 anos foi preso sob suspeita de envolvimento no qu\u00edntuplo homic\u00eddio ocorrido na cidade de Maiquinique, regi\u00e3o Sul da Bahia, em julho de 2017. Segundo informa\u00e7\u00f5es da Pol\u00edcia Civil, Maicon Campos Oliveira foi localizado na ter\u00e7a-feira (2), na cidade mineira de Nova Lima, onde foi cumprido o mandado de pris\u00e3o expedido pela [&hellip;]","og_url":"https:\/\/aconteceunovale.com.br\/portal\/?p=125757","og_site_name":"Aconteceu no Vale","article_publisher":"https:\/\/www.facebook.com\/aconteceunovale\/","article_published_time":"2018-01-04T02:29:27+00:00","og_image":[{"width":518,"height":450,"url":"https:\/\/aconteceunovale.com.br\/portal\/wp-content\/uploads\/2018\/01\/preso_ba_mg.jpg","type":"image\/jpeg"}],"author":"Aconteceu no Vale","twitter_card":"summary_large_image","twitter_creator":"@noticiadosvales","twitter_site":"@noticiadosvales","twitter_misc":{"Escrito por":"Aconteceu no Vale","Est. tempo de leitura":"1 minuto"},"schema":{"@context":"https:\/\/schema.org","@graph":[{"@type":"Article","@id":"https:\/\/aconteceunovale.com.br\/portal\/?p=125757#article","isPartOf":{"@id":"https:\/\/aconteceunovale.com.br\/portal\/?p=125757"},"author":{"name":"Aconteceu no Vale","@id":"https:\/\/aconteceunovale.com.br\/portal\/#\/schema\/person\/633529146f2c94272bef50ac2953d589"},"headline":"Suspeito de envolvimento em chacina no Sul da Bahia \u00e9 preso em Minas","datePublished":"2018-01-04T02:29:27+00:00","mainEntityOfPage":{"@id":"https:\/\/aconteceunovale.com.br\/portal\/?p=125757"},"wordCount":216,"commentCount":0,"image":{"@id":"https:\/\/aconteceunovale.com.br\/portal\/?p=125757#primaryimage"},"thumbnailUrl":"https:\/\/aconteceunovale.com.br\/portal\/wp-content\/uploads\/2018\/01\/preso_ba_mg.jpg","keywords":["Chacina em Maiquinique","Homic\u00eddios em Maiquinique","Itapetinga","Maicon Campos Oliveira","Maicon Campos Oliveira \u00e9 suspeito de envolvimento na chacina","Maiquinique","Nova Lima","Suspeito de envolvimento em chacina no Sul da Bahia \u00e9 preso em Minas"],"articleSection":["Minas Gerais"],"inLanguage":"pt-BR","potentialAction":[{"@type":"CommentAction","name":"Comment","target":["https:\/\/aconteceunovale.com.br\/portal\/?p=125757#respond"]}]},{"@type":"WebPage","@id":"https:\/\/aconteceunovale.com.br\/portal\/?p=125757","url":"https:\/\/aconteceunovale.com.br\/portal\/?p=125757","name":"Suspeito de envolvimento em chacina no Sul da Bahia \u00e9 preso em Minas - Aconteceu no Vale","isPartOf":{"@id":"https:\/\/aconteceunovale.com.br\/portal\/#website"},"primaryImageOfPage":{"@id":"https:\/\/aconteceunovale.com.br\/portal\/?p=125757#primaryimage"},"image":{"@id":"https:\/\/aconteceunovale.com.br\/portal\/?p=125757#primaryimage"},"thumbnailUrl":"https:\/\/aconteceunovale.com.br\/portal\/wp-content\/uploads\/2018\/01\/preso_ba_mg.jpg","datePublished":"2018-01-04T02:29:27+00:00","author":{"@id":"https:\/\/aconteceunovale.com.br\/portal\/#\/schema\/person\/633529146f2c94272bef50ac2953d589"},"breadcrumb":{"@id":"https:\/\/aconteceunovale.com.br\/portal\/?p=125757#breadcrumb"},"inLanguage":"pt-BR","potentialAction":[{"@type":"ReadAction","target":["https:\/\/aconteceunovale.com.br\/portal\/?p=125757"]}]},{"@type":"ImageObject","inLanguage":"pt-BR","@id":"https:\/\/aconteceunovale.com.br\/portal\/?p=125757#primaryimage","url":"https:\/\/aconteceunovale.com.br\/portal\/wp-content\/uploads\/2018\/01\/preso_ba_mg.jpg","contentUrl":"https:\/\/aconteceunovale.com.br\/portal\/wp-content\/uploads\/2018\/01\/preso_ba_mg.jpg","width":518,"height":450},{"@type":"BreadcrumbList","@id":"https:\/\/aconteceunovale.com.br\/portal\/?p=125757#breadcrumb","itemListElement":[{"@type":"ListItem","position":1,"name":"In\u00edcio","item":"https:\/\/aconteceunovale.com.br\/portal\/"},{"@type":"ListItem","position":2,"name":"Suspeito de envolvimento em chacina no Sul da Bahia \u00e9 preso em Minas"}]},{"@type":"WebSite","@id":"https:\/\/aconteceunovale.com.br\/portal\/#website","url":"https:\/\/aconteceunovale.com.br\/portal\/","name":"Aconteceu no Vale","description":"Portal de Not\u00edcias","potentialAction":[{"@type":"SearchAction","target":{"@type":"EntryPoint","urlTemplate":"https:\/\/aconteceunovale.com.br\/portal\/?s={search_term_string}"},"query-input":{"@type":"PropertyValueSpecification","valueRequired":true,"valueName":"search_term_string"}}],"inLanguage":"pt-BR"},{"@type":"Person","@id":"https:\/\/aconteceunovale.com.br\/portal\/#\/schema\/person\/633529146f2c94272bef50ac2953d589","name":"Aconteceu no Vale","description":"Equipe de reportagem do Aconteceu no Vale, portal de not\u00edcias do Vale do Jequitinhonha, em Minas Gerais. Cobrimos as 51 cidades do Vale desde 2013. Sugest\u00f5es de pauta e pedidos de corre\u00e7\u00e3o: contato@aconteceunovale.com.br","sameAs":["http:\/\/www.aconteceunovale.com.br"],"url":"https:\/\/aconteceunovale.com.br\/portal\/?author=1"}]}},"_links":{"self":[{"href":"https:\/\/aconteceunovale.com.br\/portal\/index.php?rest_route=\/wp\/v2\/posts\/125757","targetHints":{"allow":["GET"]}}],"collection":[{"href":"https:\/\/aconteceunovale.com.br\/portal\/index.php?rest_route=\/wp\/v2\/posts"}],"about":[{"href":"https:\/\/aconteceunovale.com.br\/portal\/index.php?rest_route=\/wp\/v2\/types\/post"}],"author":[{"embeddable":true,"href":"https:\/\/aconteceunovale.com.br\/portal\/index.php?rest_route=\/wp\/v2\/users\/1"}],"replies":[{"embeddable":true,"href":"https:\/\/aconteceunovale.com.br\/portal\/index.php?rest_route=%2Fwp%2Fv2%2Fcomments&post=125757"}],"version-history":[{"count":0,"href":"https:\/\/aconteceunovale.com.br\/portal\/index.php?rest_route=\/wp\/v2\/posts\/125757\/revisions"}],"wp:featuredmedia":[{"embeddable":true,"href":"https:\/\/aconteceunovale.com.br\/portal\/index.php?rest_route=\/wp\/v2\/media\/125758"}],"wp:attachment":[{"href":"https:\/\/aconteceunovale.com.br\/portal\/index.php?rest_route=%2Fwp%2Fv2%2Fmedia&parent=125757"}],"wp:term":[{"taxonomy":"category","embeddable":true,"href":"https:\/\/aconteceunovale.com.br\/portal\/index.php?rest_route=%2Fwp%2Fv2%2Fcategories&post=125757"},{"taxonomy":"post_tag","embeddable":true,"href":"https:\/\/aconteceunovale.com.br\/portal\/index.php?rest_route=%2Fwp%2Fv2%2Ftags&post=125757"}],"curies":[{"name":"wp","href":"https:\/\/api.w.org\/{rel}","templated":true}]}}