{"id":125755,"date":"2018-01-04T00:05:43","date_gmt":"2018-01-04T02:05:43","guid":{"rendered":"http:\/\/aconteceunovale.com.br\/portal\/?p=125755"},"modified":"2018-01-04T00:05:43","modified_gmt":"2018-01-04T02:05:43","slug":"passagens-de-onibus-ficarao-mais-caras-em-governador-valadares","status":"publish","type":"post","link":"https:\/\/aconteceunovale.com.br\/portal\/?p=125755","title":{"rendered":"Passagens de \u00f4nibus ficar\u00e3o mais caras em Governador Valadares"},"content":{"rendered":"<p>O valor da tarifa do transporte coletivo urbano de Governador Valadares ser\u00e1 reajustado na pr\u00f3xima ter\u00e7a-feira (10\/01\/2018). O aumento foi comunicado pela prefeitura na noite dessa ter\u00e7a-feira (2) e a passagem vai passar a custar R$ 3,75 para pagamentos com cart\u00e3o eletr\u00f4nico e R$ 3,90 para os realizados em dinheiro.<\/p>\n<p>O pre\u00e7o atual da passagem \u00e9 de R$ 3,60, representando um aumento de R$ 4,16% nas passagens compradas pelo cart\u00e3o e 8,3 % nas compradas em dinheiro. De acordo com a Prefeitura, a diferencia\u00e7\u00e3o de pre\u00e7os est\u00e1 prevista no contrato firmado com o munic\u00edpio em dezembro que 2012 e que tem vig\u00eancia at\u00e9 2032.<\/p>\n<p>A justificativa apresentada para a diferencia\u00e7\u00e3o de tarifas \u00e9 de que a maioria da popula\u00e7\u00e3o utiliza o cart\u00e3o, representando mais agilidade no servi\u00e7o e seguran\u00e7a para a coletividade ao diminuir a circula\u00e7\u00e3o de dinheiro nos ve\u00edculos.<\/p>\n<p>De acordo com a Empresa Valadarense de Transporte, respons\u00e1vel pelo servi\u00e7o, o reajuste \u00e9 motivado por aumentos nos pre\u00e7os dos combust\u00edveis, pe\u00e7as industriais e dos sal\u00e1rios. Tamb\u00e9m est\u00e1 previsto aumento de 4,17% no valor das passagens dos \u00f4nibus distritais.<\/p>\n<p>Como contrapartida da concess\u00e3o do aumento, a Prefeitura de Governador Valadares informou que exigiu renova\u00e7\u00e3o de 20% da frota, medida que come\u00e7a a ser cumprida na pr\u00f3xima semana. Tamb\u00e9m foi exigida a abertura de mais postos de atendimento para compra e recarga dos cart\u00f5es eletr\u00f4nicos. Al\u00e9m disso, a prefeitura tamb\u00e9m determinou que pelo menos 10% da frota de \u00f4nibus tenha ar-condicionado at\u00e9 2019.<\/p>\n<p><strong>VER PRIMEIRO<\/strong><\/p>\n<p>Receba as not\u00edcias do Aconteceu no Vale em primeira m\u00e3o. Clique em curtir no endere\u00e7o <a href=\"https:\/\/www.facebook.com\/aconteceunovale\" target=\"_blank\"><font color=\"red\">www.facebook.com\/aconteceunovale<\/font><\/a> ou no box abaixo:<\/p>\n<div class=\"fb-like\" data-href=\"https:\/\/www.facebook.com\/aconteceunovale\" data-width=\"120\" data-layout=\"standard\" data-action=\"like\" data-size=\"small\" data-show-faces=\"true\" data-share=\"true\"><\/div>\n<p><\/br><\/p>\n<p><em>(Fonte: G1 Vales)<\/em><\/p>\n","protected":false},"excerpt":{"rendered":"<p>O valor da tarifa do transporte coletivo urbano de Governador Valadares ser\u00e1 reajustado na pr\u00f3xima ter\u00e7a-feira (10\/01\/2018). O aumento foi comunicado pela prefeitura na noite dessa ter\u00e7a-feira (2) e a passagem vai passar a custar R$ 3,75 para pagamentos com cart\u00e3o eletr\u00f4nico e R$ 3,90 para os realizados em dinheiro. O pre\u00e7o atual da passagem [&hellip;]<\/p>\n","protected":false},"author":1,"featured_media":88099,"comment_status":"open","ping_status":"closed","sticky":false,"template":"","format":"standard","meta":{"amp_status":"","footnotes":""},"categories":[121],"tags":[2985,166561,247,33013,166562,166560,166559,166558],"class_list":["post-125755","post","type-post","status-publish","format-standard","has-post-thumbnail","hentry","category-leste","tag-aumento-passagem-de-onibus-em-governador-valadares","tag-empresa-valadarense-de-transporte","tag-governador-valadares","tag-passagem-de-onibus-em-governador-valadares","tag-passagens-de-onibus-ficarao-mais-caras-em-governador-valadares","tag-reajuste-passagem-de-onibus-em-governador-valadares","tag-tarifa-do-transporte-coletivo-urbano-de-governador-valadares","tag-valor-da-tarifa-do-transporte-coletivo-urbano-de-governador-valadares"],"yoast_head":"<!-- This site is optimized with the Yoast SEO plugin v28.3 - https:\/\/yoast.com\/product\/yoast-seo-wordpress\/ -->\n<title>Passagens de \u00f4nibus ficar\u00e3o mais caras em Governador Valadares - Aconteceu no Vale<\/title>\n<meta name=\"robots\" content=\"index, follow, max-snippet:-1, max-image-preview:large, max-video-preview:-1\" \/>\n<link rel=\"canonical\" href=\"https:\/\/aconteceunovale.com.br\/portal\/?p=125755\" \/>\n<meta property=\"og:locale\" content=\"pt_BR\" \/>\n<meta property=\"og:type\" content=\"article\" \/>\n<meta property=\"og:title\" content=\"Passagens de \u00f4nibus ficar\u00e3o mais caras em Governador Valadares - Aconteceu no Vale\" \/>\n<meta property=\"og:description\" content=\"O valor da tarifa do transporte coletivo urbano de Governador Valadares ser\u00e1 reajustado na pr\u00f3xima ter\u00e7a-feira (10\/01\/2018). O aumento foi comunicado pela prefeitura na noite dessa ter\u00e7a-feira (2) e a passagem vai passar a custar R$ 3,75 para pagamentos com cart\u00e3o eletr\u00f4nico e R$ 3,90 para os realizados em dinheiro. O pre\u00e7o atual da passagem [&hellip;]\" \/>\n<meta property=\"og:url\" content=\"https:\/\/aconteceunovale.com.br\/portal\/?p=125755\" \/>\n<meta property=\"og:site_name\" content=\"Aconteceu no Vale\" \/>\n<meta property=\"article:publisher\" content=\"https:\/\/www.facebook.com\/aconteceunovale\/\" \/>\n<meta property=\"article:published_time\" content=\"2018-01-04T02:05:43+00:00\" \/>\n<meta property=\"og:image\" content=\"https:\/\/aconteceunovale.com.br\/portal\/wp-content\/uploads\/2016\/05\/valadarense.jpg\" \/>\n\t<meta property=\"og:image:width\" content=\"678\" \/>\n\t<meta property=\"og:image:height\" content=\"450\" \/>\n\t<meta property=\"og:image:type\" content=\"image\/jpeg\" \/>\n<meta name=\"author\" content=\"Aconteceu no Vale\" \/>\n<meta name=\"twitter:card\" content=\"summary_large_image\" \/>\n<meta name=\"twitter:creator\" content=\"@noticiadosvales\" \/>\n<meta name=\"twitter:site\" content=\"@noticiadosvales\" \/>\n<meta name=\"twitter:label1\" content=\"Escrito por\" \/>\n\t<meta name=\"twitter:data1\" content=\"Aconteceu no Vale\" \/>\n\t<meta name=\"twitter:label2\" content=\"Est. tempo de leitura\" \/>\n\t<meta name=\"twitter:data2\" content=\"1 minuto\" \/>\n<script type=\"application\/ld+json\" class=\"yoast-schema-graph\">{\"@context\":\"https:\\\/\\\/schema.org\",\"@graph\":[{\"@type\":\"Article\",\"@id\":\"https:\\\/\\\/aconteceunovale.com.br\\\/portal\\\/?p=125755#article\",\"isPartOf\":{\"@id\":\"https:\\\/\\\/aconteceunovale.com.br\\\/portal\\\/?p=125755\"},\"author\":{\"name\":\"Aconteceu no Vale\",\"@id\":\"https:\\\/\\\/aconteceunovale.com.br\\\/portal\\\/#\\\/schema\\\/person\\\/633529146f2c94272bef50ac2953d589\"},\"headline\":\"Passagens de \u00f4nibus ficar\u00e3o mais caras em Governador Valadares\",\"datePublished\":\"2018-01-04T02:05:43+00:00\",\"mainEntityOfPage\":{\"@id\":\"https:\\\/\\\/aconteceunovale.com.br\\\/portal\\\/?p=125755\"},\"wordCount\":300,\"commentCount\":0,\"image\":{\"@id\":\"https:\\\/\\\/aconteceunovale.com.br\\\/portal\\\/?p=125755#primaryimage\"},\"thumbnailUrl\":\"https:\\\/\\\/aconteceunovale.com.br\\\/portal\\\/wp-content\\\/uploads\\\/2016\\\/05\\\/valadarense.jpg\",\"keywords\":[\"Aumento passagem de onibus em governador valadares\",\"Empresa Valadarense de Transporte\",\"Governador Valadares\",\"passagem de \u00f4nibus em Governador Valadares\",\"Passagens de \u00f4nibus ficar\u00e3o mais caras em Governador Valadares\",\"Reajuste Passagem de \u00f4nibus em Governador Valadares\",\"Tarifa do transporte coletivo urbano de Governador Valadares\",\"Valor da tarifa do transporte coletivo urbano de Governador Valadares\"],\"articleSection\":[\"Leste de Minas\"],\"inLanguage\":\"pt-BR\",\"potentialAction\":[{\"@type\":\"CommentAction\",\"name\":\"Comment\",\"target\":[\"https:\\\/\\\/aconteceunovale.com.br\\\/portal\\\/?p=125755#respond\"]}]},{\"@type\":\"WebPage\",\"@id\":\"https:\\\/\\\/aconteceunovale.com.br\\\/portal\\\/?p=125755\",\"url\":\"https:\\\/\\\/aconteceunovale.com.br\\\/portal\\\/?p=125755\",\"name\":\"Passagens de \u00f4nibus ficar\u00e3o mais caras em Governador Valadares - Aconteceu no Vale\",\"isPartOf\":{\"@id\":\"https:\\\/\\\/aconteceunovale.com.br\\\/portal\\\/#website\"},\"primaryImageOfPage\":{\"@id\":\"https:\\\/\\\/aconteceunovale.com.br\\\/portal\\\/?p=125755#primaryimage\"},\"image\":{\"@id\":\"https:\\\/\\\/aconteceunovale.com.br\\\/portal\\\/?p=125755#primaryimage\"},\"thumbnailUrl\":\"https:\\\/\\\/aconteceunovale.com.br\\\/portal\\\/wp-content\\\/uploads\\\/2016\\\/05\\\/valadarense.jpg\",\"datePublished\":\"2018-01-04T02:05:43+00:00\",\"author\":{\"@id\":\"https:\\\/\\\/aconteceunovale.com.br\\\/portal\\\/#\\\/schema\\\/person\\\/633529146f2c94272bef50ac2953d589\"},\"breadcrumb\":{\"@id\":\"https:\\\/\\\/aconteceunovale.com.br\\\/portal\\\/?p=125755#breadcrumb\"},\"inLanguage\":\"pt-BR\",\"potentialAction\":[{\"@type\":\"ReadAction\",\"target\":[\"https:\\\/\\\/aconteceunovale.com.br\\\/portal\\\/?p=125755\"]}]},{\"@type\":\"ImageObject\",\"inLanguage\":\"pt-BR\",\"@id\":\"https:\\\/\\\/aconteceunovale.com.br\\\/portal\\\/?p=125755#primaryimage\",\"url\":\"https:\\\/\\\/aconteceunovale.com.br\\\/portal\\\/wp-content\\\/uploads\\\/2016\\\/05\\\/valadarense.jpg\",\"contentUrl\":\"https:\\\/\\\/aconteceunovale.com.br\\\/portal\\\/wp-content\\\/uploads\\\/2016\\\/05\\\/valadarense.jpg\",\"width\":678,\"height\":450},{\"@type\":\"BreadcrumbList\",\"@id\":\"https:\\\/\\\/aconteceunovale.com.br\\\/portal\\\/?p=125755#breadcrumb\",\"itemListElement\":[{\"@type\":\"ListItem\",\"position\":1,\"name\":\"In\u00edcio\",\"item\":\"https:\\\/\\\/aconteceunovale.com.br\\\/portal\\\/\"},{\"@type\":\"ListItem\",\"position\":2,\"name\":\"Passagens de \u00f4nibus ficar\u00e3o mais caras em Governador Valadares\"}]},{\"@type\":\"WebSite\",\"@id\":\"https:\\\/\\\/aconteceunovale.com.br\\\/portal\\\/#website\",\"url\":\"https:\\\/\\\/aconteceunovale.com.br\\\/portal\\\/\",\"name\":\"Aconteceu no Vale\",\"description\":\"Portal de Not\u00edcias\",\"potentialAction\":[{\"@type\":\"SearchAction\",\"target\":{\"@type\":\"EntryPoint\",\"urlTemplate\":\"https:\\\/\\\/aconteceunovale.com.br\\\/portal\\\/?s={search_term_string}\"},\"query-input\":{\"@type\":\"PropertyValueSpecification\",\"valueRequired\":true,\"valueName\":\"search_term_string\"}}],\"inLanguage\":\"pt-BR\"},{\"@type\":\"Person\",\"@id\":\"https:\\\/\\\/aconteceunovale.com.br\\\/portal\\\/#\\\/schema\\\/person\\\/633529146f2c94272bef50ac2953d589\",\"name\":\"Aconteceu no Vale\",\"description\":\"Equipe de reportagem do Aconteceu no Vale, portal de not\u00edcias do Vale do Jequitinhonha, em Minas Gerais. Cobrimos as 51 cidades do Vale desde 2013. Sugest\u00f5es de pauta e pedidos de corre\u00e7\u00e3o: contato@aconteceunovale.com.br\",\"sameAs\":[\"http:\\\/\\\/www.aconteceunovale.com.br\"],\"url\":\"https:\\\/\\\/aconteceunovale.com.br\\\/portal\\\/?author=1\"}]}<\/script>\n<!-- \/ Yoast SEO plugin. -->","yoast_head_json":{"title":"Passagens de \u00f4nibus ficar\u00e3o mais caras em Governador Valadares - Aconteceu no Vale","robots":{"index":"index","follow":"follow","max-snippet":"max-snippet:-1","max-image-preview":"max-image-preview:large","max-video-preview":"max-video-preview:-1"},"canonical":"https:\/\/aconteceunovale.com.br\/portal\/?p=125755","og_locale":"pt_BR","og_type":"article","og_title":"Passagens de \u00f4nibus ficar\u00e3o mais caras em Governador Valadares - Aconteceu no Vale","og_description":"O valor da tarifa do transporte coletivo urbano de Governador Valadares ser\u00e1 reajustado na pr\u00f3xima ter\u00e7a-feira (10\/01\/2018). O aumento foi comunicado pela prefeitura na noite dessa ter\u00e7a-feira (2) e a passagem vai passar a custar R$ 3,75 para pagamentos com cart\u00e3o eletr\u00f4nico e R$ 3,90 para os realizados em dinheiro. O pre\u00e7o atual da passagem [&hellip;]","og_url":"https:\/\/aconteceunovale.com.br\/portal\/?p=125755","og_site_name":"Aconteceu no Vale","article_publisher":"https:\/\/www.facebook.com\/aconteceunovale\/","article_published_time":"2018-01-04T02:05:43+00:00","og_image":[{"width":678,"height":450,"url":"https:\/\/aconteceunovale.com.br\/portal\/wp-content\/uploads\/2016\/05\/valadarense.jpg","type":"image\/jpeg"}],"author":"Aconteceu no Vale","twitter_card":"summary_large_image","twitter_creator":"@noticiadosvales","twitter_site":"@noticiadosvales","twitter_misc":{"Escrito por":"Aconteceu no Vale","Est. tempo de leitura":"1 minuto"},"schema":{"@context":"https:\/\/schema.org","@graph":[{"@type":"Article","@id":"https:\/\/aconteceunovale.com.br\/portal\/?p=125755#article","isPartOf":{"@id":"https:\/\/aconteceunovale.com.br\/portal\/?p=125755"},"author":{"name":"Aconteceu no Vale","@id":"https:\/\/aconteceunovale.com.br\/portal\/#\/schema\/person\/633529146f2c94272bef50ac2953d589"},"headline":"Passagens de \u00f4nibus ficar\u00e3o mais caras em Governador Valadares","datePublished":"2018-01-04T02:05:43+00:00","mainEntityOfPage":{"@id":"https:\/\/aconteceunovale.com.br\/portal\/?p=125755"},"wordCount":300,"commentCount":0,"image":{"@id":"https:\/\/aconteceunovale.com.br\/portal\/?p=125755#primaryimage"},"thumbnailUrl":"https:\/\/aconteceunovale.com.br\/portal\/wp-content\/uploads\/2016\/05\/valadarense.jpg","keywords":["Aumento passagem de onibus em governador valadares","Empresa Valadarense de Transporte","Governador Valadares","passagem de \u00f4nibus em Governador Valadares","Passagens de \u00f4nibus ficar\u00e3o mais caras em Governador Valadares","Reajuste Passagem de \u00f4nibus em Governador Valadares","Tarifa do transporte coletivo urbano de Governador Valadares","Valor da tarifa do transporte coletivo urbano de Governador Valadares"],"articleSection":["Leste de Minas"],"inLanguage":"pt-BR","potentialAction":[{"@type":"CommentAction","name":"Comment","target":["https:\/\/aconteceunovale.com.br\/portal\/?p=125755#respond"]}]},{"@type":"WebPage","@id":"https:\/\/aconteceunovale.com.br\/portal\/?p=125755","url":"https:\/\/aconteceunovale.com.br\/portal\/?p=125755","name":"Passagens de \u00f4nibus ficar\u00e3o mais caras em Governador Valadares - Aconteceu no Vale","isPartOf":{"@id":"https:\/\/aconteceunovale.com.br\/portal\/#website"},"primaryImageOfPage":{"@id":"https:\/\/aconteceunovale.com.br\/portal\/?p=125755#primaryimage"},"image":{"@id":"https:\/\/aconteceunovale.com.br\/portal\/?p=125755#primaryimage"},"thumbnailUrl":"https:\/\/aconteceunovale.com.br\/portal\/wp-content\/uploads\/2016\/05\/valadarense.jpg","datePublished":"2018-01-04T02:05:43+00:00","author":{"@id":"https:\/\/aconteceunovale.com.br\/portal\/#\/schema\/person\/633529146f2c94272bef50ac2953d589"},"breadcrumb":{"@id":"https:\/\/aconteceunovale.com.br\/portal\/?p=125755#breadcrumb"},"inLanguage":"pt-BR","potentialAction":[{"@type":"ReadAction","target":["https:\/\/aconteceunovale.com.br\/portal\/?p=125755"]}]},{"@type":"ImageObject","inLanguage":"pt-BR","@id":"https:\/\/aconteceunovale.com.br\/portal\/?p=125755#primaryimage","url":"https:\/\/aconteceunovale.com.br\/portal\/wp-content\/uploads\/2016\/05\/valadarense.jpg","contentUrl":"https:\/\/aconteceunovale.com.br\/portal\/wp-content\/uploads\/2016\/05\/valadarense.jpg","width":678,"height":450},{"@type":"BreadcrumbList","@id":"https:\/\/aconteceunovale.com.br\/portal\/?p=125755#breadcrumb","itemListElement":[{"@type":"ListItem","position":1,"name":"In\u00edcio","item":"https:\/\/aconteceunovale.com.br\/portal\/"},{"@type":"ListItem","position":2,"name":"Passagens de \u00f4nibus ficar\u00e3o mais caras em Governador Valadares"}]},{"@type":"WebSite","@id":"https:\/\/aconteceunovale.com.br\/portal\/#website","url":"https:\/\/aconteceunovale.com.br\/portal\/","name":"Aconteceu no Vale","description":"Portal de Not\u00edcias","potentialAction":[{"@type":"SearchAction","target":{"@type":"EntryPoint","urlTemplate":"https:\/\/aconteceunovale.com.br\/portal\/?s={search_term_string}"},"query-input":{"@type":"PropertyValueSpecification","valueRequired":true,"valueName":"search_term_string"}}],"inLanguage":"pt-BR"},{"@type":"Person","@id":"https:\/\/aconteceunovale.com.br\/portal\/#\/schema\/person\/633529146f2c94272bef50ac2953d589","name":"Aconteceu no Vale","description":"Equipe de reportagem do Aconteceu no Vale, portal de not\u00edcias do Vale do Jequitinhonha, em Minas Gerais. Cobrimos as 51 cidades do Vale desde 2013. Sugest\u00f5es de pauta e pedidos de corre\u00e7\u00e3o: contato@aconteceunovale.com.br","sameAs":["http:\/\/www.aconteceunovale.com.br"],"url":"https:\/\/aconteceunovale.com.br\/portal\/?author=1"}]}},"_links":{"self":[{"href":"https:\/\/aconteceunovale.com.br\/portal\/index.php?rest_route=\/wp\/v2\/posts\/125755","targetHints":{"allow":["GET"]}}],"collection":[{"href":"https:\/\/aconteceunovale.com.br\/portal\/index.php?rest_route=\/wp\/v2\/posts"}],"about":[{"href":"https:\/\/aconteceunovale.com.br\/portal\/index.php?rest_route=\/wp\/v2\/types\/post"}],"author":[{"embeddable":true,"href":"https:\/\/aconteceunovale.com.br\/portal\/index.php?rest_route=\/wp\/v2\/users\/1"}],"replies":[{"embeddable":true,"href":"https:\/\/aconteceunovale.com.br\/portal\/index.php?rest_route=%2Fwp%2Fv2%2Fcomments&post=125755"}],"version-history":[{"count":0,"href":"https:\/\/aconteceunovale.com.br\/portal\/index.php?rest_route=\/wp\/v2\/posts\/125755\/revisions"}],"wp:featuredmedia":[{"embeddable":true,"href":"https:\/\/aconteceunovale.com.br\/portal\/index.php?rest_route=\/wp\/v2\/media\/88099"}],"wp:attachment":[{"href":"https:\/\/aconteceunovale.com.br\/portal\/index.php?rest_route=%2Fwp%2Fv2%2Fmedia&parent=125755"}],"wp:term":[{"taxonomy":"category","embeddable":true,"href":"https:\/\/aconteceunovale.com.br\/portal\/index.php?rest_route=%2Fwp%2Fv2%2Fcategories&post=125755"},{"taxonomy":"post_tag","embeddable":true,"href":"https:\/\/aconteceunovale.com.br\/portal\/index.php?rest_route=%2Fwp%2Fv2%2Ftags&post=125755"}],"curies":[{"name":"wp","href":"https:\/\/api.w.org\/{rel}","templated":true}]}}