{"id":125746,"date":"2018-01-03T23:14:02","date_gmt":"2018-01-04T01:14:02","guid":{"rendered":"http:\/\/aconteceunovale.com.br\/portal\/?p=125746"},"modified":"2026-09-02T12:14:41","modified_gmt":"2026-09-02T15:14:41","slug":"prefeito-de-aracuai-pede-licenca-do-cargo","status":"publish","type":"post","link":"https:\/\/aconteceunovale.com.br\/portal\/?p=125746","title":{"rendered":"Prefeito de Ara\u00e7ua\u00ed pede licen\u00e7a do cargo"},"content":{"rendered":"<p>A C\u00e2mara Municipal de Ara\u00e7ua\u00ed vai realizar sess\u00e3o extraordin\u00e1ria na pr\u00f3xima segunda-feira, dia 8 de janeiro de 2018, a partir das 9 da manh\u00e3, para discutir e votar um pedido de licen\u00e7a por um m\u00eas do prefeito Armando Paix\u00e3o (PT). A Lei Org\u00e2nica do munic\u00edpio permite que o prefeito se afaste do cargo 30 dias por ano.<\/p>\n<p>Na noite de domingo (24), antev\u00e9spera do Natal,  Armando Paix\u00e3o,  que \u00e9 m\u00e9dico, foi internado no hospital de Ara\u00e7ua\u00ed com crise hipertensiva e glicose alta. Dois dias depois, ele sofreu uma queda brusca de press\u00e3o. <\/p>\n<p>Por conta do quadro cl\u00ednico, ele foi transferido para o hospital Santa Ros\u00e1lia, em Te\u00f3filo Otoni, onde ficou internado. Ap\u00f3s passar por uma bateria de exames, o prefeito foi diagnosticado com  embolia  pulmonar.  Ele j\u00e1 recebeu alta m\u00e9dica e se encontra no munic\u00edpio.<\/p>\n<p>Durante o per\u00edodo de f\u00e9rias do prefeito, a vice Rita Capdeville  dever\u00e1 assumir a chefia do Executivo, de acordo com o artigo 57 da Lei Org\u00e2nica.  Atualmente  ela est\u00e1 respondendo pela Secretaria Municipal de Sa\u00fade.<\/p>\n<p><img decoding=\"async\" src=\"http:\/\/aconteceunovale.com.br\/portal\/wp-content\/uploads\/2018\/01\/armando_paixa.jpg\" alt=\"\" \/><em>Prefeito dever\u00e1 se licenciar do cargo por 30 dias (Foto: Gazeta de Ara\u00e7ua\u00ed)<\/em><br \/>\n<\/br><\/p>\n<p><strong>VER PRIMEIRO<\/strong><\/p>\n<p>Receba as not\u00edcias do Aconteceu no Vale em primeira m\u00e3o. Clique em curtir no endere\u00e7o <a href=\"https:\/\/www.facebook.com\/aconteceunovale\" target=\"_blank\"><font color=\"red\">www.facebook.com\/aconteceunovale<\/font><\/a> ou no box abaixo:<\/p>\n<div class=\"fb-like\" data-href=\"https:\/\/www.facebook.com\/aconteceunovale\" data-width=\"120\" data-layout=\"standard\" data-action=\"like\" data-size=\"small\" data-show-faces=\"true\" data-share=\"true\"><\/div>\n<p><\/br><\/p>\n<p><em>(Fonte: Gazeta de Ara\u00e7ua\u00ed)<\/em><\/p>\n","protected":false},"excerpt":{"rendered":"<p>A C\u00e2mara Municipal de Ara\u00e7ua\u00ed vai realizar sess\u00e3o extraordin\u00e1ria na pr\u00f3xima segunda-feira, dia 8 de janeiro de 2018, a partir das 9 da manh\u00e3, para discutir e votar um pedido de licen\u00e7a por um m\u00eas do prefeito Armando Paix\u00e3o (PT). A Lei Org\u00e2nica do munic\u00edpio permite que o prefeito se afaste do cargo 30 dias [&hellip;]<\/p>\n","protected":false},"author":1,"featured_media":125747,"comment_status":"open","ping_status":"closed","sticky":false,"template":"","format":"standard","meta":{"amp_status":"","footnotes":""},"categories":[272530,40240,120],"tags":[186,1385,165401,166552,166553,42982,166554,166551,152302,166550],"class_list":["post-125746","post","type-post","status-publish","format-standard","has-post-thumbnail","hentry","category-aracuai","category-politica","category-jequi","tag-aracuai","tag-armando-paixao","tag-camara-municipal-de-aracuai","tag-doenca-de-armando-paixao","tag-prefeito-armando-paixao","tag-prefeito-de-aracuai","tag-prefeito-de-aracuai-pede-licenca-do-cargo","tag-quadro-de-saude-de-armando-paixao","tag-rita-capdeville","tag-situacao-de-armando-paixao"],"yoast_head":"<!-- This site is optimized with the Yoast SEO plugin v28.3 - https:\/\/yoast.com\/product\/yoast-seo-wordpress\/ -->\n<title>Prefeito de Ara\u00e7ua\u00ed pede licen\u00e7a do cargo - Aconteceu no Vale<\/title>\n<meta name=\"robots\" content=\"index, follow, max-snippet:-1, max-image-preview:large, max-video-preview:-1\" \/>\n<link rel=\"canonical\" href=\"https:\/\/aconteceunovale.com.br\/portal\/?p=125746\" \/>\n<meta property=\"og:locale\" content=\"pt_BR\" \/>\n<meta property=\"og:type\" content=\"article\" \/>\n<meta property=\"og:title\" content=\"Prefeito de Ara\u00e7ua\u00ed pede licen\u00e7a do cargo - Aconteceu no Vale\" \/>\n<meta property=\"og:description\" content=\"A C\u00e2mara Municipal de Ara\u00e7ua\u00ed vai realizar sess\u00e3o extraordin\u00e1ria na pr\u00f3xima segunda-feira, dia 8 de janeiro de 2018, a partir das 9 da manh\u00e3, para discutir e votar um pedido de licen\u00e7a por um m\u00eas do prefeito Armando Paix\u00e3o (PT). A Lei Org\u00e2nica do munic\u00edpio permite que o prefeito se afaste do cargo 30 dias [&hellip;]\" \/>\n<meta property=\"og:url\" content=\"https:\/\/aconteceunovale.com.br\/portal\/?p=125746\" \/>\n<meta property=\"og:site_name\" content=\"Aconteceu no Vale\" \/>\n<meta property=\"article:publisher\" content=\"https:\/\/www.facebook.com\/aconteceunovale\/\" \/>\n<meta property=\"article:published_time\" content=\"2018-01-04T01:14:02+00:00\" \/>\n<meta property=\"article:modified_time\" content=\"2026-09-02T15:14:41+00:00\" \/>\n<meta property=\"og:image\" content=\"https:\/\/aconteceunovale.com.br\/portal\/wp-content\/uploads\/2018\/01\/armando_paixa.jpg\" \/>\n\t<meta property=\"og:image:width\" content=\"632\" \/>\n\t<meta property=\"og:image:height\" content=\"450\" \/>\n\t<meta property=\"og:image:type\" content=\"image\/jpeg\" \/>\n<meta name=\"author\" content=\"Aconteceu no Vale\" \/>\n<meta name=\"twitter:card\" content=\"summary_large_image\" \/>\n<meta name=\"twitter:creator\" content=\"@noticiadosvales\" \/>\n<meta name=\"twitter:site\" content=\"@noticiadosvales\" \/>\n<meta name=\"twitter:label1\" content=\"Escrito por\" \/>\n\t<meta name=\"twitter:data1\" content=\"Aconteceu no Vale\" \/>\n\t<meta name=\"twitter:label2\" content=\"Est. tempo de leitura\" \/>\n\t<meta name=\"twitter:data2\" content=\"1 minuto\" \/>\n<script type=\"application\/ld+json\" class=\"yoast-schema-graph\">{\"@context\":\"https:\\\/\\\/schema.org\",\"@graph\":[{\"@type\":\"Article\",\"@id\":\"https:\\\/\\\/aconteceunovale.com.br\\\/portal\\\/?p=125746#article\",\"isPartOf\":{\"@id\":\"https:\\\/\\\/aconteceunovale.com.br\\\/portal\\\/?p=125746\"},\"author\":{\"name\":\"Aconteceu no Vale\",\"@id\":\"https:\\\/\\\/aconteceunovale.com.br\\\/portal\\\/#\\\/schema\\\/person\\\/633529146f2c94272bef50ac2953d589\"},\"headline\":\"Prefeito de Ara\u00e7ua\u00ed pede licen\u00e7a do cargo\",\"datePublished\":\"2018-01-04T01:14:02+00:00\",\"dateModified\":\"2026-09-02T15:14:41+00:00\",\"mainEntityOfPage\":{\"@id\":\"https:\\\/\\\/aconteceunovale.com.br\\\/portal\\\/?p=125746\"},\"wordCount\":243,\"commentCount\":0,\"image\":{\"@id\":\"https:\\\/\\\/aconteceunovale.com.br\\\/portal\\\/?p=125746#primaryimage\"},\"thumbnailUrl\":\"https:\\\/\\\/aconteceunovale.com.br\\\/portal\\\/wp-content\\\/uploads\\\/2018\\\/01\\\/armando_paixa.jpg\",\"keywords\":[\"Ara\u00e7ua\u00ed\",\"Armando Paix\u00e3o\",\"C\u00e2mara Municipal de Ara\u00e7ua\u00ed\",\"Doen\u00e7a de Armando Paix\u00e3o\",\"Prefeito Armando Paix\u00e3o\",\"prefeito de Ara\u00e7ua\u00ed\",\"Prefeito de Ara\u00e7ua\u00ed pede licen\u00e7a do cargo\",\"Quadro de sa\u00fade de Armando Paix\u00e3o\",\"Rita Capdeville\",\"Situa\u00e7\u00e3o de Armando Paix\u00e3o\"],\"articleSection\":[\"Ara\u00e7ua\u00ed\",\"Pol\u00edtica\",\"Vale do Jequitinhonha\"],\"inLanguage\":\"pt-BR\",\"potentialAction\":[{\"@type\":\"CommentAction\",\"name\":\"Comment\",\"target\":[\"https:\\\/\\\/aconteceunovale.com.br\\\/portal\\\/?p=125746#respond\"]}]},{\"@type\":\"WebPage\",\"@id\":\"https:\\\/\\\/aconteceunovale.com.br\\\/portal\\\/?p=125746\",\"url\":\"https:\\\/\\\/aconteceunovale.com.br\\\/portal\\\/?p=125746\",\"name\":\"Prefeito de Ara\u00e7ua\u00ed pede licen\u00e7a do cargo - Aconteceu no Vale\",\"isPartOf\":{\"@id\":\"https:\\\/\\\/aconteceunovale.com.br\\\/portal\\\/#website\"},\"primaryImageOfPage\":{\"@id\":\"https:\\\/\\\/aconteceunovale.com.br\\\/portal\\\/?p=125746#primaryimage\"},\"image\":{\"@id\":\"https:\\\/\\\/aconteceunovale.com.br\\\/portal\\\/?p=125746#primaryimage\"},\"thumbnailUrl\":\"https:\\\/\\\/aconteceunovale.com.br\\\/portal\\\/wp-content\\\/uploads\\\/2018\\\/01\\\/armando_paixa.jpg\",\"datePublished\":\"2018-01-04T01:14:02+00:00\",\"dateModified\":\"2026-09-02T15:14:41+00:00\",\"author\":{\"@id\":\"https:\\\/\\\/aconteceunovale.com.br\\\/portal\\\/#\\\/schema\\\/person\\\/633529146f2c94272bef50ac2953d589\"},\"breadcrumb\":{\"@id\":\"https:\\\/\\\/aconteceunovale.com.br\\\/portal\\\/?p=125746#breadcrumb\"},\"inLanguage\":\"pt-BR\",\"potentialAction\":[{\"@type\":\"ReadAction\",\"target\":[\"https:\\\/\\\/aconteceunovale.com.br\\\/portal\\\/?p=125746\"]}]},{\"@type\":\"ImageObject\",\"inLanguage\":\"pt-BR\",\"@id\":\"https:\\\/\\\/aconteceunovale.com.br\\\/portal\\\/?p=125746#primaryimage\",\"url\":\"https:\\\/\\\/aconteceunovale.com.br\\\/portal\\\/wp-content\\\/uploads\\\/2018\\\/01\\\/armando_paixa.jpg\",\"contentUrl\":\"https:\\\/\\\/aconteceunovale.com.br\\\/portal\\\/wp-content\\\/uploads\\\/2018\\\/01\\\/armando_paixa.jpg\",\"width\":632,\"height\":450},{\"@type\":\"BreadcrumbList\",\"@id\":\"https:\\\/\\\/aconteceunovale.com.br\\\/portal\\\/?p=125746#breadcrumb\",\"itemListElement\":[{\"@type\":\"ListItem\",\"position\":1,\"name\":\"In\u00edcio\",\"item\":\"https:\\\/\\\/aconteceunovale.com.br\\\/portal\\\/\"},{\"@type\":\"ListItem\",\"position\":2,\"name\":\"Prefeito de Ara\u00e7ua\u00ed pede licen\u00e7a do cargo\"}]},{\"@type\":\"WebSite\",\"@id\":\"https:\\\/\\\/aconteceunovale.com.br\\\/portal\\\/#website\",\"url\":\"https:\\\/\\\/aconteceunovale.com.br\\\/portal\\\/\",\"name\":\"Aconteceu no Vale\",\"description\":\"Portal de Not\u00edcias\",\"potentialAction\":[{\"@type\":\"SearchAction\",\"target\":{\"@type\":\"EntryPoint\",\"urlTemplate\":\"https:\\\/\\\/aconteceunovale.com.br\\\/portal\\\/?s={search_term_string}\"},\"query-input\":{\"@type\":\"PropertyValueSpecification\",\"valueRequired\":true,\"valueName\":\"search_term_string\"}}],\"inLanguage\":\"pt-BR\"},{\"@type\":\"Person\",\"@id\":\"https:\\\/\\\/aconteceunovale.com.br\\\/portal\\\/#\\\/schema\\\/person\\\/633529146f2c94272bef50ac2953d589\",\"name\":\"Aconteceu no Vale\",\"description\":\"Equipe de reportagem do Aconteceu no Vale, portal de not\u00edcias do Vale do Jequitinhonha, em Minas Gerais. Cobrimos as 51 cidades do Vale desde 2013. Sugest\u00f5es de pauta e pedidos de corre\u00e7\u00e3o: contato@aconteceunovale.com.br\",\"sameAs\":[\"http:\\\/\\\/www.aconteceunovale.com.br\"],\"url\":\"https:\\\/\\\/aconteceunovale.com.br\\\/portal\\\/?author=1\"}]}<\/script>\n<!-- \/ Yoast SEO plugin. -->","yoast_head_json":{"title":"Prefeito de Ara\u00e7ua\u00ed pede licen\u00e7a do cargo - Aconteceu no Vale","robots":{"index":"index","follow":"follow","max-snippet":"max-snippet:-1","max-image-preview":"max-image-preview:large","max-video-preview":"max-video-preview:-1"},"canonical":"https:\/\/aconteceunovale.com.br\/portal\/?p=125746","og_locale":"pt_BR","og_type":"article","og_title":"Prefeito de Ara\u00e7ua\u00ed pede licen\u00e7a do cargo - Aconteceu no Vale","og_description":"A C\u00e2mara Municipal de Ara\u00e7ua\u00ed vai realizar sess\u00e3o extraordin\u00e1ria na pr\u00f3xima segunda-feira, dia 8 de janeiro de 2018, a partir das 9 da manh\u00e3, para discutir e votar um pedido de licen\u00e7a por um m\u00eas do prefeito Armando Paix\u00e3o (PT). A Lei Org\u00e2nica do munic\u00edpio permite que o prefeito se afaste do cargo 30 dias [&hellip;]","og_url":"https:\/\/aconteceunovale.com.br\/portal\/?p=125746","og_site_name":"Aconteceu no Vale","article_publisher":"https:\/\/www.facebook.com\/aconteceunovale\/","article_published_time":"2018-01-04T01:14:02+00:00","article_modified_time":"2026-09-02T15:14:41+00:00","og_image":[{"width":632,"height":450,"url":"https:\/\/aconteceunovale.com.br\/portal\/wp-content\/uploads\/2018\/01\/armando_paixa.jpg","type":"image\/jpeg"}],"author":"Aconteceu no Vale","twitter_card":"summary_large_image","twitter_creator":"@noticiadosvales","twitter_site":"@noticiadosvales","twitter_misc":{"Escrito por":"Aconteceu no Vale","Est. tempo de leitura":"1 minuto"},"schema":{"@context":"https:\/\/schema.org","@graph":[{"@type":"Article","@id":"https:\/\/aconteceunovale.com.br\/portal\/?p=125746#article","isPartOf":{"@id":"https:\/\/aconteceunovale.com.br\/portal\/?p=125746"},"author":{"name":"Aconteceu no Vale","@id":"https:\/\/aconteceunovale.com.br\/portal\/#\/schema\/person\/633529146f2c94272bef50ac2953d589"},"headline":"Prefeito de Ara\u00e7ua\u00ed pede licen\u00e7a do cargo","datePublished":"2018-01-04T01:14:02+00:00","dateModified":"2026-09-02T15:14:41+00:00","mainEntityOfPage":{"@id":"https:\/\/aconteceunovale.com.br\/portal\/?p=125746"},"wordCount":243,"commentCount":0,"image":{"@id":"https:\/\/aconteceunovale.com.br\/portal\/?p=125746#primaryimage"},"thumbnailUrl":"https:\/\/aconteceunovale.com.br\/portal\/wp-content\/uploads\/2018\/01\/armando_paixa.jpg","keywords":["Ara\u00e7ua\u00ed","Armando Paix\u00e3o","C\u00e2mara Municipal de Ara\u00e7ua\u00ed","Doen\u00e7a de Armando Paix\u00e3o","Prefeito Armando Paix\u00e3o","prefeito de Ara\u00e7ua\u00ed","Prefeito de Ara\u00e7ua\u00ed pede licen\u00e7a do cargo","Quadro de sa\u00fade de Armando Paix\u00e3o","Rita Capdeville","Situa\u00e7\u00e3o de Armando Paix\u00e3o"],"articleSection":["Ara\u00e7ua\u00ed","Pol\u00edtica","Vale do Jequitinhonha"],"inLanguage":"pt-BR","potentialAction":[{"@type":"CommentAction","name":"Comment","target":["https:\/\/aconteceunovale.com.br\/portal\/?p=125746#respond"]}]},{"@type":"WebPage","@id":"https:\/\/aconteceunovale.com.br\/portal\/?p=125746","url":"https:\/\/aconteceunovale.com.br\/portal\/?p=125746","name":"Prefeito de Ara\u00e7ua\u00ed pede licen\u00e7a do cargo - Aconteceu no Vale","isPartOf":{"@id":"https:\/\/aconteceunovale.com.br\/portal\/#website"},"primaryImageOfPage":{"@id":"https:\/\/aconteceunovale.com.br\/portal\/?p=125746#primaryimage"},"image":{"@id":"https:\/\/aconteceunovale.com.br\/portal\/?p=125746#primaryimage"},"thumbnailUrl":"https:\/\/aconteceunovale.com.br\/portal\/wp-content\/uploads\/2018\/01\/armando_paixa.jpg","datePublished":"2018-01-04T01:14:02+00:00","dateModified":"2026-09-02T15:14:41+00:00","author":{"@id":"https:\/\/aconteceunovale.com.br\/portal\/#\/schema\/person\/633529146f2c94272bef50ac2953d589"},"breadcrumb":{"@id":"https:\/\/aconteceunovale.com.br\/portal\/?p=125746#breadcrumb"},"inLanguage":"pt-BR","potentialAction":[{"@type":"ReadAction","target":["https:\/\/aconteceunovale.com.br\/portal\/?p=125746"]}]},{"@type":"ImageObject","inLanguage":"pt-BR","@id":"https:\/\/aconteceunovale.com.br\/portal\/?p=125746#primaryimage","url":"https:\/\/aconteceunovale.com.br\/portal\/wp-content\/uploads\/2018\/01\/armando_paixa.jpg","contentUrl":"https:\/\/aconteceunovale.com.br\/portal\/wp-content\/uploads\/2018\/01\/armando_paixa.jpg","width":632,"height":450},{"@type":"BreadcrumbList","@id":"https:\/\/aconteceunovale.com.br\/portal\/?p=125746#breadcrumb","itemListElement":[{"@type":"ListItem","position":1,"name":"In\u00edcio","item":"https:\/\/aconteceunovale.com.br\/portal\/"},{"@type":"ListItem","position":2,"name":"Prefeito de Ara\u00e7ua\u00ed pede licen\u00e7a do cargo"}]},{"@type":"WebSite","@id":"https:\/\/aconteceunovale.com.br\/portal\/#website","url":"https:\/\/aconteceunovale.com.br\/portal\/","name":"Aconteceu no Vale","description":"Portal de Not\u00edcias","potentialAction":[{"@type":"SearchAction","target":{"@type":"EntryPoint","urlTemplate":"https:\/\/aconteceunovale.com.br\/portal\/?s={search_term_string}"},"query-input":{"@type":"PropertyValueSpecification","valueRequired":true,"valueName":"search_term_string"}}],"inLanguage":"pt-BR"},{"@type":"Person","@id":"https:\/\/aconteceunovale.com.br\/portal\/#\/schema\/person\/633529146f2c94272bef50ac2953d589","name":"Aconteceu no Vale","description":"Equipe de reportagem do Aconteceu no Vale, portal de not\u00edcias do Vale do Jequitinhonha, em Minas Gerais. Cobrimos as 51 cidades do Vale desde 2013. Sugest\u00f5es de pauta e pedidos de corre\u00e7\u00e3o: contato@aconteceunovale.com.br","sameAs":["http:\/\/www.aconteceunovale.com.br"],"url":"https:\/\/aconteceunovale.com.br\/portal\/?author=1"}]}},"_links":{"self":[{"href":"https:\/\/aconteceunovale.com.br\/portal\/index.php?rest_route=\/wp\/v2\/posts\/125746","targetHints":{"allow":["GET"]}}],"collection":[{"href":"https:\/\/aconteceunovale.com.br\/portal\/index.php?rest_route=\/wp\/v2\/posts"}],"about":[{"href":"https:\/\/aconteceunovale.com.br\/portal\/index.php?rest_route=\/wp\/v2\/types\/post"}],"author":[{"embeddable":true,"href":"https:\/\/aconteceunovale.com.br\/portal\/index.php?rest_route=\/wp\/v2\/users\/1"}],"replies":[{"embeddable":true,"href":"https:\/\/aconteceunovale.com.br\/portal\/index.php?rest_route=%2Fwp%2Fv2%2Fcomments&post=125746"}],"version-history":[{"count":1,"href":"https:\/\/aconteceunovale.com.br\/portal\/index.php?rest_route=\/wp\/v2\/posts\/125746\/revisions"}],"predecessor-version":[{"id":199404,"href":"https:\/\/aconteceunovale.com.br\/portal\/index.php?rest_route=\/wp\/v2\/posts\/125746\/revisions\/199404"}],"wp:featuredmedia":[{"embeddable":true,"href":"https:\/\/aconteceunovale.com.br\/portal\/index.php?rest_route=\/wp\/v2\/media\/125747"}],"wp:attachment":[{"href":"https:\/\/aconteceunovale.com.br\/portal\/index.php?rest_route=%2Fwp%2Fv2%2Fmedia&parent=125746"}],"wp:term":[{"taxonomy":"category","embeddable":true,"href":"https:\/\/aconteceunovale.com.br\/portal\/index.php?rest_route=%2Fwp%2Fv2%2Fcategories&post=125746"},{"taxonomy":"post_tag","embeddable":true,"href":"https:\/\/aconteceunovale.com.br\/portal\/index.php?rest_route=%2Fwp%2Fv2%2Ftags&post=125746"}],"curies":[{"name":"wp","href":"https:\/\/api.w.org\/{rel}","templated":true}]}}