{"id":125739,"date":"2018-01-03T19:09:56","date_gmt":"2018-01-03T21:09:56","guid":{"rendered":"http:\/\/aconteceunovale.com.br\/portal\/?p=125739"},"modified":"2026-08-31T23:12:57","modified_gmt":"2026-09-01T02:12:57","slug":"acoes-da-policia-militar-reduzem-crimes-na-regiao-de-capelinha","status":"publish","type":"post","link":"https:\/\/aconteceunovale.com.br\/portal\/?p=125739","title":{"rendered":"A\u00e7\u00f5es da Pol\u00edcia Militar reduzem crimes na regi\u00e3o de Capelinha"},"content":{"rendered":"<p>A 23\u00aa Companhia de Pol\u00edcia Militar Independente divulgou na tarde desta quarta-feira (03\/01\/2018) os resultados obtidos no combate a criminalidade no ano de 2017 em Capelinha e outros 14 munic\u00edpios do Alto Jequitinhonha. De acordo com os dados registrados no Armaz\u00e9m de Dados\/SIDS\/PMMG\/14RPM\/GDO, houve uma redu\u00e7\u00e3o significativa de crimes violentos, roubos, homic\u00eddios e furtos\/roubos de ve\u00edculos em compara\u00e7\u00e3o ao ano de 2016.<\/p>\n<p>Confira o balan\u00e7o apresentado pelo Major PM Adalberto Bernardes Neto, comandante da 23\u00aa Cia PM Ind:<br \/>\n&#8211; <strong>Crimes violentos:<\/strong> de 479 em 2016 para 410 em 2017 (redu\u00e7\u00e3o de 14%);<br \/>\n&#8211; <strong>Roubos:<\/strong> 314 em 2016 para 256 em 2017 (redu\u00e7\u00e3o de 18%);<br \/>\n&#8211; <strong>Homic\u00eddios consumados:<\/strong> 27 em 2016 para 25 em 2017 (redu\u00e7\u00e3o de 7%);<br \/>\n&#8211; <strong>Ve\u00edculos furtados\/roubados:<\/strong> 261 em 2016 para 227 em 2017 (redu\u00e7\u00e3o de 13%);<br \/>\n&#8211; <strong>Apreens\u00e3o de armas de fogo:<\/strong> 204 em 2016 para 288 em 2017 (aumento de 41%).<\/p>\n<p>O Major Adalberto aproveitou a oportunidade para parabenizar os policiais lotados na 23\u00aa Cia pelos resultados obtidos. \u201cN\u00e3o poder\u00edamos deixar de externar o nosso contentamento e agradecer a cada policial militar que independente das dificuldades n\u00e3o mediram esfor\u00e7os para cumprir com a miss\u00e3o que nos foi confiada que \u00e9 Servir e Proteger a sociedade mineira, principalmente a popula\u00e7\u00e3o do Vale do Jequitinhonha, a qual fazemos parte\u201d, disse o comandante em nota divulgada pela Assessoria de Comunica\u00e7\u00e3o Organizacional da 23\u00aa Cia PM Ind.<\/p>\n<p><img decoding=\"async\" src=\"http:\/\/aconteceunovale.com.br\/portal\/wp-content\/uploads\/2018\/01\/acoes_pm_cap.jpg\" alt=\"\" \/><em>Pol\u00edcia Militar reduz crimes na regi\u00e3o de Capelinha (Foto: Divulga\u00e7\u00e3o\/23\u00aa Cia PM Ind)<\/em><br \/>\n<\/br><\/p>\n<h3>23\u00aa Cia PM Ind<\/h3>\n<p>A 23\u00aa Companhia de Pol\u00edcia Militar Independente, sediada em Capelinha, tamb\u00e9m responde pelo policiamento em Itamarandiba, Veredinha, Minas Novas, Turmalina, Aricanduva, Carbonita, \u00c1gua Boa, Berilo, Francisco Badar\u00f3, Chapada do Norte, Angel\u00e2ndia, Jos\u00e9 Gon\u00e7alves de Minas, Jenipapo de Minas e Leme do Prado. A popula\u00e7\u00e3o da regi\u00e3o sob responsabilidade da 23\u00aa Cia PM Ind \u00e9 de aproximadamente 230 mil habitantes.<\/p>\n<p><strong>VER PRIMEIRO<\/strong><\/p>\n<p>Receba as not\u00edcias do Aconteceu no Vale em primeira m\u00e3o. Clique em curtir no endere\u00e7o <a href=\"https:\/\/www.facebook.com\/aconteceunovale\" target=\"_blank\"><font color=\"red\">www.facebook.com\/aconteceunovale<\/font><\/a> ou no box abaixo:<\/p>\n<div class=\"fb-like\" data-href=\"https:\/\/www.facebook.com\/aconteceunovale\" data-width=\"120\" data-layout=\"standard\" data-action=\"like\" data-size=\"small\" data-show-faces=\"true\" data-share=\"true\"><\/div>\n<p><\/br><\/p>\n","protected":false},"excerpt":{"rendered":"<p>A 23\u00aa Companhia de Pol\u00edcia Militar Independente divulgou na tarde desta quarta-feira (03\/01\/2018) os resultados obtidos no combate a criminalidade no ano de 2017 em Capelinha e outros 14 munic\u00edpios do Alto Jequitinhonha. De acordo com os dados registrados no Armaz\u00e9m de Dados\/SIDS\/PMMG\/14RPM\/GDO, houve uma redu\u00e7\u00e3o significativa de crimes violentos, roubos, homic\u00eddios e furtos\/roubos de [&hellip;]<\/p>\n","protected":false},"author":1,"featured_media":125741,"comment_status":"open","ping_status":"closed","sticky":false,"template":"","format":"standard","meta":{"amp_status":"","footnotes":""},"categories":[272535,120],"tags":[152966,133242,166542,166546,130,657,551,841,132,557,481,1018,187,149,1218,917,480,166545,166544,137,166543,178,916],"class_list":["post-125739","post","type-post","status-publish","format-standard","has-post-thumbnail","hentry","category-capelinha","category-jequi","tag-23a-cia-pm-ind","tag-23a-companhia-de-policia-militar-independente","tag-acoes-da-policia-militar-reduzem-crimes-na-regiao-de-capelinha","tag-adalberto-bernardes-neto","tag-agua-boa","tag-angelandia","tag-aricanduva","tag-berilo","tag-capelinha","tag-carbonita","tag-chapada-do-norte","tag-destaque","tag-francisco-badaro","tag-itamarandiba","tag-jenipapo-de-minas","tag-jose-goncalves-de-minas","tag-leme-do-prado","tag-major-adalberto-bernardes-neto","tag-major-pm-adalberto-bernardes-neto","tag-minas-novas","tag-reducao-de-crimes-em-capelinha","tag-turmalina","tag-veredinha"],"yoast_head":"<!-- This site is optimized with the Yoast SEO plugin v28.3 - https:\/\/yoast.com\/product\/yoast-seo-wordpress\/ -->\n<title>A\u00e7\u00f5es da Pol\u00edcia Militar reduzem crimes na regi\u00e3o de Capelinha - Aconteceu no Vale<\/title>\n<meta name=\"robots\" content=\"index, follow, max-snippet:-1, max-image-preview:large, max-video-preview:-1\" \/>\n<link rel=\"canonical\" href=\"https:\/\/aconteceunovale.com.br\/portal\/?p=125739\" \/>\n<meta property=\"og:locale\" content=\"pt_BR\" \/>\n<meta property=\"og:type\" content=\"article\" \/>\n<meta property=\"og:title\" content=\"A\u00e7\u00f5es da Pol\u00edcia Militar reduzem crimes na regi\u00e3o de Capelinha - Aconteceu no Vale\" \/>\n<meta property=\"og:description\" content=\"A 23\u00aa Companhia de Pol\u00edcia Militar Independente divulgou na tarde desta quarta-feira (03\/01\/2018) os resultados obtidos no combate a criminalidade no ano de 2017 em Capelinha e outros 14 munic\u00edpios do Alto Jequitinhonha. De acordo com os dados registrados no Armaz\u00e9m de Dados\/SIDS\/PMMG\/14RPM\/GDO, houve uma redu\u00e7\u00e3o significativa de crimes violentos, roubos, homic\u00eddios e furtos\/roubos de [&hellip;]\" \/>\n<meta property=\"og:url\" content=\"https:\/\/aconteceunovale.com.br\/portal\/?p=125739\" \/>\n<meta property=\"og:site_name\" content=\"Aconteceu no Vale\" \/>\n<meta property=\"article:publisher\" content=\"https:\/\/www.facebook.com\/aconteceunovale\/\" \/>\n<meta property=\"article:published_time\" content=\"2018-01-03T21:09:56+00:00\" \/>\n<meta property=\"article:modified_time\" content=\"2026-09-01T02:12:57+00:00\" \/>\n<meta property=\"og:image\" content=\"https:\/\/aconteceunovale.com.br\/portal\/wp-content\/uploads\/2018\/01\/acoes_pm_cap.jpg\" \/>\n\t<meta property=\"og:image:width\" content=\"675\" \/>\n\t<meta property=\"og:image:height\" content=\"450\" \/>\n\t<meta property=\"og:image:type\" content=\"image\/jpeg\" \/>\n<meta name=\"author\" content=\"Aconteceu no Vale\" \/>\n<meta name=\"twitter:card\" content=\"summary_large_image\" \/>\n<meta name=\"twitter:creator\" content=\"@noticiadosvales\" \/>\n<meta name=\"twitter:site\" content=\"@noticiadosvales\" \/>\n<meta name=\"twitter:label1\" content=\"Escrito por\" \/>\n\t<meta name=\"twitter:data1\" content=\"Aconteceu no Vale\" \/>\n\t<meta name=\"twitter:label2\" content=\"Est. tempo de leitura\" \/>\n\t<meta name=\"twitter:data2\" content=\"2 minutos\" \/>\n<script type=\"application\/ld+json\" class=\"yoast-schema-graph\">{\"@context\":\"https:\\\/\\\/schema.org\",\"@graph\":[{\"@type\":\"Article\",\"@id\":\"https:\\\/\\\/aconteceunovale.com.br\\\/portal\\\/?p=125739#article\",\"isPartOf\":{\"@id\":\"https:\\\/\\\/aconteceunovale.com.br\\\/portal\\\/?p=125739\"},\"author\":{\"name\":\"Aconteceu no Vale\",\"@id\":\"https:\\\/\\\/aconteceunovale.com.br\\\/portal\\\/#\\\/schema\\\/person\\\/633529146f2c94272bef50ac2953d589\"},\"headline\":\"A\u00e7\u00f5es da Pol\u00edcia Militar reduzem crimes na regi\u00e3o de Capelinha\",\"datePublished\":\"2018-01-03T21:09:56+00:00\",\"dateModified\":\"2026-09-01T02:12:57+00:00\",\"mainEntityOfPage\":{\"@id\":\"https:\\\/\\\/aconteceunovale.com.br\\\/portal\\\/?p=125739\"},\"wordCount\":343,\"commentCount\":1,\"image\":{\"@id\":\"https:\\\/\\\/aconteceunovale.com.br\\\/portal\\\/?p=125739#primaryimage\"},\"thumbnailUrl\":\"https:\\\/\\\/aconteceunovale.com.br\\\/portal\\\/wp-content\\\/uploads\\\/2018\\\/01\\\/acoes_pm_cap.jpg\",\"keywords\":[\"23\u00aa Cia PM Ind\",\"23\u00aa Companhia de Pol\u00edcia Militar Independente\",\"A\u00e7\u00f5es da Pol\u00edcia Militar reduzem crimes na regi\u00e3o de Capelinha\",\"Adalberto Bernardes Neto\",\"\u00c1gua Boa\",\"Angel\u00e2ndia\",\"Aricanduva\",\"berilo\",\"Capelinha\",\"Carbonita\",\"Chapada do Norte\",\"destaque\",\"Francisco Badar\u00f3\",\"Itamarandiba\",\"Jenipapo de Minas\",\"jos\u00e9 gon\u00e7alves de minas\",\"Leme do Prado\",\"Major Adalberto Bernardes Neto\",\"Major PM Adalberto Bernardes Neto\",\"Minas Novas\",\"Redu\u00e7\u00e3o de crimes em Capelinha\",\"Turmalina\",\"veredinha\"],\"articleSection\":[\"Capelinha\",\"Vale do Jequitinhonha\"],\"inLanguage\":\"pt-BR\",\"potentialAction\":[{\"@type\":\"CommentAction\",\"name\":\"Comment\",\"target\":[\"https:\\\/\\\/aconteceunovale.com.br\\\/portal\\\/?p=125739#respond\"]}]},{\"@type\":\"WebPage\",\"@id\":\"https:\\\/\\\/aconteceunovale.com.br\\\/portal\\\/?p=125739\",\"url\":\"https:\\\/\\\/aconteceunovale.com.br\\\/portal\\\/?p=125739\",\"name\":\"A\u00e7\u00f5es da Pol\u00edcia Militar reduzem crimes na regi\u00e3o de Capelinha - Aconteceu no Vale\",\"isPartOf\":{\"@id\":\"https:\\\/\\\/aconteceunovale.com.br\\\/portal\\\/#website\"},\"primaryImageOfPage\":{\"@id\":\"https:\\\/\\\/aconteceunovale.com.br\\\/portal\\\/?p=125739#primaryimage\"},\"image\":{\"@id\":\"https:\\\/\\\/aconteceunovale.com.br\\\/portal\\\/?p=125739#primaryimage\"},\"thumbnailUrl\":\"https:\\\/\\\/aconteceunovale.com.br\\\/portal\\\/wp-content\\\/uploads\\\/2018\\\/01\\\/acoes_pm_cap.jpg\",\"datePublished\":\"2018-01-03T21:09:56+00:00\",\"dateModified\":\"2026-09-01T02:12:57+00:00\",\"author\":{\"@id\":\"https:\\\/\\\/aconteceunovale.com.br\\\/portal\\\/#\\\/schema\\\/person\\\/633529146f2c94272bef50ac2953d589\"},\"breadcrumb\":{\"@id\":\"https:\\\/\\\/aconteceunovale.com.br\\\/portal\\\/?p=125739#breadcrumb\"},\"inLanguage\":\"pt-BR\",\"potentialAction\":[{\"@type\":\"ReadAction\",\"target\":[\"https:\\\/\\\/aconteceunovale.com.br\\\/portal\\\/?p=125739\"]}]},{\"@type\":\"ImageObject\",\"inLanguage\":\"pt-BR\",\"@id\":\"https:\\\/\\\/aconteceunovale.com.br\\\/portal\\\/?p=125739#primaryimage\",\"url\":\"https:\\\/\\\/aconteceunovale.com.br\\\/portal\\\/wp-content\\\/uploads\\\/2018\\\/01\\\/acoes_pm_cap.jpg\",\"contentUrl\":\"https:\\\/\\\/aconteceunovale.com.br\\\/portal\\\/wp-content\\\/uploads\\\/2018\\\/01\\\/acoes_pm_cap.jpg\",\"width\":675,\"height\":450},{\"@type\":\"BreadcrumbList\",\"@id\":\"https:\\\/\\\/aconteceunovale.com.br\\\/portal\\\/?p=125739#breadcrumb\",\"itemListElement\":[{\"@type\":\"ListItem\",\"position\":1,\"name\":\"In\u00edcio\",\"item\":\"https:\\\/\\\/aconteceunovale.com.br\\\/portal\\\/\"},{\"@type\":\"ListItem\",\"position\":2,\"name\":\"A\u00e7\u00f5es da Pol\u00edcia Militar reduzem crimes na regi\u00e3o de Capelinha\"}]},{\"@type\":\"WebSite\",\"@id\":\"https:\\\/\\\/aconteceunovale.com.br\\\/portal\\\/#website\",\"url\":\"https:\\\/\\\/aconteceunovale.com.br\\\/portal\\\/\",\"name\":\"Aconteceu no Vale\",\"description\":\"Portal de Not\u00edcias\",\"potentialAction\":[{\"@type\":\"SearchAction\",\"target\":{\"@type\":\"EntryPoint\",\"urlTemplate\":\"https:\\\/\\\/aconteceunovale.com.br\\\/portal\\\/?s={search_term_string}\"},\"query-input\":{\"@type\":\"PropertyValueSpecification\",\"valueRequired\":true,\"valueName\":\"search_term_string\"}}],\"inLanguage\":\"pt-BR\"},{\"@type\":\"Person\",\"@id\":\"https:\\\/\\\/aconteceunovale.com.br\\\/portal\\\/#\\\/schema\\\/person\\\/633529146f2c94272bef50ac2953d589\",\"name\":\"Aconteceu no Vale\",\"description\":\"Equipe de reportagem do Aconteceu no Vale, portal de not\u00edcias do Vale do Jequitinhonha, em Minas Gerais. Cobrimos as 51 cidades do Vale desde 2013. Sugest\u00f5es de pauta e pedidos de corre\u00e7\u00e3o: contato@aconteceunovale.com.br\",\"sameAs\":[\"http:\\\/\\\/www.aconteceunovale.com.br\"],\"url\":\"https:\\\/\\\/aconteceunovale.com.br\\\/portal\\\/?author=1\"}]}<\/script>\n<!-- \/ Yoast SEO plugin. -->","yoast_head_json":{"title":"A\u00e7\u00f5es da Pol\u00edcia Militar reduzem crimes na regi\u00e3o de Capelinha - Aconteceu no Vale","robots":{"index":"index","follow":"follow","max-snippet":"max-snippet:-1","max-image-preview":"max-image-preview:large","max-video-preview":"max-video-preview:-1"},"canonical":"https:\/\/aconteceunovale.com.br\/portal\/?p=125739","og_locale":"pt_BR","og_type":"article","og_title":"A\u00e7\u00f5es da Pol\u00edcia Militar reduzem crimes na regi\u00e3o de Capelinha - Aconteceu no Vale","og_description":"A 23\u00aa Companhia de Pol\u00edcia Militar Independente divulgou na tarde desta quarta-feira (03\/01\/2018) os resultados obtidos no combate a criminalidade no ano de 2017 em Capelinha e outros 14 munic\u00edpios do Alto Jequitinhonha. De acordo com os dados registrados no Armaz\u00e9m de Dados\/SIDS\/PMMG\/14RPM\/GDO, houve uma redu\u00e7\u00e3o significativa de crimes violentos, roubos, homic\u00eddios e furtos\/roubos de [&hellip;]","og_url":"https:\/\/aconteceunovale.com.br\/portal\/?p=125739","og_site_name":"Aconteceu no Vale","article_publisher":"https:\/\/www.facebook.com\/aconteceunovale\/","article_published_time":"2018-01-03T21:09:56+00:00","article_modified_time":"2026-09-01T02:12:57+00:00","og_image":[{"width":675,"height":450,"url":"https:\/\/aconteceunovale.com.br\/portal\/wp-content\/uploads\/2018\/01\/acoes_pm_cap.jpg","type":"image\/jpeg"}],"author":"Aconteceu no Vale","twitter_card":"summary_large_image","twitter_creator":"@noticiadosvales","twitter_site":"@noticiadosvales","twitter_misc":{"Escrito por":"Aconteceu no Vale","Est. tempo de leitura":"2 minutos"},"schema":{"@context":"https:\/\/schema.org","@graph":[{"@type":"Article","@id":"https:\/\/aconteceunovale.com.br\/portal\/?p=125739#article","isPartOf":{"@id":"https:\/\/aconteceunovale.com.br\/portal\/?p=125739"},"author":{"name":"Aconteceu no Vale","@id":"https:\/\/aconteceunovale.com.br\/portal\/#\/schema\/person\/633529146f2c94272bef50ac2953d589"},"headline":"A\u00e7\u00f5es da Pol\u00edcia Militar reduzem crimes na regi\u00e3o de Capelinha","datePublished":"2018-01-03T21:09:56+00:00","dateModified":"2026-09-01T02:12:57+00:00","mainEntityOfPage":{"@id":"https:\/\/aconteceunovale.com.br\/portal\/?p=125739"},"wordCount":343,"commentCount":1,"image":{"@id":"https:\/\/aconteceunovale.com.br\/portal\/?p=125739#primaryimage"},"thumbnailUrl":"https:\/\/aconteceunovale.com.br\/portal\/wp-content\/uploads\/2018\/01\/acoes_pm_cap.jpg","keywords":["23\u00aa Cia PM Ind","23\u00aa Companhia de Pol\u00edcia Militar Independente","A\u00e7\u00f5es da Pol\u00edcia Militar reduzem crimes na regi\u00e3o de Capelinha","Adalberto Bernardes Neto","\u00c1gua Boa","Angel\u00e2ndia","Aricanduva","berilo","Capelinha","Carbonita","Chapada do Norte","destaque","Francisco Badar\u00f3","Itamarandiba","Jenipapo de Minas","jos\u00e9 gon\u00e7alves de minas","Leme do Prado","Major Adalberto Bernardes Neto","Major PM Adalberto Bernardes Neto","Minas Novas","Redu\u00e7\u00e3o de crimes em Capelinha","Turmalina","veredinha"],"articleSection":["Capelinha","Vale do Jequitinhonha"],"inLanguage":"pt-BR","potentialAction":[{"@type":"CommentAction","name":"Comment","target":["https:\/\/aconteceunovale.com.br\/portal\/?p=125739#respond"]}]},{"@type":"WebPage","@id":"https:\/\/aconteceunovale.com.br\/portal\/?p=125739","url":"https:\/\/aconteceunovale.com.br\/portal\/?p=125739","name":"A\u00e7\u00f5es da Pol\u00edcia Militar reduzem crimes na regi\u00e3o de Capelinha - Aconteceu no Vale","isPartOf":{"@id":"https:\/\/aconteceunovale.com.br\/portal\/#website"},"primaryImageOfPage":{"@id":"https:\/\/aconteceunovale.com.br\/portal\/?p=125739#primaryimage"},"image":{"@id":"https:\/\/aconteceunovale.com.br\/portal\/?p=125739#primaryimage"},"thumbnailUrl":"https:\/\/aconteceunovale.com.br\/portal\/wp-content\/uploads\/2018\/01\/acoes_pm_cap.jpg","datePublished":"2018-01-03T21:09:56+00:00","dateModified":"2026-09-01T02:12:57+00:00","author":{"@id":"https:\/\/aconteceunovale.com.br\/portal\/#\/schema\/person\/633529146f2c94272bef50ac2953d589"},"breadcrumb":{"@id":"https:\/\/aconteceunovale.com.br\/portal\/?p=125739#breadcrumb"},"inLanguage":"pt-BR","potentialAction":[{"@type":"ReadAction","target":["https:\/\/aconteceunovale.com.br\/portal\/?p=125739"]}]},{"@type":"ImageObject","inLanguage":"pt-BR","@id":"https:\/\/aconteceunovale.com.br\/portal\/?p=125739#primaryimage","url":"https:\/\/aconteceunovale.com.br\/portal\/wp-content\/uploads\/2018\/01\/acoes_pm_cap.jpg","contentUrl":"https:\/\/aconteceunovale.com.br\/portal\/wp-content\/uploads\/2018\/01\/acoes_pm_cap.jpg","width":675,"height":450},{"@type":"BreadcrumbList","@id":"https:\/\/aconteceunovale.com.br\/portal\/?p=125739#breadcrumb","itemListElement":[{"@type":"ListItem","position":1,"name":"In\u00edcio","item":"https:\/\/aconteceunovale.com.br\/portal\/"},{"@type":"ListItem","position":2,"name":"A\u00e7\u00f5es da Pol\u00edcia Militar reduzem crimes na regi\u00e3o de Capelinha"}]},{"@type":"WebSite","@id":"https:\/\/aconteceunovale.com.br\/portal\/#website","url":"https:\/\/aconteceunovale.com.br\/portal\/","name":"Aconteceu no Vale","description":"Portal de Not\u00edcias","potentialAction":[{"@type":"SearchAction","target":{"@type":"EntryPoint","urlTemplate":"https:\/\/aconteceunovale.com.br\/portal\/?s={search_term_string}"},"query-input":{"@type":"PropertyValueSpecification","valueRequired":true,"valueName":"search_term_string"}}],"inLanguage":"pt-BR"},{"@type":"Person","@id":"https:\/\/aconteceunovale.com.br\/portal\/#\/schema\/person\/633529146f2c94272bef50ac2953d589","name":"Aconteceu no Vale","description":"Equipe de reportagem do Aconteceu no Vale, portal de not\u00edcias do Vale do Jequitinhonha, em Minas Gerais. Cobrimos as 51 cidades do Vale desde 2013. Sugest\u00f5es de pauta e pedidos de corre\u00e7\u00e3o: contato@aconteceunovale.com.br","sameAs":["http:\/\/www.aconteceunovale.com.br"],"url":"https:\/\/aconteceunovale.com.br\/portal\/?author=1"}]}},"_links":{"self":[{"href":"https:\/\/aconteceunovale.com.br\/portal\/index.php?rest_route=\/wp\/v2\/posts\/125739","targetHints":{"allow":["GET"]}}],"collection":[{"href":"https:\/\/aconteceunovale.com.br\/portal\/index.php?rest_route=\/wp\/v2\/posts"}],"about":[{"href":"https:\/\/aconteceunovale.com.br\/portal\/index.php?rest_route=\/wp\/v2\/types\/post"}],"author":[{"embeddable":true,"href":"https:\/\/aconteceunovale.com.br\/portal\/index.php?rest_route=\/wp\/v2\/users\/1"}],"replies":[{"embeddable":true,"href":"https:\/\/aconteceunovale.com.br\/portal\/index.php?rest_route=%2Fwp%2Fv2%2Fcomments&post=125739"}],"version-history":[{"count":1,"href":"https:\/\/aconteceunovale.com.br\/portal\/index.php?rest_route=\/wp\/v2\/posts\/125739\/revisions"}],"predecessor-version":[{"id":198314,"href":"https:\/\/aconteceunovale.com.br\/portal\/index.php?rest_route=\/wp\/v2\/posts\/125739\/revisions\/198314"}],"wp:featuredmedia":[{"embeddable":true,"href":"https:\/\/aconteceunovale.com.br\/portal\/index.php?rest_route=\/wp\/v2\/media\/125741"}],"wp:attachment":[{"href":"https:\/\/aconteceunovale.com.br\/portal\/index.php?rest_route=%2Fwp%2Fv2%2Fmedia&parent=125739"}],"wp:term":[{"taxonomy":"category","embeddable":true,"href":"https:\/\/aconteceunovale.com.br\/portal\/index.php?rest_route=%2Fwp%2Fv2%2Fcategories&post=125739"},{"taxonomy":"post_tag","embeddable":true,"href":"https:\/\/aconteceunovale.com.br\/portal\/index.php?rest_route=%2Fwp%2Fv2%2Ftags&post=125739"}],"curies":[{"name":"wp","href":"https:\/\/api.w.org\/{rel}","templated":true}]}}