{"id":125733,"date":"2018-01-03T18:18:24","date_gmt":"2018-01-03T20:18:24","guid":{"rendered":"http:\/\/aconteceunovale.com.br\/portal\/?p=125733"},"modified":"2018-01-03T18:18:24","modified_gmt":"2018-01-03T20:18:24","slug":"anvisa-proibe-venda-de-lote-de-leite-condensado-produzido-em-minas","status":"publish","type":"post","link":"https:\/\/aconteceunovale.com.br\/portal\/?p=125733","title":{"rendered":"Anvisa pro\u00edbe venda de lote de leite condensado produzido em Minas"},"content":{"rendered":"<p>O leite condensado da marca Fazendeira teve um lote proibido pela Anvisa. O lote vetado foi o 0681M1, que j\u00e1 havia passado por\u00a0<span style=\"text-decoration: underline;\"><span style=\"color: #ff0000;\"><a href=\"http:\/\/portal.anvisa.gov.br\/noticias\/-\/asset_publisher\/FXrpx9qY7FbU\/content\/lote-de-leite-condensado-fazendeira-e-interditado\/219201\/pop_up?_101_INSTANCE_FXrpx9qY7FbU_viewMode=print&amp;_101_INSTANCE_FXrpx9qY7FbU_languageId=pt_BR\"><span style=\"color: #ff0000; text-decoration: underline;\">interdi\u00e7\u00e3o preventiva de 90 dias<\/span><\/a><\/span><\/span>\u00a0e foi definitivamente proibido por n\u00e3o apresentar contraprova \u00e0 interdi\u00e7\u00e3o inicial.<\/p>\n<p>A decis\u00e3o foi tomada por conta de laudo de an\u00e1lise emitido pelo Laborat\u00f3rio Central Noel Nutels, do Rio de Janeiro. O parecer constatou presen\u00e7a, em excesso, de Estafilococos Coagulase Positiva, bact\u00e9ria que pode provocar v\u00f4mitos, dor de barriga e mal-estar.<\/p>\n<p>A empresa Baduy e Cia Ltda., de Ituiutaba (MG), fabricante do leite condensado Fazendeira, n\u00e3o poder\u00e1 mais comercializar e distribuir o produto, al\u00e9m de ter que recolher todo o estoque existente no mercado.<\/p>\n<p>A defini\u00e7\u00e3o est\u00e1 na\u00a0<span style=\"text-decoration: underline;\"><span style=\"color: #ff0000;\"><a href=\"http:\/\/portal.imprensanacional.gov.br\/web\/guest\/consulta?p_p_id=101&amp;p_p_lifecycle=0&amp;p_p_state=maximized&amp;p_p_mode=view&amp;_101_struts_action=%2Fasset_publisher%2Fview_content&amp;_101_returnToFullPageURL=%2Fconsulta&amp;_101_assetEntryId=1433587&amp;_101_type=content&amp;_101_groupId=68942&amp;_101_urlTitle=resolucao-re-n-3-415-de-26-de-dezembro-de-2017-1433583&amp;_101_redirect=http%3A%2F%2Fportal.imprensanacional.gov.br%2Fweb%2Fguest%2Fconsulta%3Fp_p_id%3D3%26p_p_lifecycle%3D0%26p_p_state%3Dmaximized%26p_p_mode%3Dview%26_3_groupId%3D0%26_3_keywords%3Dfazendeira%26_3_struts_action%3D%252Fsearch%252Fsearch%26_3_redirect%3D%252Fconsulta&amp;inheritRedirect=true\"><span style=\"color: #ff0000; text-decoration: underline;\">Resolu\u00e7\u00e3o \u2013 RE n\u00b0 3415<\/span><\/a><\/span><\/span>, publicada no Di\u00e1rio Oficial da Uni\u00e3o.<\/p>\n<p><strong>Nota de esclarecimento da Baduy<\/strong><\/p>\n<p><em>A Empresa Baduy e Cia Ltda., vem respeitosamente em resposta a publica\u00e7\u00e3o divulgada pela ANVISA, informar que toda a documenta\u00e7\u00e3o e esclarecimentos foram prestados aos \u00f3rg\u00e3os competentes (ANVISA e Vigil\u00e2ncia Sanit\u00e1ria), inclusive j\u00e1 fora realizado o RECALL do produto na \u00e9poca do ocorrido. Informa ainda que n\u00e3o h\u00e1 nenhuma quantidade do produto em nosso estoque. Al\u00e9m disso, fora feito a rastreabilidade do produto e a quantidade encontrada no mercado j\u00e1 fora recolhida e descartada.<\/p>\n<p>Insta salientar ainda que, sempre preocupados com a qualidade e a seguran\u00e7a dos produtos que oferecemos, exercemos um severo controle em todas as etapas do processo de fabrica\u00e7\u00e3o dos produtos, desde a sele\u00e7\u00e3o dos ingredientes at\u00e9 a fase final de embalagem e distribui\u00e7\u00e3o. A qualidade e a uniformidade dos nossos produtos seguem rigorosamente os requisitos regulamentares pelo MAPA\/DIPOA (Minist\u00e9rio da Agricultura, Pecu\u00e1ria e Abastecimento \/Departamento de Inspe\u00e7\u00e3o de Produtos de Origem Animal).<\/p>\n<p>Que n\u00e3o houve registro(s) no SAC ou em qualquer outro \u00f3rg\u00e3o com reclama\u00e7\u00f5es do produto Leite Condensado Fazendeira com data de fabrica\u00e7\u00e3o do dia 17\/01\/2017 Lote 0681 M1.<\/p>\n<p>Para garantir e certificar a qualidade de nosso produto, imediatamente solicitamos a realiza\u00e7\u00e3o de laudo t\u00e9cnico Certificado pelo Laborat\u00f3rio IBERPHARM No. 140213-74 para pesquisa de microrganismos patog\u00eanicos, incluindo Contagem de Estafilococos Coagulase Positiva, NO MESMO LOTE DE PRODUTOS questionado. O LAUDO REALIZADO POR INSTITUTO COM REFER\u00caNCIA NACIONAL N\u00c3O APRESENTOU NENHUMA IRREGULARIDADE.<\/p>\n<p>Neste sentido, aproveitamos a oportunidade para reiterar nosso compromisso de qualidade e confiabilidade dos nossos produtos com o consumidor, e informamos que o consumo do produto n\u00e3o oferecia riscos para a sa\u00fade.<\/p>\n<p>A Baduy e Cia. \u00e9 uma empresa que est\u00e1 h\u00e1 80 anos no mercado de produtos latic\u00ednios e se preocupa com a qualidade e com o controle microbiol\u00f3gico efetivo de todos os produtos e que est\u00e1 a disposi\u00e7\u00e3o atrav\u00e9s do SAC (Servi\u00e7o de Atendimento ao Consumidor), cujo contato se encontra na embalagem de nossos produtos, para quaisquer outros esclarecimentos.<\/em><\/p>\n<p><strong>VER PRIMEIRO<\/strong><\/p>\n<p>Receba as not\u00edcias do Aconteceu no Vale em primeira m\u00e3o. Clique em curtir no endere\u00e7o <a href=\"https:\/\/www.facebook.com\/aconteceunovale\" target=\"_blank\"><font color=\"red\">www.facebook.com\/aconteceunovale<\/font><\/a> ou no box abaixo:<\/p>\n<div class=\"fb-like\" data-href=\"https:\/\/www.facebook.com\/aconteceunovale\" data-width=\"120\" data-layout=\"standard\" data-action=\"like\" data-size=\"small\" data-show-faces=\"true\" data-share=\"true\"><\/div>\n<p><\/br><\/p>\n<p><em>(Com Anvisa)<\/em><\/p>\n","protected":false},"excerpt":{"rendered":"<p>O leite condensado da marca Fazendeira teve um lote proibido pela Anvisa. O lote vetado foi o 0681M1, que j\u00e1 havia passado por\u00a0interdi\u00e7\u00e3o preventiva de 90 dias\u00a0e foi definitivamente proibido por n\u00e3o apresentar contraprova \u00e0 interdi\u00e7\u00e3o inicial. A decis\u00e3o foi tomada por conta de laudo de an\u00e1lise emitido pelo Laborat\u00f3rio Central Noel Nutels, do Rio [&hellip;]<\/p>\n","protected":false},"author":1,"featured_media":125734,"comment_status":"open","ping_status":"closed","sticky":false,"template":"","format":"standard","meta":{"amp_status":"","footnotes":""},"categories":[123,40242],"tags":[166538,166537,166532,166534,203,166533,166535,166536],"class_list":["post-125733","post","type-post","status-publish","format-standard","has-post-thumbnail","hentry","category-gerais","category-saude-2","tag-anvisa-proibe-venda-de-lote-de-leite-condensado-produzido-em-ituiutaba","tag-anvisa-proibe-venda-de-lote-de-leite-condensado-produzido-em-minas","tag-baduy-e-cia","tag-fazendeira","tag-ituiutaba","tag-leide-condensado-baduy-e-cia","tag-leite-condensado-fazendeira","tag-proibicao-do-leite-condensado-fazendeira"],"yoast_head":"<!-- This site is optimized with the Yoast SEO plugin v28.3 - https:\/\/yoast.com\/product\/yoast-seo-wordpress\/ -->\n<title>Anvisa pro\u00edbe venda de lote de leite condensado produzido em Minas - Aconteceu no Vale<\/title>\n<meta name=\"robots\" content=\"index, follow, max-snippet:-1, max-image-preview:large, max-video-preview:-1\" \/>\n<link rel=\"canonical\" href=\"https:\/\/aconteceunovale.com.br\/portal\/?p=125733\" \/>\n<meta property=\"og:locale\" content=\"pt_BR\" \/>\n<meta property=\"og:type\" content=\"article\" \/>\n<meta property=\"og:title\" content=\"Anvisa pro\u00edbe venda de lote de leite condensado produzido em Minas - Aconteceu no Vale\" \/>\n<meta property=\"og:description\" content=\"O leite condensado da marca Fazendeira teve um lote proibido pela Anvisa. O lote vetado foi o 0681M1, que j\u00e1 havia passado por\u00a0interdi\u00e7\u00e3o preventiva de 90 dias\u00a0e foi definitivamente proibido por n\u00e3o apresentar contraprova \u00e0 interdi\u00e7\u00e3o inicial. A decis\u00e3o foi tomada por conta de laudo de an\u00e1lise emitido pelo Laborat\u00f3rio Central Noel Nutels, do Rio [&hellip;]\" \/>\n<meta property=\"og:url\" content=\"https:\/\/aconteceunovale.com.br\/portal\/?p=125733\" \/>\n<meta property=\"og:site_name\" content=\"Aconteceu no Vale\" \/>\n<meta property=\"article:publisher\" content=\"https:\/\/www.facebook.com\/aconteceunovale\/\" \/>\n<meta property=\"article:published_time\" content=\"2018-01-03T20:18:24+00:00\" \/>\n<meta property=\"og:image\" content=\"https:\/\/aconteceunovale.com.br\/portal\/wp-content\/uploads\/2018\/01\/leite_condensado.jpg\" \/>\n\t<meta property=\"og:image:width\" content=\"675\" \/>\n\t<meta property=\"og:image:height\" content=\"450\" \/>\n\t<meta property=\"og:image:type\" content=\"image\/jpeg\" \/>\n<meta name=\"author\" content=\"Aconteceu no Vale\" \/>\n<meta name=\"twitter:card\" content=\"summary_large_image\" \/>\n<meta name=\"twitter:creator\" content=\"@noticiadosvales\" \/>\n<meta name=\"twitter:site\" content=\"@noticiadosvales\" \/>\n<meta name=\"twitter:label1\" content=\"Escrito por\" \/>\n\t<meta name=\"twitter:data1\" content=\"Aconteceu no Vale\" \/>\n\t<meta name=\"twitter:label2\" content=\"Est. tempo de leitura\" \/>\n\t<meta name=\"twitter:data2\" content=\"3 minutos\" \/>\n<script type=\"application\/ld+json\" class=\"yoast-schema-graph\">{\"@context\":\"https:\\\/\\\/schema.org\",\"@graph\":[{\"@type\":\"Article\",\"@id\":\"https:\\\/\\\/aconteceunovale.com.br\\\/portal\\\/?p=125733#article\",\"isPartOf\":{\"@id\":\"https:\\\/\\\/aconteceunovale.com.br\\\/portal\\\/?p=125733\"},\"author\":{\"name\":\"Aconteceu no Vale\",\"@id\":\"https:\\\/\\\/aconteceunovale.com.br\\\/portal\\\/#\\\/schema\\\/person\\\/633529146f2c94272bef50ac2953d589\"},\"headline\":\"Anvisa pro\u00edbe venda de lote de leite condensado produzido em Minas\",\"datePublished\":\"2018-01-03T20:18:24+00:00\",\"mainEntityOfPage\":{\"@id\":\"https:\\\/\\\/aconteceunovale.com.br\\\/portal\\\/?p=125733\"},\"wordCount\":530,\"commentCount\":0,\"image\":{\"@id\":\"https:\\\/\\\/aconteceunovale.com.br\\\/portal\\\/?p=125733#primaryimage\"},\"thumbnailUrl\":\"https:\\\/\\\/aconteceunovale.com.br\\\/portal\\\/wp-content\\\/uploads\\\/2018\\\/01\\\/leite_condensado.jpg\",\"keywords\":[\"Anvisa pro\u00edbe venda de lote de leite condensado produzido em Ituiutaba\",\"Anvisa pro\u00edbe venda de lote de leite condensado produzido em Minas\",\"Baduy e Cia\",\"Fazendeira\",\"Ituiutaba\",\"Leide condensado Baduy e Cia\",\"Leite condensado Fazendeira\",\"Proibi\u00e7\u00e3o do leite condensado Fazendeira\"],\"articleSection\":[\"Minas Gerais\",\"Sa\u00fade\"],\"inLanguage\":\"pt-BR\",\"potentialAction\":[{\"@type\":\"CommentAction\",\"name\":\"Comment\",\"target\":[\"https:\\\/\\\/aconteceunovale.com.br\\\/portal\\\/?p=125733#respond\"]}]},{\"@type\":\"WebPage\",\"@id\":\"https:\\\/\\\/aconteceunovale.com.br\\\/portal\\\/?p=125733\",\"url\":\"https:\\\/\\\/aconteceunovale.com.br\\\/portal\\\/?p=125733\",\"name\":\"Anvisa pro\u00edbe venda de lote de leite condensado produzido em Minas - Aconteceu no Vale\",\"isPartOf\":{\"@id\":\"https:\\\/\\\/aconteceunovale.com.br\\\/portal\\\/#website\"},\"primaryImageOfPage\":{\"@id\":\"https:\\\/\\\/aconteceunovale.com.br\\\/portal\\\/?p=125733#primaryimage\"},\"image\":{\"@id\":\"https:\\\/\\\/aconteceunovale.com.br\\\/portal\\\/?p=125733#primaryimage\"},\"thumbnailUrl\":\"https:\\\/\\\/aconteceunovale.com.br\\\/portal\\\/wp-content\\\/uploads\\\/2018\\\/01\\\/leite_condensado.jpg\",\"datePublished\":\"2018-01-03T20:18:24+00:00\",\"author\":{\"@id\":\"https:\\\/\\\/aconteceunovale.com.br\\\/portal\\\/#\\\/schema\\\/person\\\/633529146f2c94272bef50ac2953d589\"},\"breadcrumb\":{\"@id\":\"https:\\\/\\\/aconteceunovale.com.br\\\/portal\\\/?p=125733#breadcrumb\"},\"inLanguage\":\"pt-BR\",\"potentialAction\":[{\"@type\":\"ReadAction\",\"target\":[\"https:\\\/\\\/aconteceunovale.com.br\\\/portal\\\/?p=125733\"]}]},{\"@type\":\"ImageObject\",\"inLanguage\":\"pt-BR\",\"@id\":\"https:\\\/\\\/aconteceunovale.com.br\\\/portal\\\/?p=125733#primaryimage\",\"url\":\"https:\\\/\\\/aconteceunovale.com.br\\\/portal\\\/wp-content\\\/uploads\\\/2018\\\/01\\\/leite_condensado.jpg\",\"contentUrl\":\"https:\\\/\\\/aconteceunovale.com.br\\\/portal\\\/wp-content\\\/uploads\\\/2018\\\/01\\\/leite_condensado.jpg\",\"width\":675,\"height\":450},{\"@type\":\"BreadcrumbList\",\"@id\":\"https:\\\/\\\/aconteceunovale.com.br\\\/portal\\\/?p=125733#breadcrumb\",\"itemListElement\":[{\"@type\":\"ListItem\",\"position\":1,\"name\":\"In\u00edcio\",\"item\":\"https:\\\/\\\/aconteceunovale.com.br\\\/portal\\\/\"},{\"@type\":\"ListItem\",\"position\":2,\"name\":\"Anvisa pro\u00edbe venda de lote de leite condensado produzido em Minas\"}]},{\"@type\":\"WebSite\",\"@id\":\"https:\\\/\\\/aconteceunovale.com.br\\\/portal\\\/#website\",\"url\":\"https:\\\/\\\/aconteceunovale.com.br\\\/portal\\\/\",\"name\":\"Aconteceu no Vale\",\"description\":\"Portal de Not\u00edcias\",\"potentialAction\":[{\"@type\":\"SearchAction\",\"target\":{\"@type\":\"EntryPoint\",\"urlTemplate\":\"https:\\\/\\\/aconteceunovale.com.br\\\/portal\\\/?s={search_term_string}\"},\"query-input\":{\"@type\":\"PropertyValueSpecification\",\"valueRequired\":true,\"valueName\":\"search_term_string\"}}],\"inLanguage\":\"pt-BR\"},{\"@type\":\"Person\",\"@id\":\"https:\\\/\\\/aconteceunovale.com.br\\\/portal\\\/#\\\/schema\\\/person\\\/633529146f2c94272bef50ac2953d589\",\"name\":\"Aconteceu no Vale\",\"description\":\"Equipe de reportagem do Aconteceu no Vale, portal de not\u00edcias do Vale do Jequitinhonha, em Minas Gerais. Cobrimos as 51 cidades do Vale desde 2013. Sugest\u00f5es de pauta e pedidos de corre\u00e7\u00e3o: contato@aconteceunovale.com.br\",\"sameAs\":[\"http:\\\/\\\/www.aconteceunovale.com.br\"],\"url\":\"https:\\\/\\\/aconteceunovale.com.br\\\/portal\\\/?author=1\"}]}<\/script>\n<!-- \/ Yoast SEO plugin. -->","yoast_head_json":{"title":"Anvisa pro\u00edbe venda de lote de leite condensado produzido em Minas - Aconteceu no Vale","robots":{"index":"index","follow":"follow","max-snippet":"max-snippet:-1","max-image-preview":"max-image-preview:large","max-video-preview":"max-video-preview:-1"},"canonical":"https:\/\/aconteceunovale.com.br\/portal\/?p=125733","og_locale":"pt_BR","og_type":"article","og_title":"Anvisa pro\u00edbe venda de lote de leite condensado produzido em Minas - Aconteceu no Vale","og_description":"O leite condensado da marca Fazendeira teve um lote proibido pela Anvisa. O lote vetado foi o 0681M1, que j\u00e1 havia passado por\u00a0interdi\u00e7\u00e3o preventiva de 90 dias\u00a0e foi definitivamente proibido por n\u00e3o apresentar contraprova \u00e0 interdi\u00e7\u00e3o inicial. A decis\u00e3o foi tomada por conta de laudo de an\u00e1lise emitido pelo Laborat\u00f3rio Central Noel Nutels, do Rio [&hellip;]","og_url":"https:\/\/aconteceunovale.com.br\/portal\/?p=125733","og_site_name":"Aconteceu no Vale","article_publisher":"https:\/\/www.facebook.com\/aconteceunovale\/","article_published_time":"2018-01-03T20:18:24+00:00","og_image":[{"width":675,"height":450,"url":"https:\/\/aconteceunovale.com.br\/portal\/wp-content\/uploads\/2018\/01\/leite_condensado.jpg","type":"image\/jpeg"}],"author":"Aconteceu no Vale","twitter_card":"summary_large_image","twitter_creator":"@noticiadosvales","twitter_site":"@noticiadosvales","twitter_misc":{"Escrito por":"Aconteceu no Vale","Est. tempo de leitura":"3 minutos"},"schema":{"@context":"https:\/\/schema.org","@graph":[{"@type":"Article","@id":"https:\/\/aconteceunovale.com.br\/portal\/?p=125733#article","isPartOf":{"@id":"https:\/\/aconteceunovale.com.br\/portal\/?p=125733"},"author":{"name":"Aconteceu no Vale","@id":"https:\/\/aconteceunovale.com.br\/portal\/#\/schema\/person\/633529146f2c94272bef50ac2953d589"},"headline":"Anvisa pro\u00edbe venda de lote de leite condensado produzido em Minas","datePublished":"2018-01-03T20:18:24+00:00","mainEntityOfPage":{"@id":"https:\/\/aconteceunovale.com.br\/portal\/?p=125733"},"wordCount":530,"commentCount":0,"image":{"@id":"https:\/\/aconteceunovale.com.br\/portal\/?p=125733#primaryimage"},"thumbnailUrl":"https:\/\/aconteceunovale.com.br\/portal\/wp-content\/uploads\/2018\/01\/leite_condensado.jpg","keywords":["Anvisa pro\u00edbe venda de lote de leite condensado produzido em Ituiutaba","Anvisa pro\u00edbe venda de lote de leite condensado produzido em Minas","Baduy e Cia","Fazendeira","Ituiutaba","Leide condensado Baduy e Cia","Leite condensado Fazendeira","Proibi\u00e7\u00e3o do leite condensado Fazendeira"],"articleSection":["Minas Gerais","Sa\u00fade"],"inLanguage":"pt-BR","potentialAction":[{"@type":"CommentAction","name":"Comment","target":["https:\/\/aconteceunovale.com.br\/portal\/?p=125733#respond"]}]},{"@type":"WebPage","@id":"https:\/\/aconteceunovale.com.br\/portal\/?p=125733","url":"https:\/\/aconteceunovale.com.br\/portal\/?p=125733","name":"Anvisa pro\u00edbe venda de lote de leite condensado produzido em Minas - Aconteceu no Vale","isPartOf":{"@id":"https:\/\/aconteceunovale.com.br\/portal\/#website"},"primaryImageOfPage":{"@id":"https:\/\/aconteceunovale.com.br\/portal\/?p=125733#primaryimage"},"image":{"@id":"https:\/\/aconteceunovale.com.br\/portal\/?p=125733#primaryimage"},"thumbnailUrl":"https:\/\/aconteceunovale.com.br\/portal\/wp-content\/uploads\/2018\/01\/leite_condensado.jpg","datePublished":"2018-01-03T20:18:24+00:00","author":{"@id":"https:\/\/aconteceunovale.com.br\/portal\/#\/schema\/person\/633529146f2c94272bef50ac2953d589"},"breadcrumb":{"@id":"https:\/\/aconteceunovale.com.br\/portal\/?p=125733#breadcrumb"},"inLanguage":"pt-BR","potentialAction":[{"@type":"ReadAction","target":["https:\/\/aconteceunovale.com.br\/portal\/?p=125733"]}]},{"@type":"ImageObject","inLanguage":"pt-BR","@id":"https:\/\/aconteceunovale.com.br\/portal\/?p=125733#primaryimage","url":"https:\/\/aconteceunovale.com.br\/portal\/wp-content\/uploads\/2018\/01\/leite_condensado.jpg","contentUrl":"https:\/\/aconteceunovale.com.br\/portal\/wp-content\/uploads\/2018\/01\/leite_condensado.jpg","width":675,"height":450},{"@type":"BreadcrumbList","@id":"https:\/\/aconteceunovale.com.br\/portal\/?p=125733#breadcrumb","itemListElement":[{"@type":"ListItem","position":1,"name":"In\u00edcio","item":"https:\/\/aconteceunovale.com.br\/portal\/"},{"@type":"ListItem","position":2,"name":"Anvisa pro\u00edbe venda de lote de leite condensado produzido em Minas"}]},{"@type":"WebSite","@id":"https:\/\/aconteceunovale.com.br\/portal\/#website","url":"https:\/\/aconteceunovale.com.br\/portal\/","name":"Aconteceu no Vale","description":"Portal de Not\u00edcias","potentialAction":[{"@type":"SearchAction","target":{"@type":"EntryPoint","urlTemplate":"https:\/\/aconteceunovale.com.br\/portal\/?s={search_term_string}"},"query-input":{"@type":"PropertyValueSpecification","valueRequired":true,"valueName":"search_term_string"}}],"inLanguage":"pt-BR"},{"@type":"Person","@id":"https:\/\/aconteceunovale.com.br\/portal\/#\/schema\/person\/633529146f2c94272bef50ac2953d589","name":"Aconteceu no Vale","description":"Equipe de reportagem do Aconteceu no Vale, portal de not\u00edcias do Vale do Jequitinhonha, em Minas Gerais. Cobrimos as 51 cidades do Vale desde 2013. Sugest\u00f5es de pauta e pedidos de corre\u00e7\u00e3o: contato@aconteceunovale.com.br","sameAs":["http:\/\/www.aconteceunovale.com.br"],"url":"https:\/\/aconteceunovale.com.br\/portal\/?author=1"}]}},"_links":{"self":[{"href":"https:\/\/aconteceunovale.com.br\/portal\/index.php?rest_route=\/wp\/v2\/posts\/125733","targetHints":{"allow":["GET"]}}],"collection":[{"href":"https:\/\/aconteceunovale.com.br\/portal\/index.php?rest_route=\/wp\/v2\/posts"}],"about":[{"href":"https:\/\/aconteceunovale.com.br\/portal\/index.php?rest_route=\/wp\/v2\/types\/post"}],"author":[{"embeddable":true,"href":"https:\/\/aconteceunovale.com.br\/portal\/index.php?rest_route=\/wp\/v2\/users\/1"}],"replies":[{"embeddable":true,"href":"https:\/\/aconteceunovale.com.br\/portal\/index.php?rest_route=%2Fwp%2Fv2%2Fcomments&post=125733"}],"version-history":[{"count":0,"href":"https:\/\/aconteceunovale.com.br\/portal\/index.php?rest_route=\/wp\/v2\/posts\/125733\/revisions"}],"wp:featuredmedia":[{"embeddable":true,"href":"https:\/\/aconteceunovale.com.br\/portal\/index.php?rest_route=\/wp\/v2\/media\/125734"}],"wp:attachment":[{"href":"https:\/\/aconteceunovale.com.br\/portal\/index.php?rest_route=%2Fwp%2Fv2%2Fmedia&parent=125733"}],"wp:term":[{"taxonomy":"category","embeddable":true,"href":"https:\/\/aconteceunovale.com.br\/portal\/index.php?rest_route=%2Fwp%2Fv2%2Fcategories&post=125733"},{"taxonomy":"post_tag","embeddable":true,"href":"https:\/\/aconteceunovale.com.br\/portal\/index.php?rest_route=%2Fwp%2Fv2%2Ftags&post=125733"}],"curies":[{"name":"wp","href":"https:\/\/api.w.org\/{rel}","templated":true}]}}