{"id":125554,"date":"2017-12-30T20:48:17","date_gmt":"2017-12-30T22:48:17","guid":{"rendered":"http:\/\/aconteceunovale.com.br\/portal\/?p=125554"},"modified":"2017-12-30T20:48:17","modified_gmt":"2017-12-30T22:48:17","slug":"ladrao-e-esfaqueado-ao-tentar-assaltar-casa-em-montes-claros","status":"publish","type":"post","link":"https:\/\/aconteceunovale.com.br\/portal\/?p=125554","title":{"rendered":"Ladr\u00e3o \u00e9 esfaqueado ao tentar assaltar casa em Montes Claros"},"content":{"rendered":"<p>Um criminoso foi esfaqueado durante uma tentativa de assalto em uma casa, em Montes Claros, na madrugada deste s\u00e1bado (30\/12\/2017). De acordo com a Pol\u00edcia Militar (PM), ele e dois comparsas invadiram o im\u00f3vel, no Bairro Eldorado, amarraram um dos moradores com uma corda e usaram uma camisa para amorda\u00e7\u00e1-lo.<\/p>\n<p>Em seguida, os bandidos renderam outro morador que estava dormindo em um dos quartos. Ele reagiu ao assalto e houve luta corporal. A v\u00edtima foi agredida por coronhadas na cabe\u00e7a, mas conseguiu pegar uma faca e atingiu um dos bandidos na regi\u00e3o do abd\u00f4men.<\/p>\n<p>Durante a confus\u00e3o, os outros dois criminosos conseguiram fugir pulando muros. O bandido ferido tentou fugir e caiu ao ch\u00e3o, sendo imobilizado pelos moradores at\u00e9 a chegada da pol\u00edcia. Ele foi encaminhado ao hospital pelo Samu sob escolta policial e permanece internado. O morador tamb\u00e9m precisou de atendimento m\u00e9dico por conta dos ferimentos na cabe\u00e7a. A pol\u00edcia apreendeu uma garrucha e um simulacro de arma.<\/p>\n<p><img decoding=\"async\" src=\"http:\/\/aconteceunovale.com.br\/portal\/wp-content\/uploads\/2017\/12\/roubo_moc_1.jpg\" alt=\"\" \/><em>PM apreendeu uma garrucha e um simulacro de arma (Foto: Pol\u00edcia Militar\/Divulga\u00e7\u00e3o)<\/em><br \/>\n<\/br><\/p>\n<p><strong>VER PRIMEIRO<\/strong><\/p>\n<p>Receba as not\u00edcias do Aconteceu no Vale em primeira m\u00e3o. Clique em curtir no endere\u00e7o <a href=\"https:\/\/www.facebook.com\/aconteceunovale\" target=\"_blank\"><font color=\"red\">www.facebook.com\/aconteceunovale<\/font><\/a> ou no box abaixo:<\/p>\n<div class=\"fb-like\" data-href=\"https:\/\/www.facebook.com\/aconteceunovale\" data-width=\"120\" data-layout=\"standard\" data-action=\"like\" data-size=\"small\" data-show-faces=\"true\" data-share=\"true\"><\/div>\n<p><\/br><\/p>\n<p><em>(Fonte: G1 Grande Minas)<\/em><\/p>\n","protected":false},"excerpt":{"rendered":"<p>Um criminoso foi esfaqueado durante uma tentativa de assalto em uma casa, em Montes Claros, na madrugada deste s\u00e1bado (30\/12\/2017). De acordo com a Pol\u00edcia Militar (PM), ele e dois comparsas invadiram o im\u00f3vel, no Bairro Eldorado, amarraram um dos moradores com uma corda e usaram uma camisa para amorda\u00e7\u00e1-lo. Em seguida, os bandidos renderam [&hellip;]<\/p>\n","protected":false},"author":1,"featured_media":125555,"comment_status":"open","ping_status":"closed","sticky":false,"template":"","format":"standard","meta":{"amp_status":"","footnotes":""},"categories":[1236],"tags":[73279,49746,166251,166252,210,61641],"class_list":["post-125554","post","type-post","status-publish","format-standard","has-post-thumbnail","hentry","category-norte_de_minas","tag-assalto-montes-claros","tag-esfaqueado-em-montes-claros","tag-ladrao-e-esfaqueado-ao-tentar-assaltar-casa-em-montes-claros","tag-ladrao-esfaqueado-em-montes-claros","tag-montes-claros","tag-roubo-montes-claros"],"_links":{"self":[{"href":"https:\/\/aconteceunovale.com.br\/portal\/index.php?rest_route=\/wp\/v2\/posts\/125554","targetHints":{"allow":["GET"]}}],"collection":[{"href":"https:\/\/aconteceunovale.com.br\/portal\/index.php?rest_route=\/wp\/v2\/posts"}],"about":[{"href":"https:\/\/aconteceunovale.com.br\/portal\/index.php?rest_route=\/wp\/v2\/types\/post"}],"author":[{"embeddable":true,"href":"https:\/\/aconteceunovale.com.br\/portal\/index.php?rest_route=\/wp\/v2\/users\/1"}],"replies":[{"embeddable":true,"href":"https:\/\/aconteceunovale.com.br\/portal\/index.php?rest_route=%2Fwp%2Fv2%2Fcomments&post=125554"}],"version-history":[{"count":0,"href":"https:\/\/aconteceunovale.com.br\/portal\/index.php?rest_route=\/wp\/v2\/posts\/125554\/revisions"}],"wp:featuredmedia":[{"embeddable":true,"href":"https:\/\/aconteceunovale.com.br\/portal\/index.php?rest_route=\/wp\/v2\/media\/125555"}],"wp:attachment":[{"href":"https:\/\/aconteceunovale.com.br\/portal\/index.php?rest_route=%2Fwp%2Fv2%2Fmedia&parent=125554"}],"wp:term":[{"taxonomy":"category","embeddable":true,"href":"https:\/\/aconteceunovale.com.br\/portal\/index.php?rest_route=%2Fwp%2Fv2%2Fcategories&post=125554"},{"taxonomy":"post_tag","embeddable":true,"href":"https:\/\/aconteceunovale.com.br\/portal\/index.php?rest_route=%2Fwp%2Fv2%2Ftags&post=125554"}],"curies":[{"name":"wp","href":"https:\/\/api.w.org\/{rel}","templated":true}]}}