{"id":125550,"date":"2017-12-30T20:02:30","date_gmt":"2017-12-30T22:02:30","guid":{"rendered":"http:\/\/aconteceunovale.com.br\/portal\/?p=125550"},"modified":"2017-12-30T20:02:30","modified_gmt":"2017-12-30T22:02:30","slug":"ambulancia-do-samu-e-carro-colidem-frontalmente-na-br-381","status":"publish","type":"post","link":"https:\/\/aconteceunovale.com.br\/portal\/?p=125550","title":{"rendered":"Ambul\u00e2ncia do Samu e carro colidem frontalmente na BR-381"},"content":{"rendered":"<p>Uma viatura do Servi\u00e7o de Atendimento M\u00f3vel de Urg\u00eancia (Samu) se envolveu em um acidente na tarde deste s\u00e1bado (30\/12\/2017) na BR-381, pr\u00f3ximo a Ravena, na Regi\u00e3o Metropolitana de Belo Horizonte. O ve\u00edculo foi atingido de frente. Os socorristas transportavam v\u00edtimas de outra ocorr\u00eancia que aconteceu mais cedo. As primeiras informa\u00e7\u00f5es indicam que aproximadamente oito pessoas ficaram feridas. <\/p>\n<p>De acordo com a Pol\u00edcia Rodovi\u00e1ria Federal (PRF), a viatura atendeu uma ocorr\u00eancia no km 443, na sa\u00edda para o Esp\u00edrito Santo. Um carro saiu da pista por motivos desconhecidos. Cinco pessoas foram atendidas e socorridas.<\/p>\n<p>Quando a ambul\u00e2ncia retornava em dire\u00e7\u00e3o a Belo Horizonte depois de atender as v\u00edtimas foi atingida de frente por outro ve\u00edculo pr\u00f3ximo a Ravena. As causas ainda est\u00e3o sendo apuradas pela corpora\u00e7\u00e3o. A informa\u00e7\u00e3o passada por testemunhas \u00e9 que entre oito e nove pessoas ficaram feridas. Viaturas da PRF e de resgate deslocaram para o local para prestar atendimento.<\/p>\n<p>O tr\u00e2nsito ficou lento na rodovia devido ao acidente.<\/p>\n<p><img decoding=\"async\" src=\"http:\/\/aconteceunovale.com.br\/portal\/wp-content\/uploads\/2017\/12\/acidente_samu_1.jpg\" alt=\"\" \/><em>Ambul\u00e2ncia foi atingida quando passava por Ravena (Foto: Reprodu\u00e7\u00e3o\/WhatsApp)<\/em><br \/>\n<\/br><\/p>\n<p><img decoding=\"async\" src=\"http:\/\/aconteceunovale.com.br\/portal\/wp-content\/uploads\/2017\/12\/acidente_samu_2.jpg\" alt=\"\" \/><em>Ambul\u00e2ncia foi atingida quando passava por Ravena (Foto: Reprodu\u00e7\u00e3o\/WhatsApp)<\/em><br \/>\n<\/br><\/p>\n<p><strong>VER PRIMEIRO<\/strong><\/p>\n<p>Receba as not\u00edcias do Aconteceu no Vale em primeira m\u00e3o. Clique em curtir no endere\u00e7o <a href=\"https:\/\/www.facebook.com\/aconteceunovale\" target=\"_blank\"><font color=\"red\">www.facebook.com\/aconteceunovale<\/font><\/a> ou no box abaixo:<\/p>\n<div class=\"fb-like\" data-href=\"https:\/\/www.facebook.com\/aconteceunovale\" data-width=\"120\" data-layout=\"standard\" data-action=\"like\" data-size=\"small\" data-show-faces=\"true\" data-share=\"true\"><\/div>\n<p><\/br><\/p>\n<p><em>(Fonte: Estado de Minas \/ Rep\u00f3rter: Jo\u00e3o Henrique do Vale)<\/em><\/p>\n","protected":false},"excerpt":{"rendered":"<p>Uma viatura do Servi\u00e7o de Atendimento M\u00f3vel de Urg\u00eancia (Samu) se envolveu em um acidente na tarde deste s\u00e1bado (30\/12\/2017) na BR-381, pr\u00f3ximo a Ravena, na Regi\u00e3o Metropolitana de Belo Horizonte. O ve\u00edculo foi atingido de frente. Os socorristas transportavam v\u00edtimas de outra ocorr\u00eancia que aconteceu mais cedo. As primeiras informa\u00e7\u00f5es indicam que aproximadamente oito [&hellip;]<\/p>\n","protected":false},"author":1,"featured_media":125551,"comment_status":"open","ping_status":"closed","sticky":false,"template":"","format":"standard","meta":{"amp_status":"","footnotes":""},"categories":[123],"tags":[166249,166250,166248,8237,166247,1397],"class_list":["post-125550","post","type-post","status-publish","format-standard","has-post-thumbnail","hentry","category-gerais","tag-acidente-com-ambulancia-do-samu","tag-acidente-com-ambulancia-na-br-381","tag-acidente-na-ambulancia-do-samu-na-br-381","tag-acidente-na-br-381","tag-ambulancia-do-samu-e-carro-colidem-frontalmente-na-br-381","tag-br-381"],"_links":{"self":[{"href":"https:\/\/aconteceunovale.com.br\/portal\/index.php?rest_route=\/wp\/v2\/posts\/125550","targetHints":{"allow":["GET"]}}],"collection":[{"href":"https:\/\/aconteceunovale.com.br\/portal\/index.php?rest_route=\/wp\/v2\/posts"}],"about":[{"href":"https:\/\/aconteceunovale.com.br\/portal\/index.php?rest_route=\/wp\/v2\/types\/post"}],"author":[{"embeddable":true,"href":"https:\/\/aconteceunovale.com.br\/portal\/index.php?rest_route=\/wp\/v2\/users\/1"}],"replies":[{"embeddable":true,"href":"https:\/\/aconteceunovale.com.br\/portal\/index.php?rest_route=%2Fwp%2Fv2%2Fcomments&post=125550"}],"version-history":[{"count":0,"href":"https:\/\/aconteceunovale.com.br\/portal\/index.php?rest_route=\/wp\/v2\/posts\/125550\/revisions"}],"wp:featuredmedia":[{"embeddable":true,"href":"https:\/\/aconteceunovale.com.br\/portal\/index.php?rest_route=\/wp\/v2\/media\/125551"}],"wp:attachment":[{"href":"https:\/\/aconteceunovale.com.br\/portal\/index.php?rest_route=%2Fwp%2Fv2%2Fmedia&parent=125550"}],"wp:term":[{"taxonomy":"category","embeddable":true,"href":"https:\/\/aconteceunovale.com.br\/portal\/index.php?rest_route=%2Fwp%2Fv2%2Fcategories&post=125550"},{"taxonomy":"post_tag","embeddable":true,"href":"https:\/\/aconteceunovale.com.br\/portal\/index.php?rest_route=%2Fwp%2Fv2%2Ftags&post=125550"}],"curies":[{"name":"wp","href":"https:\/\/api.w.org\/{rel}","templated":true}]}}