{"id":125542,"date":"2017-12-30T19:08:24","date_gmt":"2017-12-30T21:08:24","guid":{"rendered":"http:\/\/aconteceunovale.com.br\/portal\/?p=125542"},"modified":"2017-12-31T15:57:44","modified_gmt":"2017-12-31T17:57:44","slug":"dimas-e-seus-teclados-e-amado-batista-agitam-belo-horizonte-no-dia-27-de-janeiro","status":"publish","type":"post","link":"https:\/\/aconteceunovale.com.br\/portal\/?p=125542","title":{"rendered":"Dimas e Seus Teclados e Amado Batista agitam Belo Horizonte no dia 27 de janeiro"},"content":{"rendered":"<p>Dimas e Seus Teclados e Amado Batista agitar\u00e3o a noite dos belo-horizontinos no \u00faltimo s\u00e1bado de janeiro. Os cantores se apresentar\u00e3o no Bail\u00e3o Sertanejo Venda Nova, na Avenida El\u00edas Ant\u00f4nio Issa, n\u00ba 115, bairro Let\u00edcia (regi\u00e3o de Venda Nova). O evento ainda ter\u00e1 show como o Forr\u00f3 Bonde dos Feras.<\/p>\n<p>Os ingressos j\u00e1 est\u00e3o \u00e0 venda nos seguintes locais:<\/p>\n<p>&#8211; Loja CD&#8217;s &#038; Cia (Rua Carij\u00f3s, 430, Pra\u00e7a Sete, Centro de BH)<br \/>\n&#8211; Decis\u00e3o Atacarejo (Rua Padre Pedro Pinto, 2417, Venda Nova)<br \/>\n&#8211; Eldorado Esportes (Avenida Jo\u00e3o C\u00e9sar de Oliveira, 3359, Gl\u00f3ria)<br \/>\n&#8211; TK Ingressos (<a href=\"http:\/\/www.tkingressos.com.br\" target=\"_blank\">www.tkingressos.com.br<\/a>)<\/p>\n<p>Informa\u00e7\u00f5es: (31) 9 8737-4710<\/p>\n<p><img decoding=\"async\" src=\"http:\/\/aconteceunovale.com.br\/portal\/wp-content\/uploads\/2017\/12\/dimas_bh_1.jpg\" alt=\"\" \/><\/p>\n<p><img decoding=\"async\" src=\"http:\/\/aconteceunovale.com.br\/portal\/wp-content\/uploads\/2017\/12\/dimas_bh_2.jpg\" alt=\"\" \/><\/p>\n<p><strong>VER PRIMEIRO<\/strong><\/p>\n<p>Receba as not\u00edcias do Aconteceu no Vale em primeira m\u00e3o. Clique em curtir no endere\u00e7o <a href=\"https:\/\/www.facebook.com\/aconteceunovale\" target=\"_blank\"><font color=\"red\">www.facebook.com\/aconteceunovale<\/font><\/a> ou no box abaixo:<\/p>\n<div class=\"fb-like\" data-href=\"https:\/\/www.facebook.com\/aconteceunovale\" data-width=\"120\" data-layout=\"standard\" data-action=\"like\" data-size=\"small\" data-show-faces=\"true\" data-share=\"true\"><\/div>\n<p><\/br><\/p>\n","protected":false},"excerpt":{"rendered":"<p>Dimas e Seus Teclados e Amado Batista agitar\u00e3o a noite dos belo-horizontinos no \u00faltimo s\u00e1bado de janeiro. Os cantores se apresentar\u00e3o no Bail\u00e3o Sertanejo Venda Nova, na Avenida El\u00edas Ant\u00f4nio Issa, n\u00ba 115, bairro Let\u00edcia (regi\u00e3o de Venda Nova). O evento ainda ter\u00e1 show como o Forr\u00f3 Bonde dos Feras. Os ingressos j\u00e1 est\u00e3o \u00e0 [&hellip;]<\/p>\n","protected":false},"author":1,"featured_media":125545,"comment_status":"open","ping_status":"closed","sticky":false,"template":"","format":"standard","meta":{"amp_status":"","footnotes":""},"categories":[125],"tags":[166228,166230,166229,166231,166305,166233,166232,166304,52103,166234,166224,166225,166226,166227,166306],"class_list":["post-125542","post","type-post","status-publish","format-standard","has-post-thumbnail","hentry","category-noticias","tag-amado-batista","tag-amado-batista-em-belo-horizonte","tag-amado-batista-em-bh","tag-amado-batista-no-bailao-saramenha","tag-amado-batista-no-bailao-sertanejo-venda-nova","tag-bailao-saramenha","tag-bailao-saramenha-venda-nova","tag-bailao-sertanejo-venda-nova","tag-dimas-e-seus-teclados","tag-dimas-e-seus-teclados-e-amado-batista-agitam-belo-horizonte-no-dia-27-de-janeiro","tag-dimas-e-seus-teclados-e-amado-batista-agitam-noite-dos-belo-horizontinos-no-dia-27-de-janeiro","tag-dimas-e-seus-teclados-em-belo-horizonte","tag-dimas-e-seus-teclados-em-bh","tag-dimas-e-seus-teclados-no-bailao-saramenha","tag-dimas-e-seus-teclados-no-bailao-sertanejo-venda-nova"],"_links":{"self":[{"href":"https:\/\/aconteceunovale.com.br\/portal\/index.php?rest_route=\/wp\/v2\/posts\/125542","targetHints":{"allow":["GET"]}}],"collection":[{"href":"https:\/\/aconteceunovale.com.br\/portal\/index.php?rest_route=\/wp\/v2\/posts"}],"about":[{"href":"https:\/\/aconteceunovale.com.br\/portal\/index.php?rest_route=\/wp\/v2\/types\/post"}],"author":[{"embeddable":true,"href":"https:\/\/aconteceunovale.com.br\/portal\/index.php?rest_route=\/wp\/v2\/users\/1"}],"replies":[{"embeddable":true,"href":"https:\/\/aconteceunovale.com.br\/portal\/index.php?rest_route=%2Fwp%2Fv2%2Fcomments&post=125542"}],"version-history":[{"count":0,"href":"https:\/\/aconteceunovale.com.br\/portal\/index.php?rest_route=\/wp\/v2\/posts\/125542\/revisions"}],"wp:featuredmedia":[{"embeddable":true,"href":"https:\/\/aconteceunovale.com.br\/portal\/index.php?rest_route=\/wp\/v2\/media\/125545"}],"wp:attachment":[{"href":"https:\/\/aconteceunovale.com.br\/portal\/index.php?rest_route=%2Fwp%2Fv2%2Fmedia&parent=125542"}],"wp:term":[{"taxonomy":"category","embeddable":true,"href":"https:\/\/aconteceunovale.com.br\/portal\/index.php?rest_route=%2Fwp%2Fv2%2Fcategories&post=125542"},{"taxonomy":"post_tag","embeddable":true,"href":"https:\/\/aconteceunovale.com.br\/portal\/index.php?rest_route=%2Fwp%2Fv2%2Ftags&post=125542"}],"curies":[{"name":"wp","href":"https:\/\/api.w.org\/{rel}","templated":true}]}}