{"id":125537,"date":"2017-12-29T18:38:32","date_gmt":"2017-12-29T20:38:32","guid":{"rendered":"http:\/\/aconteceunovale.com.br\/portal\/?p=125537"},"modified":"2017-12-29T18:38:32","modified_gmt":"2017-12-29T20:38:32","slug":"conta-de-luz-de-janeiro-tera-bandeira-verde-sem-cobranca-extra","status":"publish","type":"post","link":"https:\/\/aconteceunovale.com.br\/portal\/?p=125537","title":{"rendered":"Conta de luz de janeiro ter\u00e1 bandeira verde, sem cobran\u00e7a extra"},"content":{"rendered":"<p>A Ag\u00eancia Nacional de Energia El\u00e9trica (Aneel) informou hoje (29\/12\/2017) que a bandeira tarif\u00e1ria das contas de luz em janeiro ser\u00e1 a verde, quando n\u00e3o h\u00e1 cobran\u00e7a de taxa extra.<\/p>\n<p>Em outubro e novembro, em raz\u00e3o dos baixos n\u00edveis dos reservat\u00f3rios das hidrel\u00e9tricas e da escassez de chuvas, a bandeira tarif\u00e1ria adotada pela Aneel foi a vermelha patamar 2, a mais cara do sistema, com cobran\u00e7a adicional de R$ 5 para cada 100 kWh (quilowatts-hora) consumidos.<\/p>\n<p>Em dezembro, a ag\u00eancia reguladora baixou a bandeira vermelha para o patamar 1, quando s\u00e3o cobrados R$ 3 a cada 100 kWh. A taxa extra se deve ao acionamento das usinas t\u00e9rmicas, que tem um custo maior para a produ\u00e7\u00e3o de energia.<\/p>\n<p>No in\u00edcio de dezembro, a Aneel j\u00e1 havia sinalizado a possibilidade de cobran\u00e7a da tarifa amarela em janeiro, quando o valor extra \u00e9 de R$ 1 a cada 100 kWh. No entanto, segundo a ag\u00eancia, com a chegada do per\u00edodo de chuvas, houve um acr\u00e9scimo no n\u00edvel dos reservat\u00f3rios, diminuindo a necessidade de acionamento das t\u00e9rmicas e possibilitando a ado\u00e7\u00e3o da bandeira verde.<\/p>\n<p>\u201cO acionamento dessa cor indica condi\u00e7\u00f5es favor\u00e1veis de gera\u00e7\u00e3o hidrel\u00e9trica no Sistema Interligado Nacional. Mesmo com a bandeira verde \u00e9 importante manter as a\u00e7\u00f5es relacionadas ao uso consciente e combate ao desperd\u00edcio de energia el\u00e9trica\u201d, destacou a Annel em nota.<\/p>\n<p><strong>VER PRIMEIRO<\/strong><\/p>\n<p>Receba as not\u00edcias do Aconteceu no Vale em primeira m\u00e3o. Clique em curtir no endere\u00e7o <a href=\"https:\/\/www.facebook.com\/aconteceunovale\" target=\"_blank\"><font color=\"red\">www.facebook.com\/aconteceunovale<\/font><\/a> ou no box abaixo:<\/p>\n<div class=\"fb-like\" data-href=\"https:\/\/www.facebook.com\/aconteceunovale\" data-width=\"120\" data-layout=\"standard\" data-action=\"like\" data-size=\"small\" data-show-faces=\"true\" data-share=\"true\"><\/div>\n<p><\/br><\/p>\n<p><em>(Fonte: Ag\u00eancia Brasil)<\/em><\/p>\n","protected":false},"excerpt":{"rendered":"<p>A Ag\u00eancia Nacional de Energia El\u00e9trica (Aneel) informou hoje (29\/12\/2017) que a bandeira tarif\u00e1ria das contas de luz em janeiro ser\u00e1 a verde, quando n\u00e3o h\u00e1 cobran\u00e7a de taxa extra. Em outubro e novembro, em raz\u00e3o dos baixos n\u00edveis dos reservat\u00f3rios das hidrel\u00e9tricas e da escassez de chuvas, a bandeira tarif\u00e1ria adotada pela Aneel foi [&hellip;]<\/p>\n","protected":false},"author":1,"featured_media":113349,"comment_status":"open","ping_status":"closed","sticky":false,"template":"","format":"standard","meta":{"amp_status":"","footnotes":""},"categories":[6],"tags":[26918,166219,87032,31753,166217,35418,166218],"class_list":["post-125537","post","type-post","status-publish","format-standard","has-post-thumbnail","hentry","category-br","tag-aneel","tag-bandeira-tarifaria-das-contas-de-luz-em-janeiro-sera-a-verde","tag-bandeira-verde","tag-conta-de-luz","tag-conta-de-luz-de-janeiro-tera-bandeira-verde","tag-energia-eletrica","tag-sem-cobranca-extra"],"_links":{"self":[{"href":"https:\/\/aconteceunovale.com.br\/portal\/index.php?rest_route=\/wp\/v2\/posts\/125537","targetHints":{"allow":["GET"]}}],"collection":[{"href":"https:\/\/aconteceunovale.com.br\/portal\/index.php?rest_route=\/wp\/v2\/posts"}],"about":[{"href":"https:\/\/aconteceunovale.com.br\/portal\/index.php?rest_route=\/wp\/v2\/types\/post"}],"author":[{"embeddable":true,"href":"https:\/\/aconteceunovale.com.br\/portal\/index.php?rest_route=\/wp\/v2\/users\/1"}],"replies":[{"embeddable":true,"href":"https:\/\/aconteceunovale.com.br\/portal\/index.php?rest_route=%2Fwp%2Fv2%2Fcomments&post=125537"}],"version-history":[{"count":0,"href":"https:\/\/aconteceunovale.com.br\/portal\/index.php?rest_route=\/wp\/v2\/posts\/125537\/revisions"}],"wp:featuredmedia":[{"embeddable":true,"href":"https:\/\/aconteceunovale.com.br\/portal\/index.php?rest_route=\/wp\/v2\/media\/113349"}],"wp:attachment":[{"href":"https:\/\/aconteceunovale.com.br\/portal\/index.php?rest_route=%2Fwp%2Fv2%2Fmedia&parent=125537"}],"wp:term":[{"taxonomy":"category","embeddable":true,"href":"https:\/\/aconteceunovale.com.br\/portal\/index.php?rest_route=%2Fwp%2Fv2%2Fcategories&post=125537"},{"taxonomy":"post_tag","embeddable":true,"href":"https:\/\/aconteceunovale.com.br\/portal\/index.php?rest_route=%2Fwp%2Fv2%2Ftags&post=125537"}],"curies":[{"name":"wp","href":"https:\/\/api.w.org\/{rel}","templated":true}]}}