{"id":125535,"date":"2017-12-29T17:07:15","date_gmt":"2017-12-29T19:07:15","guid":{"rendered":"http:\/\/aconteceunovale.com.br\/portal\/?p=125535"},"modified":"2017-12-29T17:07:15","modified_gmt":"2017-12-29T19:07:15","slug":"salario-minimo-sera-de-r-954-a-partir-de-1-de-janeiro-de-2018-decreta-michel-temer","status":"publish","type":"post","link":"https:\/\/aconteceunovale.com.br\/portal\/?p=125535","title":{"rendered":"Sal\u00e1rio m\u00ednimo ser\u00e1 de R$ 954 a partir de 1\u00b0 de janeiro de 2018, decreta Michel Temer"},"content":{"rendered":"<p>O sal\u00e1rio m\u00ednimo em 2018 ser\u00e1 de R$ 954, conforme decreto assinado hoje (29\/12\/2017) pelo presidente Michel Temer. O novo sal\u00e1rio valer\u00e1 a partir de 1\u00ba de janeiro. O decreto sair\u00e1 em edi\u00e7\u00e3o extra do\u00a0<em>Di\u00e1rio Oficial da Uni\u00e3o<\/em>\u00a0ainda nesta sexta-feira.<\/p>\n<p>O valor divulgado \u00e9 R$ 11 menor do que o previsto inicialmente no or\u00e7amento de 2018, aprovado no Congresso no valor de R$ 965. O sal\u00e1rio-m\u00ednimo atual \u00e9 de R$ 937. O reajuste de 1,81% segue a previs\u00e3o do \u00cdndice de Pre\u00e7os ao Consumidor (INPC).<\/p>\n<p><strong>VER PRIMEIRO<\/strong><\/p>\n<p>Receba as not\u00edcias do Aconteceu no Vale em primeira m\u00e3o. Clique em curtir no endere\u00e7o <a href=\"https:\/\/www.facebook.com\/aconteceunovale\" target=\"_blank\"><font color=\"red\">www.facebook.com\/aconteceunovale<\/font><\/a> ou no box abaixo:<\/p>\n<div class=\"fb-like\" data-href=\"https:\/\/www.facebook.com\/aconteceunovale\" data-width=\"120\" data-layout=\"standard\" data-action=\"like\" data-size=\"small\" data-show-faces=\"true\" data-share=\"true\"><\/div>\n<p><\/br><\/p>\n<p><em>(Fonte: Ag\u00eancia Brasil)<\/em><\/p>\n","protected":false},"excerpt":{"rendered":"<p>O sal\u00e1rio m\u00ednimo em 2018 ser\u00e1 de R$ 954, conforme decreto assinado hoje (29\/12\/2017) pelo presidente Michel Temer. O novo sal\u00e1rio valer\u00e1 a partir de 1\u00ba de janeiro. O decreto sair\u00e1 em edi\u00e7\u00e3o extra do\u00a0Di\u00e1rio Oficial da Uni\u00e3o\u00a0ainda nesta sexta-feira. O valor divulgado \u00e9 R$ 11 menor do que o previsto inicialmente no or\u00e7amento de [&hellip;]<\/p>\n","protected":false},"author":1,"featured_media":103762,"comment_status":"open","ping_status":"closed","sticky":false,"template":"","format":"standard","meta":{"amp_status":"","footnotes":""},"categories":[6],"tags":[166216,20181,157810,26448,157402,166214,166215],"class_list":["post-125535","post","type-post","status-publish","format-standard","has-post-thumbnail","hentry","category-br","tag-decreta-michel-temer","tag-michel-temer","tag-novo-valor","tag-salario-minimo","tag-salario-minimo-em-2018","tag-salario-minimo-em-2018-sera-de-r-954","tag-salario-minimo-sera-de-r-954-a-partir-de-1-de-janeiro-de-2018"],"_links":{"self":[{"href":"https:\/\/aconteceunovale.com.br\/portal\/index.php?rest_route=\/wp\/v2\/posts\/125535","targetHints":{"allow":["GET"]}}],"collection":[{"href":"https:\/\/aconteceunovale.com.br\/portal\/index.php?rest_route=\/wp\/v2\/posts"}],"about":[{"href":"https:\/\/aconteceunovale.com.br\/portal\/index.php?rest_route=\/wp\/v2\/types\/post"}],"author":[{"embeddable":true,"href":"https:\/\/aconteceunovale.com.br\/portal\/index.php?rest_route=\/wp\/v2\/users\/1"}],"replies":[{"embeddable":true,"href":"https:\/\/aconteceunovale.com.br\/portal\/index.php?rest_route=%2Fwp%2Fv2%2Fcomments&post=125535"}],"version-history":[{"count":0,"href":"https:\/\/aconteceunovale.com.br\/portal\/index.php?rest_route=\/wp\/v2\/posts\/125535\/revisions"}],"wp:featuredmedia":[{"embeddable":true,"href":"https:\/\/aconteceunovale.com.br\/portal\/index.php?rest_route=\/wp\/v2\/media\/103762"}],"wp:attachment":[{"href":"https:\/\/aconteceunovale.com.br\/portal\/index.php?rest_route=%2Fwp%2Fv2%2Fmedia&parent=125535"}],"wp:term":[{"taxonomy":"category","embeddable":true,"href":"https:\/\/aconteceunovale.com.br\/portal\/index.php?rest_route=%2Fwp%2Fv2%2Fcategories&post=125535"},{"taxonomy":"post_tag","embeddable":true,"href":"https:\/\/aconteceunovale.com.br\/portal\/index.php?rest_route=%2Fwp%2Fv2%2Ftags&post=125535"}],"curies":[{"name":"wp","href":"https:\/\/api.w.org\/{rel}","templated":true}]}}