{"id":12523,"date":"2013-10-22T11:54:57","date_gmt":"2013-10-22T11:54:57","guid":{"rendered":"http:\/\/aconteceunovale.com.br\/portal\/?p=12523"},"modified":"2013-10-22T12:01:18","modified_gmt":"2013-10-22T12:01:18","slug":"pedro-morais-surge-mais-roqueiro-em-seu-terceiro-album-vertigem","status":"publish","type":"post","link":"https:\/\/aconteceunovale.com.br\/portal\/?p=12523","title":{"rendered":"Pedro Morais surge mais roqueiro em seu terceiro \u00e1lbum, &#8220;Vertigem&#8221;"},"content":{"rendered":"<p>&#8220;Estou mais roqueiro, fazendo um som cada vez mais visceral&#8221;, observa Pedro Morais, numa conversa informal em seu apartamento, no bairro Cai\u00e7ara. Quem ouviu as tr\u00eas primeiras m\u00fasicas do \u00e1lbum &#8220;Vertigem&#8221;, disponibilizadas para audi\u00e7\u00e3o no site Rdio, sabe que Pedro Morais est\u00e1 realmente trilhando novos caminhos sonoros. O viol\u00e3o deixa de ser protagonista e d\u00e1 a vez para guitarras mais bem trabalhadas, por vezes ruidosas \u2013 na medida certa.<\/p>\n<p>A capa do \u00e1lbum, conferida em primeira m\u00e3o pela equipe do Hoje em Dia, representa bem a mudan\u00e7a est\u00e9tica do m\u00fasico. Desenvolvida pela dupla Dante\/Juliano da empresa 45 Jujubas, a ilustra\u00e7\u00e3o indica a ideia de um Pedro mais livre artisticamente, disposto a se aventurar por diferentes linguagens. H\u00e1 aqui at\u00e9 mesmo a primeira incurs\u00e3o do artista pelo universo do rap, na faixa &#8220;\u00ca Camarada&#8221;.<\/p>\n<p>&#8220;As minhas m\u00fasicas est\u00e3o bem mais simples nas harmonias e melodias, e com arranjos mais sujos. Essa sujeira n\u00e3o era meu objetivo, mas apareceu no decorrer do processo&#8221;, conta Pedro Morais, que desejou desenvolver um \u00e1lbum mais questionador, contempor\u00e2neo e menos apurado tecnicamente que seus dois anteriores, hom\u00f4nimo (2004) e &#8220;Sob o Sol&#8221; (2009). &#8220;Vivemos uma gera\u00e7\u00e3o que percebeu que toda a limpeza de som que vem sendo feita pode n\u00e3o ser muito ben\u00e9fica. Um som n\u00e3o muito limpo pode ser mais verdadeiro e humano&#8221;.<\/p>\n<p><strong>Distribui\u00e7\u00e3o<\/strong><\/p>\n<p>Apontado h\u00e1 oito anos como uma das principais &#8220;promessas&#8221; da m\u00fasica pop mineira, Pedro tem uma grande oportunidade de conquistar novos horizontes na cena nacional com o bem trabalhado &#8220;Vertigem&#8221;. Produzido por Gustavo Ruiz (irm\u00e3o e produtor dos \u00e1lbuns de Tulipa Ruiz), o \u00e1lbum ser\u00e1 lan\u00e7ado pelo selo Oi M\u00fasica e ter\u00e1 distribui\u00e7\u00e3o em todo o pa\u00eds pela Microservice. &#8220;N\u00e3o acredito em gravadora, mas \u00e9 muito importante saber que o seu disco est\u00e1 sendo bem distribu\u00eddo&#8221;.<\/p>\n<p>O contrato com o selo da Oi faz parte da premia\u00e7\u00e3o do concurso do Festival M\u00fasica Pra Todo Mundo (MPTM), em que Pedro foi o segundo mais votado pelo voto popular. Al\u00e9m dele, Nevilton foi escolhido pelo p\u00fablico, enquanto B\u00e1rbara Eug\u00eania e Wado foram selecionados por uma curadoria. O contrato prev\u00ea a feitura do disco e a realiza\u00e7\u00e3o de um show de lan\u00e7amento \u2013 feito este m\u00eas no Oi Futuro carioca, ap\u00f3s a divulga\u00e7\u00e3o das faixas &#8220;Para Repetir&#8221;, &#8220;Liga&#8221; e &#8220;Bilhete&#8221;.<\/p>\n<p>O show de lan\u00e7amento em Belo Horizonte ainda est\u00e1 sendo planejado, mas deve acontecer no final de agosto. Os detalhes ainda n\u00e3o est\u00e3o fechados por um atraso na prensagem. Um dos motivos \u00e9 a dificuldade em conseguir a negocia\u00e7\u00e3o sobre os direitos autorais de &#8220;Bilhete&#8221;, m\u00fasica criada a partir de um poema de Mario Quintana.<\/p>\n<p><strong>Produ\u00e7\u00e3o est\u00e1 sendo feita por conta pr\u00f3pria<\/strong><\/p>\n<p>Aos 31 anos, Pedro se v\u00ea em uma fase bem empreendedora. Ap\u00f3s oito anos sendo agenciado pela Cria! Cultura, em 2013 o m\u00fasico tomou a decis\u00e3o de produzir sozinho sua carreira. E sabe bem que \u00e9 poss\u00edvel dar passos largos por conta pr\u00f3pria.<\/p>\n<p>O sucesso no concurso da Oi M\u00fasica, por exemplo, deve-se muito \u00e0 sua labuta solit\u00e1ria em frente ao computador, sensibilizando os f\u00e3s para conquistar votos no dif\u00edcil certame \u2013 ele disputou com 29 artistas bem cotados no mercado da m\u00fasica independente contempor\u00e2nea, como Do Amor, Transmissor e Manu Santos.<\/p>\n<p>&#8220;Todo contato com p\u00fablico pela internet \u00e9 feito por mim mesmo. Coloco a m\u00e3o na massa. J\u00e1 aconteceu de eu ter um show numa cidade de interior e ir uma semana antes para o local para eu mesmo pregar os cartazes&#8221;, lembra o artista.<\/p>\n<p>A principal preocupa\u00e7\u00e3o p\u00f3s-lan\u00e7amento de &#8220;Vertigem&#8221; \u00e9 trabalhar em nome do fortalecimento de sua marca. Ele pretende investir alto em comunica\u00e7\u00e3o e criar produtos associados a seu nome, como camisetas, \u00edm\u00e3s de geladeira e um disco de vinil.<\/p>\n<p>&#8220;Vivemos num sistema capitalista e o trabalho tem que ser vi\u00e1vel financeiramente. Vou fortalecer a marca e buscar mais shows no exterior. Acredito que esse disco vai ter boa recep\u00e7\u00e3o na Europa&#8221;, diz.<\/p>\n<p><strong>Conhe\u00e7a, ou\u00e7a e sinta as m\u00fasicas do novo CD de Pedro Morais<\/strong><br \/>\n<a href=\"http:\/\/www.lastfm.com.br\/music\/Pedro+Morais\/Vertigem\">http:\/\/www.lastfm.com.br\/music\/Pedro+Morais\/Vertigem<\/a><br \/>\nou em <a href=\"http:\/\/www.kboing.com.br\/pedro-morais\/\">http:\/\/www.kboing.com.br\/pedro-morais\/<\/a><\/p>\n<p><strong>Show de Lan\u00e7amento<\/strong><br \/>\nData: 05.11.13<br \/>\nLocal: Teatro Bradesco &#8211; Rua da Bahia, 2.244 &#8211; Lourdes \/ Belo Horizonte\/MG<\/p>\n<p>Ponto de Venda Sem Taxa de Conveni\u00eancia:<br \/>\nBilheteria Teatro Bradesco.<\/p>\n<p>Hor\u00e1rio de Atendimento:<br \/>\nDomingo a Quinta, das 12 \u00e0s 20h; Sexta e S\u00e1bado, das 12 \u00e0s 22h.<br \/>\nPre\u00e7o: R$ 30,00<br \/>\nMeia Entrada: Menores de 21 anos, Idosos acima de 60 anos e Estudantes, Mediante apresenta\u00e7\u00e3o de documento.<\/p>\n<p>Ingressos, via internet: <a href=\"http:\/\/www.ingressorapido.com.br\/Evento.aspx?ID=30274\">http:\/\/www.ingressorapido.com.br\/Evento.aspx?ID=30274<\/a><\/p>\n<p>Com Jornal Hoje em Dia<\/p>\n","protected":false},"excerpt":{"rendered":"<p>&#8220;Estou mais roqueiro, fazendo um som cada vez mais visceral&#8221;, observa Pedro Morais, numa conversa informal em seu apartamento, no bairro Cai\u00e7ara. Quem ouviu as tr\u00eas primeiras m\u00fasicas do \u00e1lbum &#8220;Vertigem&#8221;, disponibilizadas para audi\u00e7\u00e3o no site Rdio, sabe que Pedro Morais est\u00e1 realmente trilhando novos caminhos sonoros. O viol\u00e3o deixa de ser protagonista e d\u00e1 [&hellip;]<\/p>\n","protected":false},"author":1,"featured_media":12524,"comment_status":"open","ping_status":"open","sticky":false,"template":"","format":"standard","meta":{"amp_status":"","footnotes":""},"categories":[123,120],"tags":[415,137,412,414,133,413],"class_list":["post-12523","post","type-post","status-publish","format-standard","has-post-thumbnail","hentry","category-gerais","category-jequi","tag-cd-vertigem-pedro-morais","tag-minas-novas","tag-pedro-morais","tag-pedro-morais-lanca-3o-cd","tag-vale-do-jequitinhonha","tag-vertigem"],"_links":{"self":[{"href":"https:\/\/aconteceunovale.com.br\/portal\/index.php?rest_route=\/wp\/v2\/posts\/12523","targetHints":{"allow":["GET"]}}],"collection":[{"href":"https:\/\/aconteceunovale.com.br\/portal\/index.php?rest_route=\/wp\/v2\/posts"}],"about":[{"href":"https:\/\/aconteceunovale.com.br\/portal\/index.php?rest_route=\/wp\/v2\/types\/post"}],"author":[{"embeddable":true,"href":"https:\/\/aconteceunovale.com.br\/portal\/index.php?rest_route=\/wp\/v2\/users\/1"}],"replies":[{"embeddable":true,"href":"https:\/\/aconteceunovale.com.br\/portal\/index.php?rest_route=%2Fwp%2Fv2%2Fcomments&post=12523"}],"version-history":[{"count":0,"href":"https:\/\/aconteceunovale.com.br\/portal\/index.php?rest_route=\/wp\/v2\/posts\/12523\/revisions"}],"wp:featuredmedia":[{"embeddable":true,"href":"https:\/\/aconteceunovale.com.br\/portal\/index.php?rest_route=\/wp\/v2\/media\/12524"}],"wp:attachment":[{"href":"https:\/\/aconteceunovale.com.br\/portal\/index.php?rest_route=%2Fwp%2Fv2%2Fmedia&parent=12523"}],"wp:term":[{"taxonomy":"category","embeddable":true,"href":"https:\/\/aconteceunovale.com.br\/portal\/index.php?rest_route=%2Fwp%2Fv2%2Fcategories&post=12523"},{"taxonomy":"post_tag","embeddable":true,"href":"https:\/\/aconteceunovale.com.br\/portal\/index.php?rest_route=%2Fwp%2Fv2%2Ftags&post=12523"}],"curies":[{"name":"wp","href":"https:\/\/api.w.org\/{rel}","templated":true}]}}