{"id":125192,"date":"2017-12-19T00:13:36","date_gmt":"2017-12-19T02:13:36","guid":{"rendered":"http:\/\/aconteceunovale.com.br\/portal\/?p=125192"},"modified":"2017-12-19T00:13:36","modified_gmt":"2017-12-19T02:13:36","slug":"bolsas-de-pesquisa-serao-prorrogadas-em-casos-de-maternidade","status":"publish","type":"post","link":"https:\/\/aconteceunovale.com.br\/portal\/?p=125192","title":{"rendered":"Bolsas de pesquisa ser\u00e3o prorrogadas em casos de maternidade"},"content":{"rendered":"<p>Pesquisadoras bolsistas que se tornarem m\u00e3es ter\u00e3o o benef\u00edcio prorrogado em casos de parto, ado\u00e7\u00e3o ou guarda judicial. O Projeto de Lei da C\u00e2mara n\u00ba 62 de 2017 (PLC 62\/2017) foi aprovado pelas duas casas do Congresso Nacional, sancionado pelo presidente da Rep\u00fablica, Michel Temer, e\u00a0<span style=\"text-decoration: underline;\"><span style=\"color: #ff0000;\"><a href=\"http:\/\/portal.imprensanacional.gov.br\/web\/guest\/consulta?p_p_id=101&amp;p_p_lifecycle=0&amp;p_p_state=maximized&amp;p_p_mode=view&amp;_101_struts_action=%2Fasset_publisher%2Fview_content&amp;_101_returnToFullPageURL=http%3A%2F%2Fportal.imprensanacional.gov.br%2Fweb%2Fguest%2Fconsulta%3Fp_auth%3Df59iu7Ri%26p_p_id%3D3%26p_p_lifecycle%3D1%26p_p_state%3Dnormal%26p_p_state_rcv%3D1&amp;_101_assetEntryId=1101433&amp;_101_type=content&amp;_101_groupId=68942&amp;_101_urlTitle=lei-n-13-536-de-15-de-dezembro-de-2017&amp;_101_redirect=http%3A%2F%2Fportal.imprensanacional.gov.br%2Fweb%2Fguest%2Fconsulta%3Fp_p_id%3D3%26p_p_lifecycle%3D0%26p_p_state%3Dmaximized%26p_p_mode%3Dview%26_3_modifiedselection%3D1%26_3_keywords%3DLEI%2BNo%2B13.536%252C%2BDE%2B15%2BDE%2BDEZEMBRO%2BDE%2B2017%26_3_modifieddayFrom%3D18%26_3_modifiedfrom%3D18%252F12%252F2017%26_3_modified%3D%255B20171218000000%2BTO%2B20171218235959%255D%26_3_groupId%3D0%26_3_modifiedto%3D18%252F12%252F2017%26_3_modifieddayTo%3D18%26_3_ddm_21040_pubName_pt_BR_sortable%3D%26_3_modifiedyearTo%3D2017%26_3_modifiedyearFrom%3D2017%26_3_modifiedmonthFrom%3D11%26_3_cur%3D1%26_3_struts_action%3D%252Fsearch%252Fsearch%26_3_modifiedmonthTo%3D11&amp;inheritRedirect=true\" target=\"_blank\"><span style=\"color: #ff0000; text-decoration: underline;\">publicado no\u00a0<em>Di\u00e1rio Oficial da Uni\u00e3o<\/em><\/span><\/a><\/span><\/span>\u00a0desta segunda-feira (18).<\/p>\n<p>A regra vale para bolsas com dura\u00e7\u00e3o m\u00ednima de doze meses, que poder\u00e3o se estender por mais 120 dias ap\u00f3s o t\u00e9rmino do prazo. Ela abrange bolsistas do mestrado, doutorado, gradua\u00e7\u00e3o sandu\u00edche, p\u00f3s-doutorado ou est\u00e1gio s\u00eanior. Para isso, os benefici\u00e1rios dever\u00e3o comprovar que o afastamento tempor\u00e1rio durante a vig\u00eancia da bolsa \u00e9 decorrente dos motivos estabelecidos pelo texto da lei.<\/p>\n<p>Durante esse afastamento, as ag\u00eancias de fomento \u00e0 pesquisa que concedem o apoio est\u00e3o proibidas de suspender o pagamento. As atividades acad\u00eamicas da bolsista ficar\u00e3o suspensas, desde que o tempo no qual ela estiver afastada n\u00e3o ultrapasse 120 dias. O prazo da prorroga\u00e7\u00e3o deve corresponder, necessariamente, ao per\u00edodo de afastamento.<\/p>\n<p>As bolsas n\u00e3o poder\u00e3o ser prorrogadas para mais de uma pessoa envolvida no mesmo processo de ado\u00e7\u00e3o e guarda. Em caso de morte da bolsista beneficiada, o c\u00f4njuge ou companheiro que tamb\u00e9m seja bolsista poder\u00e1 usufruir do tempo restante da prorroga\u00e7\u00e3o. As exce\u00e7\u00f5es s\u00e3o os casos de falecimento do filho ou de desist\u00eancia da ado\u00e7\u00e3o.<\/p>\n<p>De acordo com a C\u00e2mara dos Deputados, a Coordena\u00e7\u00e3o de Aperfei\u00e7oamento de Pessoal de N\u00edvel Superior (Capes) e o Conselho Nacional de Desenvolvimento Cient\u00edfico e Tecnol\u00f3gico (CNPq) j\u00e1 possuem normas internas que concedem prorroga\u00e7\u00e3o a bolsistas que recebem o aux\u00edlio por 24 meses ou mais (mestrado e doutorado). \u201cA novidade, nesse caso, \u00e9 o refor\u00e7o legal e tamb\u00e9m a extens\u00e3o para os casos de ado\u00e7\u00e3o\u201d, informou, em nota, a C\u00e2mara.<\/p>\n<p><strong>VER PRIMEIRO<\/strong><\/p>\n<p>Receba as not\u00edcias do Aconteceu no Vale em primeira m\u00e3o. Clique em curtir no endere\u00e7o <a href=\"https:\/\/www.facebook.com\/aconteceunovale\" target=\"_blank\"><font color=\"red\">www.facebook.com\/aconteceunovale<\/font><\/a> ou no box abaixo:<\/p>\n<div class=\"fb-like\" data-href=\"https:\/\/www.facebook.com\/aconteceunovale\" data-width=\"120\" data-layout=\"standard\" data-action=\"like\" data-size=\"small\" data-show-faces=\"true\" data-share=\"true\"><\/div>\n<p><\/br><\/p>\n<p><em>(Fonte: Governo do Brasil)<\/em><\/p>\n","protected":false},"excerpt":{"rendered":"<p>Pesquisadoras bolsistas que se tornarem m\u00e3es ter\u00e3o o benef\u00edcio prorrogado em casos de parto, ado\u00e7\u00e3o ou guarda judicial. O Projeto de Lei da C\u00e2mara n\u00ba 62 de 2017 (PLC 62\/2017) foi aprovado pelas duas casas do Congresso Nacional, sancionado pelo presidente da Rep\u00fablica, Michel Temer, e\u00a0publicado no\u00a0Di\u00e1rio Oficial da Uni\u00e3o\u00a0desta segunda-feira (18). A regra vale [&hellip;]<\/p>\n","protected":false},"author":1,"featured_media":125194,"comment_status":"open","ping_status":"closed","sticky":false,"template":"","format":"standard","meta":{"amp_status":"","footnotes":""},"categories":[6,40238],"tags":[45051,74256,165740,165743,68934,165741,165744,165742],"class_list":["post-125192","post","type-post","status-publish","format-standard","has-post-thumbnail","hentry","category-br","category-educacao-2","tag-adocao","tag-bolsa-de-estudo","tag-bolsas-de-pesquisa","tag-bolsas-de-pesquisa-serao-prorrogadas-em-casos-de-maternidade","tag-gestantes","tag-pesquisadoras","tag-pesquisadoras-bolsistas-que-se-tornarem-maes-terao-o-beneficio-prorrogado-em-casos-de-parto","tag-prorrogacao-de-bolsa"],"_links":{"self":[{"href":"https:\/\/aconteceunovale.com.br\/portal\/index.php?rest_route=\/wp\/v2\/posts\/125192","targetHints":{"allow":["GET"]}}],"collection":[{"href":"https:\/\/aconteceunovale.com.br\/portal\/index.php?rest_route=\/wp\/v2\/posts"}],"about":[{"href":"https:\/\/aconteceunovale.com.br\/portal\/index.php?rest_route=\/wp\/v2\/types\/post"}],"author":[{"embeddable":true,"href":"https:\/\/aconteceunovale.com.br\/portal\/index.php?rest_route=\/wp\/v2\/users\/1"}],"replies":[{"embeddable":true,"href":"https:\/\/aconteceunovale.com.br\/portal\/index.php?rest_route=%2Fwp%2Fv2%2Fcomments&post=125192"}],"version-history":[{"count":0,"href":"https:\/\/aconteceunovale.com.br\/portal\/index.php?rest_route=\/wp\/v2\/posts\/125192\/revisions"}],"wp:featuredmedia":[{"embeddable":true,"href":"https:\/\/aconteceunovale.com.br\/portal\/index.php?rest_route=\/wp\/v2\/media\/125194"}],"wp:attachment":[{"href":"https:\/\/aconteceunovale.com.br\/portal\/index.php?rest_route=%2Fwp%2Fv2%2Fmedia&parent=125192"}],"wp:term":[{"taxonomy":"category","embeddable":true,"href":"https:\/\/aconteceunovale.com.br\/portal\/index.php?rest_route=%2Fwp%2Fv2%2Fcategories&post=125192"},{"taxonomy":"post_tag","embeddable":true,"href":"https:\/\/aconteceunovale.com.br\/portal\/index.php?rest_route=%2Fwp%2Fv2%2Ftags&post=125192"}],"curies":[{"name":"wp","href":"https:\/\/api.w.org\/{rel}","templated":true}]}}