{"id":125190,"date":"2017-12-19T00:05:26","date_gmt":"2017-12-19T02:05:26","guid":{"rendered":"http:\/\/aconteceunovale.com.br\/portal\/?p=125190"},"modified":"2017-12-19T00:05:26","modified_gmt":"2017-12-19T02:05:26","slug":"governo-de-minas-gerais-anuncia-pagamento-do-13o-a-servidores-da-fhemig","status":"publish","type":"post","link":"https:\/\/aconteceunovale.com.br\/portal\/?p=125190","title":{"rendered":"Governo de Minas Gerais anuncia pagamento do 13\u00ba a servidores da Fhemig"},"content":{"rendered":"<p>Ap\u00f3s anunciar o pagamento do 13\u00ba dos servidores da seguran\u00e7a na semana passada, o governo de Minas Gerais confirmou, nesta segunda-feira (18\/12\/2017), que tamb\u00e9m vai depositar o benef\u00edcio para os trabalhadores da Funda\u00e7\u00e3o Hospitalar do Estado de Minas Gerais (Fhemig) de forma parcelada. Entretanto, para o restante do funcionalismo p\u00fablico estadual, ainda n\u00e3o h\u00e1 confirma\u00e7\u00e3o sobre como e quando o 13\u00ba ser\u00e1 pago.<\/p>\n<p>Segundo o Executivo estadual, o pagamento dos servidores da Fhemig seguir\u00e1 a mesma escala anunciada para os policiais civis e militares, bombeiros e agentes penitenci\u00e1rios. A primeira parcela ser\u00e1 depositada em 26 de dezembro, e a segunda, em 19 de janeiro.<\/p>\n<p>Questionado sobre o 13\u00ba do restante do funcionalismo, o governo disse que segue mobilizando esfor\u00e7os para garantir o pagamento a todos os trabalhadores.<\/p>\n<p>Por meio de nota, o Executivo estadual afirmou que o governador Fernando Pimentel (PT) tem ido pessoalmente a Bras\u00edlia com o objetivo de acelerar a tramita\u00e7\u00e3o de projetos de lei que podem possibilitar o estado a captar recursos para o pagamento, em especial, o projeto que autoriza a venda da d\u00edvida ativa no mercado financeiro.<\/p>\n<p>\u201cO Governo de Minas Gerais reafirma, assim, seu compromisso de trabalhar incansavelmente para garantir que todos os direitos dos servidores estaduais sejam assegurados\u201d, finaliza a nota.<\/p>\n<p><strong>Greve e protestos<\/strong><\/p>\n<p>Profissionais da sa\u00fade de Minas Gerais decidiram, nesta segunda-feira (18), entrar em greve em todo o estado. A categoria organizou um protesto contra a decis\u00e3o do governo na regi\u00e3o hospitalar de Belo Horizonte.<\/p>\n<p>\u201cA gente est\u00e1 protestando hoje, principalmente, por causa dos atrasos dos sal\u00e1rios e a gente n\u00e3o ter perspectiva de pagamento do 13\u00ba ainda neste ano. N\u00e3o d\u00e1 mais para os servidores aturarem isso. A gente passou isso 2017 inteiro\u201d, disse \u00c9rico Colen, diretor do Sindicato \u00danico dos Trabalhadores da Sa\u00fade Minas Gerais (Sind-Sa\u00fade).<\/p>\n<p>Sobre o pagamento do 13\u00ba somente para os funcion\u00e1rios da sa\u00fade que trabalham na Fhemig, a entidade disse que n\u00e3o foi comunicada oficialmente e que a decis\u00e3o \u00e9 uma tentativa de dividir a categoria. No fim da tarde, servidores da sa\u00fade e da educa\u00e7\u00e3o foram para a Assembleia Legislativa de Minas Gerais (ALMG), na Regi\u00e3o Centro-Sul da capital, para se manifestar.<\/p>\n<p>Na sexta-feira (15), agentes de seguran\u00e7a p\u00fablica realizaram um ato em que fizeram reivindica\u00e7\u00f5es salariais. Cerca de cem pessoas fecharam o tr\u00e2nsito na Pra\u00e7a Sete, no centro da capital.<\/p>\n<p><strong>VER PRIMEIRO<\/strong><\/p>\n<p>Receba as not\u00edcias do Aconteceu no Vale em primeira m\u00e3o. Clique em curtir no endere\u00e7o <a href=\"https:\/\/www.facebook.com\/aconteceunovale\" target=\"_blank\"><font color=\"red\">www.facebook.com\/aconteceunovale<\/font><\/a> ou no box abaixo:<\/p>\n<div class=\"fb-like\" data-href=\"https:\/\/www.facebook.com\/aconteceunovale\" data-width=\"120\" data-layout=\"standard\" data-action=\"like\" data-size=\"small\" data-show-faces=\"true\" data-share=\"true\"><\/div>\n<p><\/br><\/p>\n<p><em>(Fonte: G1 MG)<\/em><\/p>\n","protected":false},"excerpt":{"rendered":"<p>Ap\u00f3s anunciar o pagamento do 13\u00ba dos servidores da seguran\u00e7a na semana passada, o governo de Minas Gerais confirmou, nesta segunda-feira (18\/12\/2017), que tamb\u00e9m vai depositar o benef\u00edcio para os trabalhadores da Funda\u00e7\u00e3o Hospitalar do Estado de Minas Gerais (Fhemig) de forma parcelada. Entretanto, para o restante do funcionalismo p\u00fablico estadual, ainda n\u00e3o h\u00e1 confirma\u00e7\u00e3o [&hellip;]<\/p>\n","protected":false},"author":1,"featured_media":103762,"comment_status":"open","ping_status":"closed","sticky":false,"template":"","format":"standard","meta":{"amp_status":"","footnotes":""},"categories":[123],"tags":[165568,165570,165739,33185,165566,165736,165567,165569,164801,165738,165737],"class_list":["post-125190","post","type-post","status-publish","format-standard","has-post-thumbnail","hentry","category-gerais","tag-13o-governo-de-minas","tag-data-pagamento-13o-governo-de-minas","tag-erico-colen","tag-fhemig","tag-governo-de-minas-anuncia-13-para-agentes-de-seguranca-publica","tag-governo-de-minas-gerais-anuncia-pagamento-do-13o-a-servidores-da-fhemig","tag-mas-nao-garante-de-outros-servidores","tag-pagamento-13o-governo-de-minas","tag-parcelamento-13o-governo-de-minas","tag-sind-saude","tag-sindicato-unico-dos-trabalhadores-da-saude-minas-gerais"],"_links":{"self":[{"href":"https:\/\/aconteceunovale.com.br\/portal\/index.php?rest_route=\/wp\/v2\/posts\/125190","targetHints":{"allow":["GET"]}}],"collection":[{"href":"https:\/\/aconteceunovale.com.br\/portal\/index.php?rest_route=\/wp\/v2\/posts"}],"about":[{"href":"https:\/\/aconteceunovale.com.br\/portal\/index.php?rest_route=\/wp\/v2\/types\/post"}],"author":[{"embeddable":true,"href":"https:\/\/aconteceunovale.com.br\/portal\/index.php?rest_route=\/wp\/v2\/users\/1"}],"replies":[{"embeddable":true,"href":"https:\/\/aconteceunovale.com.br\/portal\/index.php?rest_route=%2Fwp%2Fv2%2Fcomments&post=125190"}],"version-history":[{"count":0,"href":"https:\/\/aconteceunovale.com.br\/portal\/index.php?rest_route=\/wp\/v2\/posts\/125190\/revisions"}],"wp:featuredmedia":[{"embeddable":true,"href":"https:\/\/aconteceunovale.com.br\/portal\/index.php?rest_route=\/wp\/v2\/media\/103762"}],"wp:attachment":[{"href":"https:\/\/aconteceunovale.com.br\/portal\/index.php?rest_route=%2Fwp%2Fv2%2Fmedia&parent=125190"}],"wp:term":[{"taxonomy":"category","embeddable":true,"href":"https:\/\/aconteceunovale.com.br\/portal\/index.php?rest_route=%2Fwp%2Fv2%2Fcategories&post=125190"},{"taxonomy":"post_tag","embeddable":true,"href":"https:\/\/aconteceunovale.com.br\/portal\/index.php?rest_route=%2Fwp%2Fv2%2Ftags&post=125190"}],"curies":[{"name":"wp","href":"https:\/\/api.w.org\/{rel}","templated":true}]}}