{"id":125187,"date":"2017-12-18T23:42:40","date_gmt":"2017-12-19T01:42:40","guid":{"rendered":"http:\/\/aconteceunovale.com.br\/portal\/?p=125187"},"modified":"2017-12-18T23:42:40","modified_gmt":"2017-12-19T01:42:40","slug":"vitimas-da-lama-da-samarco-tem-ate-31-de-dezembro-para-se-cadastrarem-em-plano-de-indenizacoes","status":"publish","type":"post","link":"https:\/\/aconteceunovale.com.br\/portal\/?p=125187","title":{"rendered":"V\u00edtimas da lama da Samarco t\u00eam at\u00e9 31 de dezembro para se cadastrarem em plano de indeniza\u00e7\u00f5es"},"content":{"rendered":"<p>As pessoas que foram prejudicadas pela trag\u00e9dia ambiental no Rio Doce t\u00eam at\u00e9 o dia 31 de dezembro para se cadastrarem no plano de indeniza\u00e7\u00f5es da Funda\u00e7\u00e3o Renova.<\/p>\n<p><strong>Pode se cadastrar quem teve:<\/strong><\/p>\n<p>&#8211; Danos diretos em bens materiais ou em atividades econ\u00f4micas;<br \/>\n&#8211; Perda, por morte ou por desaparecimento, de familiares com graus de parentesco diversos ou de pessoas com as quais coabitavam e\/ou mantinham rela\u00e7\u00e3o de depend\u00eancia econ\u00f4mica;<br \/>\n&#8211; Perda de fontes de renda, de trabalho ou de subsist\u00eancia das quais h\u00e1 depend\u00eancia econ\u00f4mica, em virtude da ruptura do v\u00ednculo com \u00e1reas atingidas;<br \/>\n&#8211; Perda comprovada de \u00e1reas de exerc\u00edcio da atividade pesqueira e dos recursos e extrativos, inviabilizando a atividade extrativa ou produtiva;<br \/>\n&#8211; Perda da capacidade produtiva ou da viabilidade de uso de bem im\u00f3vel ou de parte dele, entre outros.<\/p>\n<p>O contato para se cadastrar pode ser feito pelo telefone 0800 031 2303 ou nos Centros de Informa\u00e7\u00e3o e Atendimento, entre Mariana (MG) e a foz no Esp\u00edrito Santo.<\/p>\n<p>Os endere\u00e7os podem ser visualizados no site <a href=\"http:\/\/www.fundacaorenova.org\" target=\"_blank\">www.fundacaorenova.org<\/a>.<\/p>\n<p><img decoding=\"async\" src=\"http:\/\/aconteceunovale.com.br\/portal\/wp-content\/uploads\/2017\/12\/rio_doce_samarco.jpg\" alt=\"\" \/><em>Rio Doce foi contaminado por lama da Samarco (Foto: Leonardo Mer\u00e7on\/Instituto \u00daltimos Ref\u00fagios)<\/em><br \/>\n<\/br><\/p>\n<p>\u201cO atendimento \u00e0s fam\u00edlias \u00e9 individual e pode variar desde a indeniza\u00e7\u00e3o e o recebimento do aux\u00edlio-financeiro \u2013 quando aplic\u00e1veis \u2013, at\u00e9 a\u00e7\u00f5es coletivas voltadas para os diferentes setores impactados\u201d, diz a Funda\u00e7\u00e3o.<\/p>\n<p>Segundo a Renova, pessoas que tiveram perda de lazer, interrup\u00e7\u00e3o de abastecimento de \u00e1gua, danos \u00e0 sa\u00fade f\u00edsica ou mental, danos morais, quilombolas e ind\u00edgenas n\u00e3o precisam passar pelo cadastro.<\/p>\n<p>Esses casos s\u00e3o encaminhados pelas centrais de relacionamento diretamente aos programas que cuidam especificamente desses processos de repara\u00e7\u00e3o.<\/p>\n<p>O atendimento para quem se cadastrar em 2017 est\u00e1 previsto para at\u00e9 30 de junho de 2018.<\/p>\n<p>\u201cA estimativa da Funda\u00e7\u00e3o \u00e9 chegar a cerca de oito mil novas solicita\u00e7\u00f5es de cadastros que, ap\u00f3s atendidas, v\u00e3o se somar ao total previsto de 30 mil manifesta\u00e7\u00f5es (cerca de 90 mil pessoas) ao final de todo o processo\u201d, estima a Renova.<\/p>\n<p>A campanha faz parte da execu\u00e7\u00e3o das a\u00e7\u00f5es de repara\u00e7\u00e3o e de compensa\u00e7\u00e3o da entidade previstas pelo Termo de Transa\u00e7\u00e3o e de Ajustamento de Conduta (TTAC), um acordo foi assinado em 2016 entre Samarco Minera\u00e7\u00e3o \u2013 com o apoio de suas acionistas, Vale e BHP Billiton \u2013, Governo Federal, Governos Estaduais de Minas Gerais e Esp\u00edrito Santo \u2013 e outros \u00f3rg\u00e3os governamentais.<\/p>\n<p><strong>SERVI\u00c7O<\/strong><\/p>\n<p><strong>Como se cadastrar?<\/strong> Ligue no 0800 031 2303 ou v\u00e1 aos Centros de Informa\u00e7\u00e3o e Atendimento localizados ao longo da \u00e1rea de abrang\u00eancia da Funda\u00e7\u00e3o Renova, nos endere\u00e7os abaixo:<\/p>\n<p><strong>Minas Gerais<\/strong><\/p>\n<p>&#8211; Aimor\u00e9s \u2013 Av. Doutor Am\u00e9rico Martins da Costa, 13, Loja 3, Centro<\/p>\n<p>&#8211; Barra Longa \u2013 Rua Matias Barbosa, 14, Centro<\/p>\n<p>&#8211; Cachoeira Escura \u2013 Rua Monteiro Lobato, 557, Alex Muller<\/p>\n<p>&#8211; Governador Valadares \u2013 Rua Bar\u00e3o do Rio Branco, 480, Sala 601 \u2013 Edif\u00edcio Work Center, Centro<\/p>\n<p>&#8211; Mariana \u2013 Av. Bom Jesus, 195, Centro<\/p>\n<p>&#8211; Novo Soberbo \u2013 Rua Maranh\u00e3o, 06 \u2013 Distrito de Santa Cruz do Escalvado<\/p>\n<p>&#8211; Pedra Corrida \u2013 Av. Francisco Silveira Filho, 287, Casa A \u2013 Distrito de Periquito<\/p>\n<p>&#8211; Resplendor \u2013 Rua Morais de Carvalho, 831, Sala 4, Centro<\/p>\n<p>&#8211; Tumiritinga \u2013 Av. Amazonas, 980, Centro<\/p>\n<p><strong>Esp\u00edrito Santo<\/strong><\/p>\n<p>&#8211; Baixo Guandu \u2013 Rua Madame Albertina Holz, 165, Loja 4, Comercial Teles<\/p>\n<p>&#8211; Colatina \u2013 Avenida Get\u00falio Vargas, 500, Colatina Shopping, Sala 812, Centro<\/p>\n<p>&#8211; Linhares \u2013 Av. Presidente Get\u00falio Vargas, 1.220, Sala 315, Torre A, Centro<\/p>\n<p>&#8211; Reg\u00eancia \u2013 Rua L\u00eddio de Oliveira, 3, Loja 2<\/p>\n<p><strong>VER PRIMEIRO<\/strong><\/p>\n<p>Receba as not\u00edcias do Aconteceu no Vale em primeira m\u00e3o. Clique em curtir no endere\u00e7o <a href=\"https:\/\/www.facebook.com\/aconteceunovale\" target=\"_blank\"><font color=\"red\">www.facebook.com\/aconteceunovale<\/font><\/a> ou no box abaixo:<\/p>\n<div class=\"fb-like\" data-href=\"https:\/\/www.facebook.com\/aconteceunovale\" data-width=\"120\" data-layout=\"standard\" data-action=\"like\" data-size=\"small\" data-show-faces=\"true\" data-share=\"true\"><\/div>\n<p><\/br><\/p>\n<p><em>(Fonte: G1 ES)<\/em><\/p>\n","protected":false},"excerpt":{"rendered":"<p>As pessoas que foram prejudicadas pela trag\u00e9dia ambiental no Rio Doce t\u00eam at\u00e9 o dia 31 de dezembro para se cadastrarem no plano de indeniza\u00e7\u00f5es da Funda\u00e7\u00e3o Renova. Pode se cadastrar quem teve: &#8211; Danos diretos em bens materiais ou em atividades econ\u00f4micas; &#8211; Perda, por morte ou por desaparecimento, de familiares com graus de [&hellip;]<\/p>\n","protected":false},"author":1,"featured_media":125188,"comment_status":"open","ping_status":"closed","sticky":false,"template":"","format":"standard","meta":{"amp_status":"","footnotes":""},"categories":[6,121,123],"tags":[273,9762,1770,2496,25376,122011,247,133679,165733,69870,12299,7363,165734,87850,67038,309,32642,65508,330,165735,165732],"class_list":["post-125187","post","type-post","status-publish","format-standard","has-post-thumbnail","hentry","category-br","category-leste","category-gerais","tag-aimores","tag-baixo-guandu","tag-barra-longa","tag-cachoeira-escura","tag-colatina","tag-fundacao-renova","tag-governador-valadares","tag-indenizacao-samarco","tag-indenizacao-tragedia-de-mariana","tag-lama-da-samarco","tag-linhares","tag-mariana","tag-novo-soberbo","tag-pedra-corrida","tag-regencia","tag-resplendor","tag-samarco","tag-tragedia-de-mariana","tag-tumiritinga","tag-vitimas-da-lama-da-samarco-tem-ate-31-de-dezembro-para-se-cadastrarem-em-plano-de-indenizacoes","tag-vitimas-da-samarco"],"_links":{"self":[{"href":"https:\/\/aconteceunovale.com.br\/portal\/index.php?rest_route=\/wp\/v2\/posts\/125187","targetHints":{"allow":["GET"]}}],"collection":[{"href":"https:\/\/aconteceunovale.com.br\/portal\/index.php?rest_route=\/wp\/v2\/posts"}],"about":[{"href":"https:\/\/aconteceunovale.com.br\/portal\/index.php?rest_route=\/wp\/v2\/types\/post"}],"author":[{"embeddable":true,"href":"https:\/\/aconteceunovale.com.br\/portal\/index.php?rest_route=\/wp\/v2\/users\/1"}],"replies":[{"embeddable":true,"href":"https:\/\/aconteceunovale.com.br\/portal\/index.php?rest_route=%2Fwp%2Fv2%2Fcomments&post=125187"}],"version-history":[{"count":0,"href":"https:\/\/aconteceunovale.com.br\/portal\/index.php?rest_route=\/wp\/v2\/posts\/125187\/revisions"}],"wp:featuredmedia":[{"embeddable":true,"href":"https:\/\/aconteceunovale.com.br\/portal\/index.php?rest_route=\/wp\/v2\/media\/125188"}],"wp:attachment":[{"href":"https:\/\/aconteceunovale.com.br\/portal\/index.php?rest_route=%2Fwp%2Fv2%2Fmedia&parent=125187"}],"wp:term":[{"taxonomy":"category","embeddable":true,"href":"https:\/\/aconteceunovale.com.br\/portal\/index.php?rest_route=%2Fwp%2Fv2%2Fcategories&post=125187"},{"taxonomy":"post_tag","embeddable":true,"href":"https:\/\/aconteceunovale.com.br\/portal\/index.php?rest_route=%2Fwp%2Fv2%2Ftags&post=125187"}],"curies":[{"name":"wp","href":"https:\/\/api.w.org\/{rel}","templated":true}]}}