{"id":125172,"date":"2017-12-18T23:23:20","date_gmt":"2017-12-19T01:23:20","guid":{"rendered":"http:\/\/aconteceunovale.com.br\/portal\/?p=125172"},"modified":"2017-12-18T23:23:20","modified_gmt":"2017-12-19T01:23:20","slug":"projeto-de-reforma-do-mercado-municipal-de-capelinha-preve-segundo-pavimento-e-praca-de-alimentacao","status":"publish","type":"post","link":"https:\/\/aconteceunovale.com.br\/portal\/?p=125172","title":{"rendered":"Projeto de reforma do Mercado Municipal de Capelinha prev\u00ea segundo pavimento e pra\u00e7a de alimenta\u00e7\u00e3o"},"content":{"rendered":"<p>Na manh\u00e3 do \u00faltimo s\u00e1bado, dia 16 de dezembro de 2017, o Executivo de Capelinha (MG) apresentou ao deputado federal Reginaldo Lopes (PT) e ao deputado estadual Cristiano Silveira (PT) o projeto de reforma e amplia\u00e7\u00e3o do Mercado Municipal, que recebe aos s\u00e1bados uma das maiores feiras do Vale do Jequitinhonha. O local \u00e9 tamb\u00e9m cart\u00e3o postal da cidade e considerado ponto de encontro de visitantes em todos os per\u00edodos do ano, especialmente durante a Festa do Capelinhense Ausente.<\/p>\n<p>A constru\u00e7\u00e3o pretendida ter\u00e1 dois andares, com Pra\u00e7a de Alimenta\u00e7\u00e3o no segundo pavimento, acessibilidade, escrit\u00f3rio da Secretaria Municipal de Agricultura, ponto de apoio da Emater-MG, espa\u00e7o para shows e outras manifesta\u00e7\u00f5es culturais e outras benfeitorias. A obra est\u00e1 or\u00e7ada em cerca de R$ 1 milh\u00e3o de reais.<\/p>\n<p>O deputado Reginaldo Lopes informou ao prefeito Tadeuzinho que o Governo de Minas vai lan\u00e7ar um projeto-piloto para reforma de mercados municipais em diversas cidades mineiras e que a obra de Capelinha est\u00e1 inclusa no mesmo.<\/p>\n<p>O munic\u00edpio de Capelinha tamb\u00e9m receber\u00e1, atrav\u00e9s de a\u00e7\u00e3o do deputado, uma retroescavadeira no valor de R$ 300 mil. O conv\u00eanio para aquisi\u00e7\u00e3o do equipamento j\u00e1 foi assinado entre a Prefeitura e o Governo do Estado.<\/p>\n<h4>Futuro Mercado Municipal<\/h4>\n<p>Confira imagens do projeto de reforma do Mercado Municipal de Capelinha:<\/p>\n<p><img decoding=\"async\" src=\"http:\/\/aconteceunovale.com.br\/portal\/wp-content\/uploads\/2017\/12\/mercado_cap_1.jpg\" alt=\"\" \/><\/p>\n<p><img decoding=\"async\" src=\"http:\/\/aconteceunovale.com.br\/portal\/wp-content\/uploads\/2017\/12\/mercado_cap_2.jpg\" alt=\"\" \/><\/p>\n<p><img decoding=\"async\" src=\"http:\/\/aconteceunovale.com.br\/portal\/wp-content\/uploads\/2017\/12\/mercado_cap_3.jpg\" alt=\"\" \/><\/p>\n<p><img decoding=\"async\" src=\"http:\/\/aconteceunovale.com.br\/portal\/wp-content\/uploads\/2017\/12\/mercado_cap_4.jpg\" alt=\"\" \/><\/p>\n<p><img decoding=\"async\" src=\"http:\/\/aconteceunovale.com.br\/portal\/wp-content\/uploads\/2017\/12\/mercado_cap_5.jpg\" alt=\"\" \/><\/p>\n<p><img decoding=\"async\" src=\"http:\/\/aconteceunovale.com.br\/portal\/wp-content\/uploads\/2017\/12\/mercado_cap_6.jpg\" alt=\"\" \/><\/p>\n<p><img decoding=\"async\" src=\"http:\/\/aconteceunovale.com.br\/portal\/wp-content\/uploads\/2017\/12\/mercado_cap_7.jpg\" alt=\"\" \/><\/p>\n<p><img decoding=\"async\" src=\"http:\/\/aconteceunovale.com.br\/portal\/wp-content\/uploads\/2017\/12\/mercado_cap_8.jpg\" alt=\"\" \/><\/p>\n<p><img decoding=\"async\" src=\"http:\/\/aconteceunovale.com.br\/portal\/wp-content\/uploads\/2017\/12\/mercado_cap_9.jpg\" alt=\"\" \/><\/p>\n<p><img decoding=\"async\" src=\"http:\/\/aconteceunovale.com.br\/portal\/wp-content\/uploads\/2017\/12\/mercado_cap_10.jpg\" alt=\"\" \/><\/p>\n<p><img decoding=\"async\" src=\"http:\/\/aconteceunovale.com.br\/portal\/wp-content\/uploads\/2017\/12\/mercado_cap_11.jpg\" alt=\"\" \/><\/p>\n<p><img decoding=\"async\" src=\"http:\/\/aconteceunovale.com.br\/portal\/wp-content\/uploads\/2017\/12\/mercado_cap_12.jpg\" alt=\"\" \/><\/p>\n<p><img decoding=\"async\" src=\"http:\/\/aconteceunovale.com.br\/portal\/wp-content\/uploads\/2017\/12\/mercado_cap_13.jpg\" alt=\"\" \/><\/p>\n<p><strong>VER PRIMEIRO<\/strong><\/p>\n<p>Receba as not\u00edcias do Aconteceu no Vale em primeira m\u00e3o. Clique em curtir no endere\u00e7o <a href=\"https:\/\/www.facebook.com\/aconteceunovale\" target=\"_blank\"><font color=\"red\">www.facebook.com\/aconteceunovale<\/font><\/a> ou no box abaixo:<\/p>\n<div class=\"fb-like\" data-href=\"https:\/\/www.facebook.com\/aconteceunovale\" data-width=\"120\" data-layout=\"standard\" data-action=\"like\" data-size=\"small\" data-show-faces=\"true\" data-share=\"true\"><\/div>\n<p><\/br><\/p>\n<p><em>(Com Ascom da Prefeitura de Capelinha)<\/em><\/p>\n","protected":false},"excerpt":{"rendered":"<p>Na manh\u00e3 do \u00faltimo s\u00e1bado, dia 16 de dezembro de 2017, o Executivo de Capelinha (MG) apresentou ao deputado federal Reginaldo Lopes (PT) e ao deputado estadual Cristiano Silveira (PT) o projeto de reforma e amplia\u00e7\u00e3o do Mercado Municipal, que recebe aos s\u00e1bados uma das maiores feiras do Vale do Jequitinhonha. O local \u00e9 tamb\u00e9m [&hellip;]<\/p>\n","protected":false},"author":1,"featured_media":125184,"comment_status":"open","ping_status":"closed","sticky":false,"template":"","format":"standard","meta":{"amp_status":"","footnotes":""},"categories":[120],"tags":[165728,165727,44300,17389,165729,1018,48618,165726,136536,165725,165723,165724,17351,165730,165731],"class_list":["post-125172","post","type-post","status-publish","format-standard","has-post-thumbnail","hentry","category-jequi","tag-como-ficara-o-mercado-municipal-de-capelinha","tag-como-sera-o-mercado-municipal-de-capelinha","tag-cristiano-silveira","tag-cristiano-silveira-pt","tag-cristiano-silveira-em-capelinha","tag-destaque","tag-mercado-municipal-de-capelinha","tag-novo-mercado-municipal-de-capelinha","tag-prefeito-tadeuzinho","tag-projeto-de-reforma-do-mercado-municipal-de-capelinha","tag-projeto-de-reforma-do-mercado-municipal-de-capelinha-preve-segundo-pavimento-e-praca-de-alimentacao","tag-reforma-do-mercado-municipal-de-capelinha","tag-reginaldo-lopes","tag-reginaldo-lopes-em-capelinha","tag-tadeuzinho-de-capelinha"],"_links":{"self":[{"href":"https:\/\/aconteceunovale.com.br\/portal\/index.php?rest_route=\/wp\/v2\/posts\/125172","targetHints":{"allow":["GET"]}}],"collection":[{"href":"https:\/\/aconteceunovale.com.br\/portal\/index.php?rest_route=\/wp\/v2\/posts"}],"about":[{"href":"https:\/\/aconteceunovale.com.br\/portal\/index.php?rest_route=\/wp\/v2\/types\/post"}],"author":[{"embeddable":true,"href":"https:\/\/aconteceunovale.com.br\/portal\/index.php?rest_route=\/wp\/v2\/users\/1"}],"replies":[{"embeddable":true,"href":"https:\/\/aconteceunovale.com.br\/portal\/index.php?rest_route=%2Fwp%2Fv2%2Fcomments&post=125172"}],"version-history":[{"count":0,"href":"https:\/\/aconteceunovale.com.br\/portal\/index.php?rest_route=\/wp\/v2\/posts\/125172\/revisions"}],"wp:featuredmedia":[{"embeddable":true,"href":"https:\/\/aconteceunovale.com.br\/portal\/index.php?rest_route=\/wp\/v2\/media\/125184"}],"wp:attachment":[{"href":"https:\/\/aconteceunovale.com.br\/portal\/index.php?rest_route=%2Fwp%2Fv2%2Fmedia&parent=125172"}],"wp:term":[{"taxonomy":"category","embeddable":true,"href":"https:\/\/aconteceunovale.com.br\/portal\/index.php?rest_route=%2Fwp%2Fv2%2Fcategories&post=125172"},{"taxonomy":"post_tag","embeddable":true,"href":"https:\/\/aconteceunovale.com.br\/portal\/index.php?rest_route=%2Fwp%2Fv2%2Ftags&post=125172"}],"curies":[{"name":"wp","href":"https:\/\/api.w.org\/{rel}","templated":true}]}}