{"id":125124,"date":"2017-12-17T18:39:33","date_gmt":"2017-12-17T20:39:33","guid":{"rendered":"http:\/\/aconteceunovale.com.br\/portal\/?p=125124"},"modified":"2017-12-17T18:39:33","modified_gmt":"2017-12-17T20:39:33","slug":"casa-do-artesanato-ira-fortalecer-cadeia-produtiva-do-setor-em-minas","status":"publish","type":"post","link":"https:\/\/aconteceunovale.com.br\/portal\/?p=125124","title":{"rendered":"Casa do Artesanato ir\u00e1 fortalecer cadeia produtiva do setor em Minas"},"content":{"rendered":"<p>O governo de Minas Gerais vai implantar em Belo Horizonte a Casa do Artesanato Mineiro, um espa\u00e7o p\u00fablico destino \u00e0 capacita\u00e7\u00e3o e ao fortalecimento da cadeira produtiva do setor. No local, artes\u00e3os de todo o estado poder\u00e3o participar de cursos e oficinas para aprimorar seus trabalhos. A novidade foi apresentada durante a Feira Nacional do Artesanato, que ocorreu na semana passada.<\/p>\n<p>Com inaugura\u00e7\u00e3o prevista para mar\u00e7o, a Casa do Artesanato Mineiro vai funcionar no bairro Pompeia, em edif\u00edcio onde antes funcionava o Centro de Refer\u00eancias dos Res\u00edduos S\u00f3lidos. A nova estrutura ser\u00e1 administrada pela Secretaria Extraordin\u00e1ria de Desenvolvimento Integrado e F\u00f3runs Regionais de Minas Gerais (Seedif). &#8220;A mais importante agenda neste tempo de crise deve ser o fortalecimento das pessoas que produzem. Um segmento que tem mais de 300 mil trabalhadores at\u00e9 hoje n\u00e3o tinha uma s\u00f3 pol\u00edtica p\u00fablica. Estamos reparando este equ\u00edvoco&#8221;, disse o secret\u00e1rio da pasta Wadson Ribeiro.<\/p>\n<p>A Casa do Artesanato Mineiro est\u00e1 prevista em decreto assinado pelo governador Fernando Pimentel no dia 5 de dezembro. Ela \u00e9 parte do Projeto Mais Artesanato, que visa fomentar e valorizar o trabalho artesanal como estrat\u00e9gico para o desenvolvimento econ\u00f4mico e sustent\u00e1vel do estado. Entre as diretrizes do projeto, est\u00e3o a preserva\u00e7\u00e3o da tradi\u00e7\u00e3o artesanal, valoriza\u00e7\u00e3o dos territ\u00f3rios e o est\u00edmulo ao cooperativismo e o associativismo.<\/p>\n<p>Al\u00e9m da constru\u00e7\u00e3o da Casa do Artesanato Mineiro, o Projeto Mais Artesanato prev\u00ea a elabora\u00e7\u00e3o do Plano Quadrienal de Desenvolvimento do Artesanato de Minas Gerais, que dever\u00e1 versar sobre cinco t\u00f3picos: legisla\u00e7\u00e3o e pol\u00edticas p\u00fablicas, comercializa\u00e7\u00e3o, desenvolvimento regional, inclus\u00e3o e desenvolvimento social, e salvaguarda dos mestres artes\u00e3os. &#8220;Queremos retirar o artesanato mineiro da lateralidade e lembrar que o artes\u00e3o faz parte do PIB do estado&#8221;, disse Pedro Le\u00e3o, subsecret\u00e1rio de desenvolvimento integrado da Seedif e membro da coordena\u00e7\u00e3o do projeto.<\/p>\n<p><strong>Pr\u00eamio<\/strong><\/p>\n<p>O artesanato mineiro dominou, no ano passado, o 4\u00ba Pr\u00eamio Sebrae Top 100, um dos mais cobi\u00e7ados do setor. Foram 13 premiados, superando Pernambuco, com dez agraciados, e Par\u00e1 e Santa Catarina, com sete cada um. A produ\u00e7\u00e3o \u00e9 diversificada e se observa voca\u00e7\u00f5es espec\u00edficas em diversos munic\u00edpios do estado: trabalhos com madeira, argila, bordado, fibras naturais e sucata atraem olhares do mercado nacional e internacional. Segundo estimativas da Seedif, Minas Gerais re\u00fane ao todo 300 mil artes\u00f5es e fomenta uma cadeia produtiva respons\u00e1vel por movimentar cerca de R$ 2,2 bilh\u00f5es por ano.<\/p>\n<p>A artes\u00e3 Cec\u00edlia Miranda, de Cipot\u00e2nea (MG), espera que o Projeto Mais Artesanato aumente a procura pelo trabalho do artes\u00e3o, melhorando assim a renda do artes\u00e3o. Segundo ela, um dos maiores desafios atuais \u00e9 promover o contato direto entre produtor e comprador, o que pode ocorrer com mais visibilidade. &#8220;Fazemos um trabalho muito bonito. O artesanato \u00e9 o Brasil feito a m\u00e3o. Hoje temos um ambiente favor\u00e1vel para a comercializa\u00e7\u00e3o. Mas ainda h\u00e1 uma depend\u00eancia grande dos intermedi\u00e1rios. E n\u00e3o podemos descart\u00e1-los porque eles ajudam a escoar a mercadoria. S\u00f3 que eles compram para revender, ganham sobre lote, e os artes\u00e3os que n\u00e3o s\u00e3o associados recebem muito pouco. Muitas vezes o trabalho n\u00e3o \u00e9 valorizado. Da\u00ed a import\u00e2ncia da associa\u00e7\u00e3o, que fortalece o trabalhador e permite que ele receba \u00e0 vista&#8221;.<\/p>\n<p>Hoje aos 58 anos, Cec\u00edlia \u00e9 uma das lideran\u00e7as da Associa\u00e7\u00e3o dos Artes\u00e3os e Agricultores Familiares de Cipot\u00e2nea e, assim como diversas pessoas no munic\u00edpio, trabalha com a produ\u00e7\u00e3o a partir da palha de milho. &#8220;\u00c9 o capital de giro da cidade, uma parte importante da economia. E usamos um produto biodegrad\u00e1vel que n\u00e3o agride o ambiente, al\u00e9m de ser um reaproveitamento de res\u00edduos da produ\u00e7\u00e3o agr\u00edcola&#8221;, diz. Atuando no artesanato h\u00e1 mais de 30 anos, ela v\u00ea novas pol\u00edticas p\u00fablicas como mais um passo da evolu\u00e7\u00e3o da profiss\u00e3o. &#8220;Quando tinha 20 e poucos anos, n\u00e3o tinha ideia do valor do artesanato. Hoje n\u00f3s vemos o valor que ele tem&#8221;, acrescenta.<\/p>\n<p>O plano quadrienal dever\u00e1 ser apresentado em 90 dias. Sua elabora\u00e7\u00e3o envolver\u00e1 grupos de trabalho compostos por membros de \u00f3rg\u00e3os p\u00fablicos estaduais, secretarias do governo mineiro, universidades p\u00fablicas, empresas estatais e entidades representativas dos artes\u00e3os.<\/p>\n<p>O Projeto Mais Artesanato prev\u00ea ainda o mapeamento da atividade artesanal no estado. Para tanto, um instrumento \u00e9 a Carteira Nacional do Artes\u00e3o, criada em 2012 como desdobramento do Programa do Artesanato Brasileiro (PAB). Ela \u00e9 fornecida gratuitamente e funciona como uma identifica\u00e7\u00e3o nacional do trabalhador. Entre os benef\u00edcios de possu\u00ed-la est\u00e3o facilidades para participar em feiras de artesanato no pa\u00eds e no exterior e para realizar oficinas e cursos na \u00e1rea.<\/p>\n<p><strong>Feira<\/strong><\/p>\n<p>A Feira Nacional do Artesanato de Minas Gerais chegou \u00e0 sua 28\u00aa edi\u00e7\u00e3o. Organizada pela primeira vez em 1989, ela \u00e9 considerada hoje a maior da Am\u00e9rica Latina. Neste ano, entre os dias 5 e 10 de dezembro, o evento contou com 1,2 mil estandes e 7 mil artes\u00e3os de todo o pa\u00eds.<\/p>\n<p><strong>VER PRIMEIRO<\/strong><\/p>\n<p>Receba as not\u00edcias do Aconteceu no Vale em primeira m\u00e3o. Clique em curtir no endere\u00e7o <a href=\"https:\/\/www.facebook.com\/aconteceunovale\" target=\"_blank\"><font color=\"red\">www.facebook.com\/aconteceunovale<\/font><\/a> ou no box abaixo:<\/p>\n<div class=\"fb-like\" data-href=\"https:\/\/www.facebook.com\/aconteceunovale\" data-width=\"120\" data-layout=\"standard\" data-action=\"like\" data-size=\"small\" data-show-faces=\"true\" data-share=\"true\"><\/div>\n<p><\/br><\/p>\n<p><em>(Fonte: Ag\u00eancia Brasil)<\/em><\/p>\n","protected":false},"excerpt":{"rendered":"<p>O governo de Minas Gerais vai implantar em Belo Horizonte a Casa do Artesanato Mineiro, um espa\u00e7o p\u00fablico destino \u00e0 capacita\u00e7\u00e3o e ao fortalecimento da cadeira produtiva do setor. No local, artes\u00e3os de todo o estado poder\u00e3o participar de cursos e oficinas para aprimorar seus trabalhos. A novidade foi apresentada durante a Feira Nacional do [&hellip;]<\/p>\n","protected":false},"author":1,"featured_media":14731,"comment_status":"open","ping_status":"closed","sticky":false,"template":"","format":"standard","meta":{"amp_status":"","footnotes":""},"categories":[123],"tags":[111148,76965,165662,165661,165666,165665,165667,165664,165663],"class_list":["post-125124","post","type-post","status-publish","format-standard","has-post-thumbnail","hentry","category-gerais","tag-artesanato-de-minas-gerais","tag-artesanato-mineiro","tag-casa-do-artesanato-em-minas","tag-casa-do-artesanato-ira-fortalecer-cadeia-produtiva-do-setor-em-minas","tag-casa-do-artesanato-mineiro","tag-feira-nacional-do-artesanato-de-minas-gerais","tag-governo-de-minas-gerais-vai-implantar-em-belo-horizonte-a-casa-do-artesanato-mineiro","tag-incentivo-para-o-artesanato-mineiro","tag-producao-artesanato-minas-gerais"],"_links":{"self":[{"href":"https:\/\/aconteceunovale.com.br\/portal\/index.php?rest_route=\/wp\/v2\/posts\/125124","targetHints":{"allow":["GET"]}}],"collection":[{"href":"https:\/\/aconteceunovale.com.br\/portal\/index.php?rest_route=\/wp\/v2\/posts"}],"about":[{"href":"https:\/\/aconteceunovale.com.br\/portal\/index.php?rest_route=\/wp\/v2\/types\/post"}],"author":[{"embeddable":true,"href":"https:\/\/aconteceunovale.com.br\/portal\/index.php?rest_route=\/wp\/v2\/users\/1"}],"replies":[{"embeddable":true,"href":"https:\/\/aconteceunovale.com.br\/portal\/index.php?rest_route=%2Fwp%2Fv2%2Fcomments&post=125124"}],"version-history":[{"count":0,"href":"https:\/\/aconteceunovale.com.br\/portal\/index.php?rest_route=\/wp\/v2\/posts\/125124\/revisions"}],"wp:featuredmedia":[{"embeddable":true,"href":"https:\/\/aconteceunovale.com.br\/portal\/index.php?rest_route=\/wp\/v2\/media\/14731"}],"wp:attachment":[{"href":"https:\/\/aconteceunovale.com.br\/portal\/index.php?rest_route=%2Fwp%2Fv2%2Fmedia&parent=125124"}],"wp:term":[{"taxonomy":"category","embeddable":true,"href":"https:\/\/aconteceunovale.com.br\/portal\/index.php?rest_route=%2Fwp%2Fv2%2Fcategories&post=125124"},{"taxonomy":"post_tag","embeddable":true,"href":"https:\/\/aconteceunovale.com.br\/portal\/index.php?rest_route=%2Fwp%2Fv2%2Ftags&post=125124"}],"curies":[{"name":"wp","href":"https:\/\/api.w.org\/{rel}","templated":true}]}}