{"id":125086,"date":"2017-12-15T23:00:17","date_gmt":"2017-12-16T01:00:17","guid":{"rendered":"http:\/\/aconteceunovale.com.br\/portal\/?p=125086"},"modified":"2017-12-15T23:00:17","modified_gmt":"2017-12-16T01:00:17","slug":"cigarros-terao-novas-imagens-de-advertencia","status":"publish","type":"post","link":"https:\/\/aconteceunovale.com.br\/portal\/?p=125086","title":{"rendered":"Cigarros ter\u00e3o novas imagens de advert\u00eancia"},"content":{"rendered":"<p>A Ag\u00eancia Nacional de Vigil\u00e2ncia Sanit\u00e1ria (Anvisa) publicou, nesta sexta-feira (15\/12\/2017), a\u00a0<span style=\"text-decoration: underline;\"><span style=\"color: #ff0000;\"><a href=\"http:\/\/portal.anvisa.gov.br\/documents\/10181\/3119516\/RDC_195_2017_.pdf\/f165638d-15e9-4b9d-99c6-f6ebe20063ad\" target=\"_blank\"><span style=\"color: #ff0000; text-decoration: underline;\">Resolu\u00e7\u00e3o da Diretoria Colegiada 195\/2017<\/span><\/a><\/span><\/span>\u00a0com as novas\u00a0<span style=\"text-decoration: underline;\"><span style=\"color: #ff0000;\"><a href=\"http:\/\/portal.anvisa.gov.br\/web\/guest\/tabaco\/imagens-de-advertencia\" target=\"_blank\"><span style=\"color: #ff0000; text-decoration: underline;\">imagens de advert\u00eancia sanit\u00e1ria<\/span><\/a><\/span><\/span>, que s\u00e3o obrigat\u00f3rias nos r\u00f3tulos dos cigarros e demais produtos derivados do tabaco\u00a0comercializados no Brasil. Al\u00e9m de nove novas imagens de advert\u00eancia padr\u00e3o, que ocupar\u00e3o\u00a0100% da\u00a0face posterior\u00a0das embalagens, a resolu\u00e7\u00e3o apresenta novos modelos de advert\u00eancias frontal\u00a0e lateral\u00a0e um novo modelo gr\u00e1fico para a mensagem de proibi\u00e7\u00e3o de venda para menores de 18 anos.<\/p>\n<p>As novas mensagens apresentam uma comunica\u00e7\u00e3o mais direta com os consumidores sobre os riscos que esses produtos causam \u00e0 sa\u00fade e, tamb\u00e9m, utilizam um conjunto de cores que d\u00e3o maior destaque e visibilidade para as mensagens.\u00a0 As novas advert\u00eancias padr\u00e3o t\u00eam os temas: c\u00e2ncer de boca, cegueira, envelhecimento, fumante passivo, impot\u00eancia sexual, infarto, trombose e gangrena morte\u00a0e parto prematuro.<\/p>\n<p>Al\u00e9m disso, assim como a advert\u00eancia frontal, passar\u00e3o a ficar sobre um fundo amarelo mais chamativo, ao inv\u00e9s do fundo preto dos alertas anteriores. A advert\u00eancia lateral continuar\u00e1 no fundo preto, mas ter\u00e1 um alerta de Perigo: Produto T\u00f3xico, que correlacionar\u00e1 as subst\u00e2ncias t\u00f3xicas presentes no produto com itens do cotidiano das pessoas, bem como com as doen\u00e7as causadas pelo seu uso. A\u00a0mensagem de venda proibida para menores de 18 anos ficar\u00e1 em um fundo vermelho, para que haja tamb\u00e9m um maior destaque da mensagem.<\/p>\n<p><img decoding=\"async\" src=\"http:\/\/aconteceunovale.com.br\/portal\/wp-content\/uploads\/2017\/12\/cigarro_imagem.jpg\" alt=\"\" \/><\/p>\n<p><strong>Adequa\u00e7\u00e3o e fiscaliza\u00e7\u00e3o<\/strong> &#8211; A norma \u00e9 v\u00e1lida para todos os produtos fum\u00edgenos derivados do tabaco, tais como: cigarros, cigarrilhas, charutos, fumos de cachimbo, fumos de narguil\u00e9, rap\u00e9, dentre outros. As mudan\u00e7as entrar\u00e3o em vigor em 25 de maio de 2018, mas as empresas que j\u00e1 quiserem, poder\u00e3o se adequar antes deste prazo.<\/p>\n<p>Ap\u00f3s a referida data, as embalagens que n\u00e3o estiverem de acordo com a nova Resolu\u00e7\u00e3o n\u00e3o poder\u00e3o ser produzidas, distribu\u00eddas, expostas \u00e0 venda ou comercializadas. Tamb\u00e9m dever\u00e3o ser recolhidas pela empresa detentora do registro.<\/p>\n<p>O n\u00e3o cumprimento da nova regulamenta\u00e7\u00e3o implica em infra\u00e7\u00e3o sanit\u00e1ria, estando os fabricantes e estabelecimentos que comercializam esses produtos sujeitos a penalidades que podem chegar a R$ 1,5 milh\u00e3o.\u00a0 A fiscaliza\u00e7\u00e3o \u00e9 feita pelas autoridades sanit\u00e1rias dos Estados e Munic\u00edpios, \u00f3rg\u00e3os ligados \u00e0s respectivas Secretarias de Sa\u00fade.<\/p>\n<h2>Conven\u00e7\u00e3o \u2013 Quadro<\/h2>\n<p>A atualiza\u00e7\u00e3o e o uso das advert\u00eancias sanit\u00e1rias nas embalagens dos produtos derivados do tabaco est\u00e3o previstos na Conven\u00e7\u00e3o-Quadro para o Controle do Tabaco (CQCT), adotada pelos pa\u00edses membros da Organiza\u00e7\u00e3o Mundial de Sa\u00fade (OMS), da qual o Brasil \u00e9 signat\u00e1rio. Dentre outras orienta\u00e7\u00f5es, a Conven\u00e7\u00e3o estabelece que os pa\u00edses devem adotar medidas sanit\u00e1rias na embalagem e na etiquetagem de produtos de tabaco, indicando que \u201ccada carteira unit\u00e1ria e pacote de produtos de tabaco, e cada embalagem externa e etiquetagem de tais produtos devem conter advert\u00eancias descrevendo os efeitos nocivos do consumo do tabaco, podendo incluir outras mensagens apropriadas\u201d. A Conven\u00e7\u00e3o-Quadro foi internalizada no Brasil por meio do Decreto n\u00ba 5658\/2006.<\/p>\n<p>Antes mesmo da promulga\u00e7\u00e3o da CQCT, desde 2001, o Brasil j\u00e1 determinava a obrigatoriedade das advert\u00eancias sanit\u00e1rias sobre os malef\u00edcios causados pelo uso do tabaco nas embalagens e propagandas de produtos fum\u00edgenos derivados do tabaco, sendo o 2\u00ba pa\u00eds a utilizar imagens de advert\u00eancia.<\/p>\n<h2>Tabagismo<\/h2>\n<p>O tabagismo integra o grupo dos transtornos mentais e comportamentais, devido ao uso de subst\u00e2ncia psicoativa, na Revis\u00e3o da Classifica\u00e7\u00e3o Estat\u00edstica Internacional de Doen\u00e7as e Problemas Relacionados \u00e0 Sa\u00fade, sendo a maior causa isolada evit\u00e1vel de adoecimento e mortes precoces em todo o mundo.<\/p>\n<p>\u00c9 reconhecido como uma doen\u00e7a epid\u00eamica que causa depend\u00eancia f\u00edsica, psicol\u00f3gica e comportamental semelhante ao que ocorre com o uso de outras drogas como \u00e1lcool, coca\u00edna e hero\u00edna. A depend\u00eancia ocorre pela presen\u00e7a da nicotina nos produtos \u00e0 base de tabaco. A depend\u00eancia obriga os fumantes a inalarem mais de 4.720 subst\u00e2ncias t\u00f3xicas, tais como: mon\u00f3xido de carbono, am\u00f4nia, cetonas, formalde\u00eddo, acetalde\u00eddo, acrole\u00edna, al\u00e9m de 43 subst\u00e2ncias cancer\u00edgenas, sendo as principais: ars\u00eanio, n\u00edquel, benzopireno, c\u00e1dmio, chumbo, res\u00edduos de agrot\u00f3xicos e subst\u00e2ncias radioativas.<\/p>\n<p>Algumas dessas subst\u00e2ncias t\u00f3xicas tamb\u00e9m s\u00e3o conhecidas como potenciais irritantes, pois produzem irrita\u00e7\u00e3o nos olhos, no nariz e na garganta, al\u00e9m de paralisia nos c\u00edlios dos br\u00f4nquios. Desse modo, o tabagismo \u00e9 causa de aproximadamente 50 doen\u00e7as, muitas delas incapacitantes e fatais, como c\u00e2ncer, doen\u00e7as cardiovasculares e respirat\u00f3rias cr\u00f4nicas.<\/p>\n<h2>Epidemia<\/h2>\n<p>Segundo a OMS o tabagismo \u00e9 a principal causa de morte evit\u00e1vel em todo o mundo, sendo respons\u00e1vel por 63% dos \u00f3bitos relacionados \u00e0s doen\u00e7as cr\u00f4nicas n\u00e3o transmiss\u00edveis. Dessas, o tabagismo \u00e9 respons\u00e1vel por 85% das mortes por doen\u00e7a pulmonar cr\u00f4nica (bronquite e enfisema), 30% por diversos tipos de c\u00e2ncer (pulm\u00e3o, boca, laringe, faringe, es\u00f4fago, p\u00e2ncreas, rim, bexiga, colo de \u00fatero, est\u00f4mago e f\u00edgado), 25% por doen\u00e7a coronariana (angina e infarto) e 25% por doen\u00e7as cerebrovasculares (acidente vascular cerebral). Al\u00e9m de estar associado \u00e0s doen\u00e7as cr\u00f4nicas n\u00e3o transmiss\u00edveis, o tabagismo tamb\u00e9m \u00e9 um fator importante de risco para o desenvolvimento de outras doen\u00e7as, tais como &#8211; tuberculose, infec\u00e7\u00f5es respirat\u00f3rias, \u00falcera gastrintestinal, impot\u00eancia sexual, infertilidade em mulheres e homens, osteoporose, catarata, entre outras doen\u00e7as.<\/p>\n<p>O consumo de tabaco e seus derivados mata milh\u00f5es de indiv\u00edduos a cada ano. Se a tend\u00eancia atual continuar, em 2030 o tabaco matar\u00e1 cerca de 8 milh\u00f5es por ano sendo que 80% dessas mortes ocorrer\u00e3o nos pa\u00edses da baixa e m\u00e9dia renda.<\/p>\n<p>No Brasil, como resultado das importantes a\u00e7\u00f5es de controle do tabaco desenvolvidas, a preval\u00eancia de tabagismo vem diminuindo ao longo dos anos. Em 1989 o percentual de fumantes de 18 anos ou mais no pa\u00eds era de 34,8%. J\u00e1 em 2013, de acordo com pesquisa mais recente para essa mesma faixa et\u00e1ria em \u00e1reas urbanas e rurais, este n\u00famero caiu para 14,7%. Os resultados da Pesquisa Nacional de Sa\u00fade do Escolar do IBGE (2015) mostraram que a experimenta\u00e7\u00e3o do cigarro foi de 18,4%, entre os escolares do 9\u00ba ano do ensino fundamental. O indicador de experimenta\u00e7\u00e3o de cigarro para os meninos (19,4%) foi superior quando comparado \u00e0s meninas (17,4%). Nos jovens, a \u00faltima pesquisa realizada em 17 cidades brasileiras demonstrou que a preval\u00eancia de estudantes que fumavam regularmente foi muito similar \u00e0 encontrada nos adultos.<\/p>\n<p><strong>VER PRIMEIRO<\/strong><\/p>\n<p>Receba as not\u00edcias do Aconteceu no Vale em primeira m\u00e3o. Clique em curtir no endere\u00e7o <a href=\"https:\/\/www.facebook.com\/aconteceunovale\" target=\"_blank\"><font color=\"red\">www.facebook.com\/aconteceunovale<\/font><\/a> ou no box abaixo:<\/p>\n<div class=\"fb-like\" data-href=\"https:\/\/www.facebook.com\/aconteceunovale\" data-width=\"120\" data-layout=\"standard\" data-action=\"like\" data-size=\"small\" data-show-faces=\"true\" data-share=\"true\"><\/div>\n<p><\/br><\/p>\n<p><em>(Fonte: Anvisa \/ Instituto Nacional do C\u00e2ncer)<\/em><\/p>\n","protected":false},"excerpt":{"rendered":"<p>A Ag\u00eancia Nacional de Vigil\u00e2ncia Sanit\u00e1ria (Anvisa) publicou, nesta sexta-feira (15\/12\/2017), a\u00a0Resolu\u00e7\u00e3o da Diretoria Colegiada 195\/2017\u00a0com as novas\u00a0imagens de advert\u00eancia sanit\u00e1ria, que s\u00e3o obrigat\u00f3rias nos r\u00f3tulos dos cigarros e demais produtos derivados do tabaco\u00a0comercializados no Brasil. Al\u00e9m de nove novas imagens de advert\u00eancia padr\u00e3o, que ocupar\u00e3o\u00a0100% da\u00a0face posterior\u00a0das embalagens, a resolu\u00e7\u00e3o apresenta novos modelos de [&hellip;]<\/p>\n","protected":false},"author":1,"featured_media":125087,"comment_status":"open","ping_status":"closed","sticky":false,"template":"","format":"standard","meta":{"amp_status":"","footnotes":""},"categories":[6,40242],"tags":[25793,2278,165593,165590,165592,165589,165591],"class_list":["post-125086","post","type-post","status-publish","format-standard","has-post-thumbnail","hentry","category-br","category-saude-2","tag-agencia-nacional-de-vigilancia-sanitaria","tag-anvisa","tag-cigarros-terao-novas-imagens-de-advertencia","tag-novas-imagens-dos-rotulos-de-cigarros","tag-novos-rotulos-dos-cigarros-e-demais-produtos-derivados-do-tabaco-comercializados-no-brasil","tag-resolucao-da-diretoria-colegiada-1952017","tag-rotulos-dos-cigarros-e-demais-produtos-derivados-do-tabaco-comercializados-no-brasil"],"_links":{"self":[{"href":"https:\/\/aconteceunovale.com.br\/portal\/index.php?rest_route=\/wp\/v2\/posts\/125086","targetHints":{"allow":["GET"]}}],"collection":[{"href":"https:\/\/aconteceunovale.com.br\/portal\/index.php?rest_route=\/wp\/v2\/posts"}],"about":[{"href":"https:\/\/aconteceunovale.com.br\/portal\/index.php?rest_route=\/wp\/v2\/types\/post"}],"author":[{"embeddable":true,"href":"https:\/\/aconteceunovale.com.br\/portal\/index.php?rest_route=\/wp\/v2\/users\/1"}],"replies":[{"embeddable":true,"href":"https:\/\/aconteceunovale.com.br\/portal\/index.php?rest_route=%2Fwp%2Fv2%2Fcomments&post=125086"}],"version-history":[{"count":0,"href":"https:\/\/aconteceunovale.com.br\/portal\/index.php?rest_route=\/wp\/v2\/posts\/125086\/revisions"}],"wp:featuredmedia":[{"embeddable":true,"href":"https:\/\/aconteceunovale.com.br\/portal\/index.php?rest_route=\/wp\/v2\/media\/125087"}],"wp:attachment":[{"href":"https:\/\/aconteceunovale.com.br\/portal\/index.php?rest_route=%2Fwp%2Fv2%2Fmedia&parent=125086"}],"wp:term":[{"taxonomy":"category","embeddable":true,"href":"https:\/\/aconteceunovale.com.br\/portal\/index.php?rest_route=%2Fwp%2Fv2%2Fcategories&post=125086"},{"taxonomy":"post_tag","embeddable":true,"href":"https:\/\/aconteceunovale.com.br\/portal\/index.php?rest_route=%2Fwp%2Fv2%2Ftags&post=125086"}],"curies":[{"name":"wp","href":"https:\/\/api.w.org\/{rel}","templated":true}]}}