{"id":125020,"date":"2017-12-14T00:18:36","date_gmt":"2017-12-14T02:18:36","guid":{"rendered":"http:\/\/aconteceunovale.com.br\/portal\/?p=125020"},"modified":"2017-12-14T00:18:36","modified_gmt":"2017-12-14T02:18:36","slug":"comissao-da-verdade-de-minas-detalha-torturas-e-reafirma-tese-de-atentado-a-jk","status":"publish","type":"post","link":"https:\/\/aconteceunovale.com.br\/portal\/?p=125020","title":{"rendered":"Comiss\u00e3o da Verdade de Minas detalha torturas e reafirma tese de atentado a JK"},"content":{"rendered":"<p>A Comiss\u00e3o da Verdade em Minas Gerais apresentou hoje (13\/12\/2017) o seu relat\u00f3rio final ap\u00f3s quatro anos de investiga\u00e7\u00e3o sobre as viola\u00e7\u00f5es de direitos humanos no estado entre 1946 e 1988. O foco maior recaiu sobre o per\u00edodo em que vigorou o regime militar. Em um dos cap\u00edtulos do documento de 1.781 p\u00e1ginas, h\u00e1 uma an\u00e1lise das mortes de Juscelino Kubitschek e do motorista Geraldo Ribeiro. A comiss\u00e3o concluiu que, \u201cconsiderando o contexto da \u00e9poca, as distintas contradi\u00e7\u00f5es das avalia\u00e7\u00f5es periciais, os depoimentos e pareceres jur\u00eddicos, pode-se afirmar que \u00e9 plaus\u00edvel, prov\u00e1vel e poss\u00edvel que as mortes tenham ocorrido devido a atentado pol\u00edtico\u201d.<\/p>\n<p>JK morreu em 1976, supostamente em um acidente automobil\u00edstico na Rodovia Presidente Dutra, quando o Opala em que viajava se chocou com um caminh\u00e3o. Relat\u00f3rio da Comiss\u00e3o da Verdade da Cidade de S\u00e3o Paulo, publicado em 2014, j\u00e1 havia levantado 90 ind\u00edcios de fraude na vers\u00e3o oficial e defendeu o reconhecimento do assassinato. Em 1964, quando ocorreu o golpe militar, JK ocupava o cargo de senador, ap\u00f3s presidir o pa\u00eds entre 1956 e 1961. Acusado de corrup\u00e7\u00e3o e de conspira\u00e7\u00e3o, teve os direitos pol\u00edticos cassados em junho daquele mesmo ano.<\/p>\n<p>Segundo as investiga\u00e7\u00f5es conduzidas pela comiss\u00e3o mineira, a causa da morte de JK n\u00e3o foi apurada de maneira satisfat\u00f3ria na \u00e9poca. O exame toxicol\u00f3gico n\u00e3o teria sido feito no condutor do Opala. Al\u00e9m disso, h\u00e1 imagens contradit\u00f3rias em distintos laudos. Um deles mostram fotos traseiras do ve\u00edculo sem avarias, enquanto, em outro, datado do dia seguinte ao acidente, o carro aparece amassado. \u201cA per\u00edcia do Opala, realizada em 1996 para avalia\u00e7\u00e3o de explos\u00e3o ou sabotagem, foi feita em ve\u00edculo com chassi diferente do Opala de 1976\u201d, acrescenta o documento.<\/p>\n<p><strong>Presos pol\u00edticos<\/strong><\/p>\n<p>A Comiss\u00e3o da Verdade em Minas Gerais foi criada em 2014 e seguir\u00e1 funcionando at\u00e9 7 de fevereiro de 2018. A \u00edntegra do relat\u00f3rio das investiga\u00e7\u00f5es\u00a0<span style=\"text-decoration: underline;\"><span style=\"color: #ff0000;\"><a href=\"http:\/\/www.comissaodaverdade.mg.gov.br\/index.php\/legislacao\/relatorio-final\/page\/129?view=page\" target=\"_blank\"><span style=\"color: #ff0000; text-decoration: underline;\">est\u00e1 dispon\u00edvel na internet<\/span><\/a><\/span><\/span>. O documento registra que foi poss\u00edvel identificar 1.531 presos pol\u00edticos em Minas Gerais. O documento tamb\u00e9m traz informa\u00e7\u00f5es dos grupos de resist\u00eancia \u00e0 ditadura que atuaram no territ\u00f3rio mineiro. S\u00e3o apresentados detalhes dos desaparecimentos ou mortes de 17 mineiros no pr\u00f3prio estado e de outros 49 fora.<\/p>\n<p>\u00c9 neste cap\u00edtulo que entra a an\u00e1lise do suposto acidente envolvendo JK. Al\u00e9m do epis\u00f3dio relacionado ao ex-presidente, h\u00e1 outros relatos tr\u00e1gicos, como o de Fl\u00e1vio Ferreira da Silva, ex-prefeito de Barreiro Grande, cidade que posteriormente foi renomeada para Tr\u00eas Marias. Por ter participado de evento com o presidente Jo\u00e3o Goulart antes da deposi\u00e7\u00e3o pelos militares, foi cassado, preso e torturado com choques e pancadas. Dez anos depois dos epis\u00f3dios, com diversos problemas psicol\u00f3gicos, ele matou a mulher e se suicidou.<\/p>\n<p><strong>Torturadores<\/strong><\/p>\n<p>Tamb\u00e9m s\u00e3o identificados, a partir de todos os depoimentos coletados, 125 torturadores. Cinco dos quais foram citados mais de 60 vezes. O nome do coronel Hilton Paula da Cunha Portela \u00e9 o mais recorrente nos relatos. Uma de suas v\u00edtimas, na \u00e9poca uma estudante de ci\u00eancias sociais da Universidade Federal de Minas Gerais (UFMG), relata que seus mamilos foram apertados at\u00e9 sangrar e, no dia seguinte, mesmo estando debilitada, foi submetida a choques e abuso sexual.<\/p>\n<p>Outro relato impressionante \u00e9 o de Jos\u00e9 Ad\u00e3o Pinto, ex-militante do Partido Comunista Brasileiro (PCB). Entre diversas sequelas, ele ficou est\u00e9ril em decorr\u00eancia de um cabo de vassoura inserido no seu \u00e2nus. De acordo com o relat\u00f3rio, os torturadores eram homens preparados, que ostentavam altas patentes militares ou ocupavam fun\u00e7\u00f5es como delegados, agentes e outros profissionais. Entre os torturados, s\u00e3o recorrentes a presen\u00e7a de sequelas psicol\u00f3gicas como ansiedade, depress\u00e3o, claustrofobia, ang\u00fastia e inseguran\u00e7a.<\/p>\n<p><strong>Locais da repress\u00e3o<\/strong><\/p>\n<p>O documento lista ainda 98 locais em Minas Gerais utilizados para tortura e repress\u00e3o, entre eles o edif\u00edcio onde funcionava o Departamento de Ordem Pol\u00edtica e Social (Dops), no centro de Belo Horizonte, cujo arquivo remanescente foi uma importante fonte de consulta. O pres\u00eddio de Linhares, em Juiz de Fora, tamb\u00e9m \u00e9 citado. L\u00e1, estiveram presos figuras reconhecidas da pol\u00edtica brasileira, como o governador mineiro Fernando Pimental; o ex-prefeito de Belo Horizonte M\u00e1rcio Lacerda; e a ex-presidente Dilma Rousseff.<\/p>\n<p>Foi do pres\u00eddio em Juiz de Fora que vieram os primeiros documentos f\u00edsicos produzidos pelos presos pol\u00edticos no Brasil dando conta da tortura. As Cartas de Linhares, como ficaram conhecidas, foram encaminhados ao Conselho de Defesa da Pessoa Humana com o objetivo de divulgar os m\u00e9todos empregados pela ditadura. Elas detalhavam o percurso dos presos ap\u00f3s suas deten\u00e7\u00f5es. Entre seus signat\u00e1rios, est\u00e3o o ex-prefeito M\u00e1rcio Lacerda.<\/p>\n<p><strong>Recomenda\u00e7\u00f5es<\/strong><\/p>\n<p>Ao fim, o relat\u00f3rio apresenta diversas recomenda\u00e7\u00f5es ao Poder P\u00fablico, com o objetivo de garantir o direito de acesso \u00e0s informa\u00e7\u00f5es do per\u00edodo, mitigar os danos e prevenir novas viola\u00e7\u00f5es. Prop\u00f5e, por exemplo, a altera\u00e7\u00e3o de nomes de pra\u00e7as, ruas e outros locais p\u00fablicos, de forma a substituir a men\u00e7\u00e3o a apoiadores do regime militar e das viola\u00e7\u00f5es por homenagens a v\u00edtimas do per\u00edodo.<\/p>\n<p>Tamb\u00e9m sugere a cria\u00e7\u00e3o de um Memorial de Direitos Humanos a ser instalado no pr\u00e9dio onde funcionou o Dops. Outras medidas recomendadas s\u00e3o a cria\u00e7\u00e3o de um programa de atendimento psicol\u00f3gico \u00e0s v\u00edtimas e a capacita\u00e7\u00e3o das pol\u00edcias sobre a atua\u00e7\u00e3o em casos de deten\u00e7\u00e3o, superando m\u00e9todos remanescentes do per\u00edodo militar. H\u00e1 ainda indica\u00e7\u00e3o para que se crie uma comiss\u00e3o ind\u00edgena da verdade, para analisar viola\u00e7\u00f5es espec\u00edficas sofrida pelos \u00edndios.<\/p>\n<p><strong>VER PRIMEIRO<\/strong><\/p>\n<p>Receba as not\u00edcias do Aconteceu no Vale em primeira m\u00e3o. Clique em curtir no endere\u00e7o <a href=\"https:\/\/www.facebook.com\/aconteceunovale\" target=\"_blank\"><font color=\"red\">www.facebook.com\/aconteceunovale<\/font><\/a> ou no box abaixo:<\/p>\n<div class=\"fb-like\" data-href=\"https:\/\/www.facebook.com\/aconteceunovale\" data-width=\"120\" data-layout=\"standard\" data-action=\"like\" data-size=\"small\" data-show-faces=\"true\" data-share=\"true\"><\/div>\n<p><\/br><\/p>\n<p><em>(Fonte: Ag\u00eancia Brasil)<\/em><\/p>\n","protected":false},"excerpt":{"rendered":"<p>A Comiss\u00e3o da Verdade em Minas Gerais apresentou hoje (13\/12\/2017) o seu relat\u00f3rio final ap\u00f3s quatro anos de investiga\u00e7\u00e3o sobre as viola\u00e7\u00f5es de direitos humanos no estado entre 1946 e 1988. O foco maior recaiu sobre o per\u00edodo em que vigorou o regime militar. Em um dos cap\u00edtulos do documento de 1.781 p\u00e1ginas, h\u00e1 uma [&hellip;]<\/p>\n","protected":false},"author":1,"featured_media":125021,"comment_status":"open","ping_status":"closed","sticky":false,"template":"","format":"standard","meta":{"amp_status":"","footnotes":""},"categories":[6,123],"tags":[165483,165482,165399,165481,15493,165480,165478,74300,165479],"class_list":["post-125020","post","type-post","status-publish","format-standard","has-post-thumbnail","hentry","category-br","category-gerais","tag-comissao-da-verdade-de-minas-detalha-torturas-e-reafirma-tese-de-atentado-a-jk","tag-comissao-da-verdade-de-minas-gerais","tag-comissao-da-verdade-em-minas-gerais","tag-geraldo-ribeiro","tag-juscelino-kubitschek","tag-morte-de-juscelino-kubitschek","tag-relatorio-da-comissao-da-verdade-em-minas-gerais","tag-relatorio-final","tag-site-da-comissao-da-verdade-em-minas-gerais"],"_links":{"self":[{"href":"https:\/\/aconteceunovale.com.br\/portal\/index.php?rest_route=\/wp\/v2\/posts\/125020","targetHints":{"allow":["GET"]}}],"collection":[{"href":"https:\/\/aconteceunovale.com.br\/portal\/index.php?rest_route=\/wp\/v2\/posts"}],"about":[{"href":"https:\/\/aconteceunovale.com.br\/portal\/index.php?rest_route=\/wp\/v2\/types\/post"}],"author":[{"embeddable":true,"href":"https:\/\/aconteceunovale.com.br\/portal\/index.php?rest_route=\/wp\/v2\/users\/1"}],"replies":[{"embeddable":true,"href":"https:\/\/aconteceunovale.com.br\/portal\/index.php?rest_route=%2Fwp%2Fv2%2Fcomments&post=125020"}],"version-history":[{"count":0,"href":"https:\/\/aconteceunovale.com.br\/portal\/index.php?rest_route=\/wp\/v2\/posts\/125020\/revisions"}],"wp:featuredmedia":[{"embeddable":true,"href":"https:\/\/aconteceunovale.com.br\/portal\/index.php?rest_route=\/wp\/v2\/media\/125021"}],"wp:attachment":[{"href":"https:\/\/aconteceunovale.com.br\/portal\/index.php?rest_route=%2Fwp%2Fv2%2Fmedia&parent=125020"}],"wp:term":[{"taxonomy":"category","embeddable":true,"href":"https:\/\/aconteceunovale.com.br\/portal\/index.php?rest_route=%2Fwp%2Fv2%2Fcategories&post=125020"},{"taxonomy":"post_tag","embeddable":true,"href":"https:\/\/aconteceunovale.com.br\/portal\/index.php?rest_route=%2Fwp%2Fv2%2Ftags&post=125020"}],"curies":[{"name":"wp","href":"https:\/\/api.w.org\/{rel}","templated":true}]}}