{"id":125017,"date":"2017-12-14T00:04:12","date_gmt":"2017-12-14T02:04:12","guid":{"rendered":"http:\/\/aconteceunovale.com.br\/portal\/?p=125017"},"modified":"2017-12-14T00:04:12","modified_gmt":"2017-12-14T02:04:12","slug":"motoristas-de-caminhoes-sao-presos-por-saque-de-mercadoria-dos-correios-no-norte-de-minas","status":"publish","type":"post","link":"https:\/\/aconteceunovale.com.br\/portal\/?p=125017","title":{"rendered":"Motoristas de caminh\u00f5es s\u00e3o presos por saque de mercadoria dos Correios no Norte de Minas"},"content":{"rendered":"<p>Tr\u00eas motoristas e dois comparsas foram presos na madrugada desta quarta-feira (13\/12\/2017) suspeitos de participarem de um esquema de saque e recepta\u00e7\u00e3o de mercadorias dos Correios; eles t\u00eam entre 34 e 51 anos. De acordo com a Pol\u00edcia Militar, tr\u00eas carretas de uma prestadora dos Correios foram apreendidas no p\u00e1tio de um posto de gasolina, em Padre Carvalho, no Norte de Minas. O indiv\u00edduo, respons\u00e1vel pela compra da mercadoria, conseguiu fugir.<\/p>\n<p>\u201cN\u00f3s recebemos informa\u00e7\u00f5es da Pol\u00edcia Civil sobre as investiga\u00e7\u00f5es em rela\u00e7\u00e3o ao grupo e fizemos o monitoramento no posto. Percebemos que as tr\u00eas carretas chegaram ao local e os motoristas e os comparsas se encontraram com o suposto comprador. Em seguida, as carretas foram para um lugar mais afastado e alguns produtos estavam fora das carretas. Ao fazermos a abordagem, o suposto comprador fugiu em um carro. Ap\u00f3s persegui\u00e7\u00e3o, o carro foi abandonado. No posto, fizemos a pris\u00e3o dos cinco envolvidos\u201d, explicou o sargento Cristiano Alves de Oliveira. A mercadoria saiu de S\u00e3o Paulo com destino a Recife.<\/p>\n<p>Os militares apreenderam vestu\u00e1rios, equipamentos eletr\u00f4nicos, amostras de perfume, pneus de motocicleta e assess\u00f3rios. Os cinco suspeitos foram levados para a delegacia local. A Pol\u00edcia Civil continua as investiga\u00e7\u00f5es.<\/p>\n<p><img decoding=\"async\" src=\"http:\/\/aconteceunovale.com.br\/portal\/wp-content\/uploads\/2017\/12\/roubo_correios.jpg\" alt=\"\" \/><em>Material apreendido pelos militares (Foto: Pol\u00edcia Militar\/Divulga\u00e7\u00e3o)<\/em><br \/>\n<\/br><\/p>\n<p><strong>VER PRIMEIRO<\/strong><\/p>\n<p>Receba as not\u00edcias do Aconteceu no Vale em primeira m\u00e3o. Clique em curtir no endere\u00e7o <a href=\"https:\/\/www.facebook.com\/aconteceunovale\" target=\"_blank\"><font color=\"red\">www.facebook.com\/aconteceunovale<\/font><\/a> ou no box abaixo:<\/p>\n<div class=\"fb-like\" data-href=\"https:\/\/www.facebook.com\/aconteceunovale\" data-width=\"120\" data-layout=\"standard\" data-action=\"like\" data-size=\"small\" data-show-faces=\"true\" data-share=\"true\"><\/div>\n<p><\/br><\/p>\n<p><em>(Fonte: G1 Grande Minas)<\/em><\/p>\n","protected":false},"excerpt":{"rendered":"<p>Tr\u00eas motoristas e dois comparsas foram presos na madrugada desta quarta-feira (13\/12\/2017) suspeitos de participarem de um esquema de saque e recepta\u00e7\u00e3o de mercadorias dos Correios; eles t\u00eam entre 34 e 51 anos. De acordo com a Pol\u00edcia Militar, tr\u00eas carretas de uma prestadora dos Correios foram apreendidas no p\u00e1tio de um posto de gasolina, [&hellip;]<\/p>\n","protected":false},"author":1,"featured_media":125018,"comment_status":"open","ping_status":"closed","sticky":false,"template":"","format":"standard","meta":{"amp_status":"","footnotes":""},"categories":[1236],"tags":[246,165477,165474,165476,877,165475,131504],"class_list":["post-125017","post","type-post","status-publish","format-standard","has-post-thumbnail","hentry","category-norte_de_minas","tag-correios","tag-motoristas-de-caminhoes-sao-presos-por-saque-de-mercadoria-dos-correios-no-norte-de-minas","tag-motoristas-dos-correios-presos","tag-motoristas-dos-correios-presos-no-padre-carvalho","tag-padre-carvalho","tag-prisao-de-motoristas-dos-correios","tag-roubo-de-cargas-dos-correios"],"_links":{"self":[{"href":"https:\/\/aconteceunovale.com.br\/portal\/index.php?rest_route=\/wp\/v2\/posts\/125017","targetHints":{"allow":["GET"]}}],"collection":[{"href":"https:\/\/aconteceunovale.com.br\/portal\/index.php?rest_route=\/wp\/v2\/posts"}],"about":[{"href":"https:\/\/aconteceunovale.com.br\/portal\/index.php?rest_route=\/wp\/v2\/types\/post"}],"author":[{"embeddable":true,"href":"https:\/\/aconteceunovale.com.br\/portal\/index.php?rest_route=\/wp\/v2\/users\/1"}],"replies":[{"embeddable":true,"href":"https:\/\/aconteceunovale.com.br\/portal\/index.php?rest_route=%2Fwp%2Fv2%2Fcomments&post=125017"}],"version-history":[{"count":0,"href":"https:\/\/aconteceunovale.com.br\/portal\/index.php?rest_route=\/wp\/v2\/posts\/125017\/revisions"}],"wp:featuredmedia":[{"embeddable":true,"href":"https:\/\/aconteceunovale.com.br\/portal\/index.php?rest_route=\/wp\/v2\/media\/125018"}],"wp:attachment":[{"href":"https:\/\/aconteceunovale.com.br\/portal\/index.php?rest_route=%2Fwp%2Fv2%2Fmedia&parent=125017"}],"wp:term":[{"taxonomy":"category","embeddable":true,"href":"https:\/\/aconteceunovale.com.br\/portal\/index.php?rest_route=%2Fwp%2Fv2%2Fcategories&post=125017"},{"taxonomy":"post_tag","embeddable":true,"href":"https:\/\/aconteceunovale.com.br\/portal\/index.php?rest_route=%2Fwp%2Fv2%2Ftags&post=125017"}],"curies":[{"name":"wp","href":"https:\/\/api.w.org\/{rel}","templated":true}]}}