{"id":124981,"date":"2017-12-13T21:29:26","date_gmt":"2017-12-13T23:29:26","guid":{"rendered":"http:\/\/aconteceunovale.com.br\/portal\/?p=124981"},"modified":"2017-12-13T21:29:26","modified_gmt":"2017-12-13T23:29:26","slug":"audiencia-publica-em-aracuai-discute-direitos-fundamentais-dos-quilombolas","status":"publish","type":"post","link":"https:\/\/aconteceunovale.com.br\/portal\/?p=124981","title":{"rendered":"Audi\u00eancia P\u00fablica em Ara\u00e7ua\u00ed discute direitos fundamentais dos quilombolas"},"content":{"rendered":"<p>O Minist\u00e9rio P\u00fablico de Minas Gerais (MPMG) e o Minist\u00e9rio P\u00fablico Federal (MPF) realizaram na C\u00e2mara Municipal de Ara\u00e7ua\u00ed uma Audi\u00eancia P\u00fablica para discutir o tema Direitos fundamentais dos quilombolas: territ\u00f3rio, \u00e1gua, sa\u00fade e educa\u00e7\u00e3o.<\/p>\n<p>O MPMG foi representado pela Coordenadoria de Inclus\u00e3o e Mobiliza\u00e7\u00e3o Sociais (Cimos) Jequitinhonha e Mucuri e pela Promotoria de Justi\u00e7a de Ara\u00e7ua\u00ed. Integrantes da Procuradoria da Rep\u00fablica em Te\u00f3filo Otoni representaram o MPF.<\/p>\n<p>Antes do evento, v\u00e1rios grupos caminharam pelas ruas de Ara\u00e7ua\u00ed celebrando o m\u00eas da Consci\u00eancia Negra e buscando visibilidade \u00e0 luta que as comunidades quilombolas enfrentam para conquistar seus direitos.<\/p>\n<p>Durante a Audi\u00eancia P\u00fablica, foram discutidos problemas na delimita\u00e7\u00e3o territorial, no abastecimento de \u00e1gua, no atendimento m\u00e9dico e no ensino educacional das comunidades quilombolas da regi\u00e3o.<\/p>\n<p>Tamb\u00e9m foram abordados temas como viola\u00e7\u00f5es de direitos e problemas enfrentados por esses grupos. Participantes do encontro relataram falta de terra para plantar e viver, dificuldade em conseguir realizar exames m\u00e9dicos.<\/p>\n<p>Os participantes ainda falaram sobre saneamento b\u00e1sico, habita\u00e7\u00e3o, transporte de estudantes, merenda escolar, alunos com necessidades especiais, resgate da cultura quilombola, combate \u00e0 evas\u00e3o escolar e crian\u00e7as trabalhando no corte de cana.<\/p>\n<p>Para a promotora de Justi\u00e7a J\u00falia Matos Frossard, uma das mediadoras do evento, o MPMG pode ajudar na busca por solu\u00e7\u00f5es, por meio de uma atua\u00e7\u00e3o voltada ao incentivo e \u00e0 cobran\u00e7a de pol\u00edticas p\u00fablicas que melhorem a vida das comunidades.<\/p>\n<p><img decoding=\"async\" src=\"http:\/\/aconteceunovale.com.br\/portal\/wp-content\/uploads\/2017\/12\/audiencia_aracuai.jpeg\" alt=\"\" \/><br \/>\n<\/br><\/p>\n<p><strong>VER PRIMEIRO<\/strong><\/p>\n<p>Receba as not\u00edcias do Aconteceu no Vale em primeira m\u00e3o. Clique em curtir no endere\u00e7o <a href=\"https:\/\/www.facebook.com\/aconteceunovale\" target=\"_blank\"><font color=\"red\">www.facebook.com\/aconteceunovale<\/font><\/a> ou no box abaixo:<\/p>\n<div class=\"fb-like\" data-href=\"https:\/\/www.facebook.com\/aconteceunovale\" data-width=\"120\" data-layout=\"standard\" data-action=\"like\" data-size=\"small\" data-show-faces=\"true\" data-share=\"true\"><\/div>\n<p><\/br><\/p>\n<p><em>(Fonte: Cimos\/MPMG)<\/em><\/p>\n","protected":false},"excerpt":{"rendered":"<p>O Minist\u00e9rio P\u00fablico de Minas Gerais (MPMG) e o Minist\u00e9rio P\u00fablico Federal (MPF) realizaram na C\u00e2mara Municipal de Ara\u00e7ua\u00ed uma Audi\u00eancia P\u00fablica para discutir o tema Direitos fundamentais dos quilombolas: territ\u00f3rio, \u00e1gua, sa\u00fade e educa\u00e7\u00e3o. O MPMG foi representado pela Coordenadoria de Inclus\u00e3o e Mobiliza\u00e7\u00e3o Sociais (Cimos) Jequitinhonha e Mucuri e pela Promotoria de Justi\u00e7a [&hellip;]<\/p>\n","protected":false},"author":1,"featured_media":124982,"comment_status":"open","ping_status":"closed","sticky":false,"template":"","format":"standard","meta":{"amp_status":"","footnotes":""},"categories":[120],"tags":[186,165406,165402,165401,50129,109644,165405,19674,5667,18887,19675,109643,165404,165403],"class_list":["post-124981","post","type-post","status-publish","format-standard","has-post-thumbnail","hentry","category-jequi","tag-aracuai","tag-audiencia-publica-em-aracuai-discute-direitos-fundamentais-dos-quilombolas","tag-camara-de-aracuai","tag-camara-municipal-de-aracuai","tag-cimos","tag-coordenadoria-de-inclusao-e-mobilizacao-sociais","tag-julia-matos-frossard","tag-ministerio-publico-de-minas-gerais","tag-ministerio-publico-federal","tag-mpf","tag-mpmg","tag-procuradoria-da-republica-em-teofilo-otoni","tag-promotora-de-justica-julia-matos-frossard","tag-promotoria-de-justica-de-aracuai"],"_links":{"self":[{"href":"https:\/\/aconteceunovale.com.br\/portal\/index.php?rest_route=\/wp\/v2\/posts\/124981","targetHints":{"allow":["GET"]}}],"collection":[{"href":"https:\/\/aconteceunovale.com.br\/portal\/index.php?rest_route=\/wp\/v2\/posts"}],"about":[{"href":"https:\/\/aconteceunovale.com.br\/portal\/index.php?rest_route=\/wp\/v2\/types\/post"}],"author":[{"embeddable":true,"href":"https:\/\/aconteceunovale.com.br\/portal\/index.php?rest_route=\/wp\/v2\/users\/1"}],"replies":[{"embeddable":true,"href":"https:\/\/aconteceunovale.com.br\/portal\/index.php?rest_route=%2Fwp%2Fv2%2Fcomments&post=124981"}],"version-history":[{"count":0,"href":"https:\/\/aconteceunovale.com.br\/portal\/index.php?rest_route=\/wp\/v2\/posts\/124981\/revisions"}],"wp:featuredmedia":[{"embeddable":true,"href":"https:\/\/aconteceunovale.com.br\/portal\/index.php?rest_route=\/wp\/v2\/media\/124982"}],"wp:attachment":[{"href":"https:\/\/aconteceunovale.com.br\/portal\/index.php?rest_route=%2Fwp%2Fv2%2Fmedia&parent=124981"}],"wp:term":[{"taxonomy":"category","embeddable":true,"href":"https:\/\/aconteceunovale.com.br\/portal\/index.php?rest_route=%2Fwp%2Fv2%2Fcategories&post=124981"},{"taxonomy":"post_tag","embeddable":true,"href":"https:\/\/aconteceunovale.com.br\/portal\/index.php?rest_route=%2Fwp%2Fv2%2Ftags&post=124981"}],"curies":[{"name":"wp","href":"https:\/\/api.w.org\/{rel}","templated":true}]}}