{"id":124933,"date":"2017-12-12T22:40:36","date_gmt":"2017-12-13T00:40:36","guid":{"rendered":"http:\/\/aconteceunovale.com.br\/portal\/?p=124933"},"modified":"2017-12-12T22:40:36","modified_gmt":"2017-12-13T00:40:36","slug":"homens-sao-presos-por-furto-em-escola-de-lagoa-dos-patos-no-norte-de-minas","status":"publish","type":"post","link":"https:\/\/aconteceunovale.com.br\/portal\/?p=124933","title":{"rendered":"Homens s\u00e3o presos por furto em escola de Lagoa dos Patos, no Norte de Minas"},"content":{"rendered":"<p>Dois homens, de 21 e 28 anos, foram presos na tarde desta ter\u00e7a-feira (12\/12\/2017) por envolvimento em um furto a uma escola em Lagoa dos Patos, no Norte de Minas. Segundo a Pol\u00edcia Militar (PM), os criminosos arrombaram duas portas da Escola Municipal Maria Dilma durante a madrugada e levaram equipamentos eletr\u00f4nicos, panelas e instrumentos musicais.<\/p>\n<p>A PM foi acionada e, ap\u00f3s rastreamento, localizou tr\u00eas suspeitos escondidos em um matagal. Ao perceberem a aproxima\u00e7\u00e3o dos policiais, eles fugiram. Um dos militares perseguiu a p\u00e9 os fugitivos e conseguiu alcan\u00e7ar dois dos autores, cerca de dois quil\u00f4metros depois.<\/p>\n<p>Os dois presos confessaram ter participado do crime e levaram os militares at\u00e9 o local onde os objetos roubados foram escondidos. Todo o material apreendido foi levado para a delegacia de Cora\u00e7\u00e3o de Jesus, junto aos dois presos.<\/p>\n<p>A PM informou ainda que as buscas continuam para tentar localizar e prender o terceiro envolvido no crime.<\/p>\n<p><img decoding=\"async\" src=\"http:\/\/aconteceunovale.com.br\/portal\/wp-content\/uploads\/2017\/12\/furto_lagoa_dos_patos.jpg\" alt=\"\" \/><em>Dupla confessou aos policiais a participa\u00e7\u00e3o no furto (Foto: Pol\u00edcia Militar\/Divulga\u00e7\u00e3o)<\/em><br \/>\n<\/br><\/p>\n<p><strong>VER PRIMEIRO<\/strong><\/p>\n<p>Receba as not\u00edcias do Aconteceu no Vale em primeira m\u00e3o. Clique em curtir no endere\u00e7o <a href=\"https:\/\/www.facebook.com\/aconteceunovale\" target=\"_blank\"><font color=\"red\">www.facebook.com\/aconteceunovale<\/font><\/a> ou no box abaixo:<\/p>\n<div class=\"fb-like\" data-href=\"https:\/\/www.facebook.com\/aconteceunovale\" data-width=\"120\" data-layout=\"standard\" data-action=\"like\" data-size=\"small\" data-show-faces=\"true\" data-share=\"true\"><\/div>\n<p><\/br><\/p>\n<p><em>(Fonte: G1 Grande Minas)<\/em><\/p>\n","protected":false},"excerpt":{"rendered":"<p>Dois homens, de 21 e 28 anos, foram presos na tarde desta ter\u00e7a-feira (12\/12\/2017) por envolvimento em um furto a uma escola em Lagoa dos Patos, no Norte de Minas. Segundo a Pol\u00edcia Militar (PM), os criminosos arrombaram duas portas da Escola Municipal Maria Dilma durante a madrugada e levaram equipamentos eletr\u00f4nicos, panelas e instrumentos [&hellip;]<\/p>\n","protected":false},"author":1,"featured_media":124934,"comment_status":"open","ping_status":"closed","sticky":false,"template":"","format":"standard","meta":{"amp_status":"","footnotes":""},"categories":[1236],"tags":[165297,165296,165299,165294,165292,1698,160810,165295,165298,165293],"class_list":["post-124933","post","type-post","status-publish","format-standard","has-post-thumbnail","hentry","category-norte_de_minas","tag-escola-municipal-maria-dilma","tag-furto-em-escola-de-lagoa-dos-patos","tag-furto-escola-municipal-maria-dilma","tag-furto-lagoa-dos-patos","tag-homens-sao-presos-por-furto-em-escola-de-lagoa-dos-patos","tag-lagoa-dos-patos","tag-presos-lagoa-dos-patos","tag-roubo-em-escola-de-lagoa-dos-patos","tag-roubo-escola-municipal-maria-dilma","tag-roubo-lagoa-dos-patos"],"_links":{"self":[{"href":"https:\/\/aconteceunovale.com.br\/portal\/index.php?rest_route=\/wp\/v2\/posts\/124933","targetHints":{"allow":["GET"]}}],"collection":[{"href":"https:\/\/aconteceunovale.com.br\/portal\/index.php?rest_route=\/wp\/v2\/posts"}],"about":[{"href":"https:\/\/aconteceunovale.com.br\/portal\/index.php?rest_route=\/wp\/v2\/types\/post"}],"author":[{"embeddable":true,"href":"https:\/\/aconteceunovale.com.br\/portal\/index.php?rest_route=\/wp\/v2\/users\/1"}],"replies":[{"embeddable":true,"href":"https:\/\/aconteceunovale.com.br\/portal\/index.php?rest_route=%2Fwp%2Fv2%2Fcomments&post=124933"}],"version-history":[{"count":0,"href":"https:\/\/aconteceunovale.com.br\/portal\/index.php?rest_route=\/wp\/v2\/posts\/124933\/revisions"}],"wp:featuredmedia":[{"embeddable":true,"href":"https:\/\/aconteceunovale.com.br\/portal\/index.php?rest_route=\/wp\/v2\/media\/124934"}],"wp:attachment":[{"href":"https:\/\/aconteceunovale.com.br\/portal\/index.php?rest_route=%2Fwp%2Fv2%2Fmedia&parent=124933"}],"wp:term":[{"taxonomy":"category","embeddable":true,"href":"https:\/\/aconteceunovale.com.br\/portal\/index.php?rest_route=%2Fwp%2Fv2%2Fcategories&post=124933"},{"taxonomy":"post_tag","embeddable":true,"href":"https:\/\/aconteceunovale.com.br\/portal\/index.php?rest_route=%2Fwp%2Fv2%2Ftags&post=124933"}],"curies":[{"name":"wp","href":"https:\/\/api.w.org\/{rel}","templated":true}]}}