{"id":124927,"date":"2017-12-12T21:02:43","date_gmt":"2017-12-12T23:02:43","guid":{"rendered":"http:\/\/aconteceunovale.com.br\/portal\/?p=124927"},"modified":"2017-12-12T21:02:43","modified_gmt":"2017-12-12T23:02:43","slug":"quatro-homens-sao-presos-durante-operacao-da-policia-militar-em-aracuai","status":"publish","type":"post","link":"https:\/\/aconteceunovale.com.br\/portal\/?p=124927","title":{"rendered":"Quatro homens s\u00e3o presos durante opera\u00e7\u00e3o da Pol\u00edcia Militar em Ara\u00e7ua\u00ed"},"content":{"rendered":"<p>A Pol\u00edcia Militar de Ara\u00e7ua\u00ed, no Vale do Jequitinhonha, realizou na manh\u00e3 desta ter\u00e7a-feira (12\/12\/2017) uma opera\u00e7\u00e3o na zona rural do munic\u00edpio que resultou na pris\u00e3o de quatro suspeitos, sendo um foragido da Justi\u00e7a.<\/p>\n<p>A opera\u00e7\u00e3o, que contou com a participa\u00e7\u00e3o de 20 policiais militares e quatro viaturas, foi realizada no Povoado do Alfredo Gra\u00e7a, a 42 km de Ara\u00e7ua\u00ed, onde havia sido feito levantamentos preliminares, dando conta da presen\u00e7a de indiv\u00edduos conhecidos pela pr\u00e1tica de crimes e que estariam aterrorizando os moradores do local e da regi\u00e3o.<\/p>\n<p>Durante a a\u00e7\u00e3o, os militares encontraram quatro homens apontados nas den\u00fancias, que estavam  morando em tr\u00eas casas do povoado. Com eles foram encontradas tr\u00eas armas de fogo de fabrica\u00e7\u00e3o caseira, cinco armas brancas (facas e fac\u00f5es), materiais para recarga de armas de fogo, uma motosserra e aparelhos celulares de proced\u00eancia duvidosa. Um dos  criminosos, que \u00e9 foragido do albergue de Ara\u00e7ua\u00ed, foi reconhecido por uma v\u00edtima como autor do roubo de uma motocicleta ocorrido nesta segunda-feira (11), no Bairro Bela Vista, em Ara\u00e7ua\u00ed.<\/p>\n<p>Em um dos locais abordados foram encontradas uma motocicleta com placa de identifica\u00e7\u00e3o trocada e outras tr\u00eas que estavam sendo utilizadas pelos autores na pr\u00e1tica de roubos, tentativas de homic\u00eddios e outros crimes.<\/p>\n<p>De acordo com a ocorr\u00eancia, no decorrer da opera\u00e7\u00e3o os indiv\u00edduos efetuaram v\u00e1rios disparos de arma de fogo contra os militares que revidaram a agress\u00e3o. Eles tentaram fugir, adentrando uma mata pr\u00f3xima ao local, mas acabaram sendo presos e encaminhados com os materiais apreendidos para a Delegacia de Pol\u00edcia Civil de Ara\u00e7ua\u00ed.<\/p>\n<p><img decoding=\"async\" src=\"http:\/\/aconteceunovale.com.br\/portal\/wp-content\/uploads\/2017\/12\/operacao_aracuai_1.jpg\" alt=\"\" \/><em>A opera\u00e7\u00e3o contou com a participa\u00e7\u00e3o de 20 militares (Foto: Reprodu\u00e7\u00e3o\/Redes Sociais)<\/em><br \/>\n<\/br><\/p>\n<p><img decoding=\"async\" src=\"http:\/\/aconteceunovale.com.br\/portal\/wp-content\/uploads\/2017\/12\/operacao_aracuai_2.jpg\" alt=\"\" \/><em>A opera\u00e7\u00e3o contou com a participa\u00e7\u00e3o de 20 militares (Foto: Reprodu\u00e7\u00e3o\/Redes Sociais)<\/em><br \/>\n<\/br><\/p>\n<p><strong>VER PRIMEIRO<\/strong><\/p>\n<p>Receba as not\u00edcias do Aconteceu no Vale em primeira m\u00e3o. Clique em curtir no endere\u00e7o <a href=\"https:\/\/www.facebook.com\/aconteceunovale\" target=\"_blank\"><font color=\"red\">www.facebook.com\/aconteceunovale<\/font><\/a> ou no box abaixo:<\/p>\n<div class=\"fb-like\" data-href=\"https:\/\/www.facebook.com\/aconteceunovale\" data-width=\"120\" data-layout=\"standard\" data-action=\"like\" data-size=\"small\" data-show-faces=\"true\" data-share=\"true\"><\/div>\n<p><\/br><\/p>\n<p><em>(Fonte: Gazeta de Ara\u00e7ua\u00ed)<\/em><\/p>\n","protected":false},"excerpt":{"rendered":"<p>A Pol\u00edcia Militar de Ara\u00e7ua\u00ed, no Vale do Jequitinhonha, realizou na manh\u00e3 desta ter\u00e7a-feira (12\/12\/2017) uma opera\u00e7\u00e3o na zona rural do munic\u00edpio que resultou na pris\u00e3o de quatro suspeitos, sendo um foragido da Justi\u00e7a. A opera\u00e7\u00e3o, que contou com a participa\u00e7\u00e3o de 20 policiais militares e quatro viaturas, foi realizada no Povoado do Alfredo Gra\u00e7a, [&hellip;]<\/p>\n","protected":false},"author":1,"featured_media":124929,"comment_status":"open","ping_status":"closed","sticky":false,"template":"","format":"standard","meta":{"amp_status":"","footnotes":""},"categories":[120],"tags":[186,165284,165281,165283,45458,47131,165282,165280],"class_list":["post-124927","post","type-post","status-publish","format-standard","has-post-thumbnail","hentry","category-jequi","tag-aracuai","tag-operacao-da-pm-em-aracuai","tag-operacao-em-aracuai","tag-pm-de-aracuai","tag-policia-militar-de-aracuai","tag-presos-em-aracuai","tag-presos-pela-pm-em-aracuai","tag-quatro-homens-sao-presos-durante-operacao-da-policia-militar-em-aracuai"],"_links":{"self":[{"href":"https:\/\/aconteceunovale.com.br\/portal\/index.php?rest_route=\/wp\/v2\/posts\/124927","targetHints":{"allow":["GET"]}}],"collection":[{"href":"https:\/\/aconteceunovale.com.br\/portal\/index.php?rest_route=\/wp\/v2\/posts"}],"about":[{"href":"https:\/\/aconteceunovale.com.br\/portal\/index.php?rest_route=\/wp\/v2\/types\/post"}],"author":[{"embeddable":true,"href":"https:\/\/aconteceunovale.com.br\/portal\/index.php?rest_route=\/wp\/v2\/users\/1"}],"replies":[{"embeddable":true,"href":"https:\/\/aconteceunovale.com.br\/portal\/index.php?rest_route=%2Fwp%2Fv2%2Fcomments&post=124927"}],"version-history":[{"count":0,"href":"https:\/\/aconteceunovale.com.br\/portal\/index.php?rest_route=\/wp\/v2\/posts\/124927\/revisions"}],"wp:featuredmedia":[{"embeddable":true,"href":"https:\/\/aconteceunovale.com.br\/portal\/index.php?rest_route=\/wp\/v2\/media\/124929"}],"wp:attachment":[{"href":"https:\/\/aconteceunovale.com.br\/portal\/index.php?rest_route=%2Fwp%2Fv2%2Fmedia&parent=124927"}],"wp:term":[{"taxonomy":"category","embeddable":true,"href":"https:\/\/aconteceunovale.com.br\/portal\/index.php?rest_route=%2Fwp%2Fv2%2Fcategories&post=124927"},{"taxonomy":"post_tag","embeddable":true,"href":"https:\/\/aconteceunovale.com.br\/portal\/index.php?rest_route=%2Fwp%2Fv2%2Ftags&post=124927"}],"curies":[{"name":"wp","href":"https:\/\/api.w.org\/{rel}","templated":true}]}}