{"id":124918,"date":"2017-12-12T11:34:29","date_gmt":"2017-12-12T13:34:29","guid":{"rendered":"http:\/\/aconteceunovale.com.br\/portal\/?p=124918"},"modified":"2017-12-12T11:34:29","modified_gmt":"2017-12-12T13:34:29","slug":"mulher-e-presa-apos-esfaquear-funcionaria-de-casa-de-freiras-que-a-acolheu-em-rio-pardo-de-minas","status":"publish","type":"post","link":"https:\/\/aconteceunovale.com.br\/portal\/?p=124918","title":{"rendered":"Mulher \u00e9 presa ap\u00f3s esfaquear funcion\u00e1ria de casa de freiras que a acolheu em Rio Pardo de Minas"},"content":{"rendered":"<p>Uma ex-detenta, de 28 anos, foi presa ap\u00f3s esfaquear a funcion\u00e1ria de uma casa de freiras e colocar fogo no quarto dela na noite dessa segunda-feira (11\/12\/2017), em Rio Pardo de Minas. De acordo com a Pol\u00edcia Militar, a mulher \u00e9 natural do Sul de Minas e foi acolhida no local h\u00e1 cinco dias por n\u00e3o ter onde morar. A v\u00edtima de 45 anos foi atingida por nove facadas e a suspeita \u00e9 que ela tenha negado dinheiro para a criminosa usar drogas.<\/p>\n<p>\u201cA mulher \u00e9 usu\u00e1ria e de acordo com os relatos, ela chegou \u00e0 casa bastante alterada e exigiu por dinheiro para sair novamente. Como a funcion\u00e1ria n\u00e3o deu, ela pegou R$ 52 dela e, mesmo assim, a derrubou, a esfaqueou e ainda colocou fogo na cama e no colch\u00e3o do quarto. Mesmo esfaqueada, a v\u00edtima conseguiu correr at\u00e9 a porta da casa. Os vizinhos perceberam que ela estava ferida, viram a fuma\u00e7a e chamaram a PM\u201d, explicou o sargento Naques da Silva Xavier.<\/p>\n<p><img decoding=\"async\" src=\"http:\/\/aconteceunovale.com.br\/portal\/wp-content\/uploads\/2017\/12\/presa_rio_pardo_de_minas_1.jpg\" alt=\"\" \/><em>Mulher foi presa na casa de um amigo (Foto: Pol\u00edcia Militar\/ Divulga\u00e7\u00e3o)<\/em><br \/>\n<\/br><\/p>\n<p>A fuma\u00e7a se espalhou pela casa e as chamas foram controladas pelos vizinhos. A ajudante de servi\u00e7os gerais foi socorrida pelo Samu e encaminhada ao hospital municipal. <\/p>\n<p>A casa das freiras fica na Avenida Padre Hor\u00e1cio Giraldi, no Bairro Jaqueira, e o crime aconteceu por volta das 23h. A mulher fugiu no local e foi encontrada na casa de um amigo na madrugada desta ter\u00e7a-feira (12).<\/p>\n<p>\u201cConseguimos identificar um amigo da suspeita, de 68 anos, e ela foi presa na casa dele. Ap\u00f3s conversarmos com ele, ficou claro que o homem n\u00e3o tinha conhecimento de nada do ocorrido e apenas cedia a casa para ela, j\u00e1 que a mulher disse que viajaria logo cedo\u201d, contou o sargento. A faca utilizada no crime foi apreendida e a PM recuperou R$ 52; as notas estavam sujas de sangue.<\/p>\n<p>Segundo a pol\u00edcia, a ex-detenta estava presa por roubo e foi encaminhada \u00e0 delegacia. O Padre da comunidade foi comunicado e acompanhou a ocorr\u00eancia. A per\u00edcia foi chamada e a Pol\u00edcia Civil ir\u00e1 investigar o caso.<\/p>\n<p><img decoding=\"async\" src=\"http:\/\/aconteceunovale.com.br\/portal\/wp-content\/uploads\/2017\/12\/presa_rio_pardo_de_minas_2.jpg\" alt=\"\" \/><em>Quarto da v\u00edtima foi incendiado (Foto: Pol\u00edcia Militar\/Divulga\u00e7\u00e3o)<\/em><br \/>\n<\/br><\/p>\n<p><strong>VER PRIMEIRO<\/strong><\/p>\n<p>Receba as not\u00edcias do Aconteceu no Vale em primeira m\u00e3o. Clique em curtir no endere\u00e7o <a href=\"https:\/\/www.facebook.com\/aconteceunovale\" target=\"_blank\"><font color=\"red\">www.facebook.com\/aconteceunovale<\/font><\/a> ou no box abaixo:<\/p>\n<div class=\"fb-like\" data-href=\"https:\/\/www.facebook.com\/aconteceunovale\" data-width=\"120\" data-layout=\"standard\" data-action=\"like\" data-size=\"small\" data-show-faces=\"true\" data-share=\"true\"><\/div>\n<p><\/br><\/p>\n<p><em>(Fonte: G1 Grande Minas)<\/em><\/p>\n","protected":false},"excerpt":{"rendered":"<p>Uma ex-detenta, de 28 anos, foi presa ap\u00f3s esfaquear a funcion\u00e1ria de uma casa de freiras e colocar fogo no quarto dela na noite dessa segunda-feira (11\/12\/2017), em Rio Pardo de Minas. De acordo com a Pol\u00edcia Militar, a mulher \u00e9 natural do Sul de Minas e foi acolhida no local h\u00e1 cinco dias por [&hellip;]<\/p>\n","protected":false},"author":1,"featured_media":124920,"comment_status":"open","ping_status":"closed","sticky":false,"template":"","format":"standard","meta":{"amp_status":"","footnotes":""},"categories":[1236],"tags":[1018,136633,165268,165270,165269,421],"class_list":["post-124918","post","type-post","status-publish","format-standard","has-post-thumbnail","hentry","category-norte_de_minas","tag-destaque","tag-esfaqueada-em-rio-pardo-de-minas","tag-mulher-e-presa-apos-esfaquear-funcionaria-de-casa-de-freiras-que-a-acolheu-em-rio-pardo-de-minas","tag-mulher-presa-em-rio-pardo-de-minas","tag-presa-em-rio-pardo-de-minas","tag-rio-pardo-de-minas"],"_links":{"self":[{"href":"https:\/\/aconteceunovale.com.br\/portal\/index.php?rest_route=\/wp\/v2\/posts\/124918","targetHints":{"allow":["GET"]}}],"collection":[{"href":"https:\/\/aconteceunovale.com.br\/portal\/index.php?rest_route=\/wp\/v2\/posts"}],"about":[{"href":"https:\/\/aconteceunovale.com.br\/portal\/index.php?rest_route=\/wp\/v2\/types\/post"}],"author":[{"embeddable":true,"href":"https:\/\/aconteceunovale.com.br\/portal\/index.php?rest_route=\/wp\/v2\/users\/1"}],"replies":[{"embeddable":true,"href":"https:\/\/aconteceunovale.com.br\/portal\/index.php?rest_route=%2Fwp%2Fv2%2Fcomments&post=124918"}],"version-history":[{"count":0,"href":"https:\/\/aconteceunovale.com.br\/portal\/index.php?rest_route=\/wp\/v2\/posts\/124918\/revisions"}],"wp:featuredmedia":[{"embeddable":true,"href":"https:\/\/aconteceunovale.com.br\/portal\/index.php?rest_route=\/wp\/v2\/media\/124920"}],"wp:attachment":[{"href":"https:\/\/aconteceunovale.com.br\/portal\/index.php?rest_route=%2Fwp%2Fv2%2Fmedia&parent=124918"}],"wp:term":[{"taxonomy":"category","embeddable":true,"href":"https:\/\/aconteceunovale.com.br\/portal\/index.php?rest_route=%2Fwp%2Fv2%2Fcategories&post=124918"},{"taxonomy":"post_tag","embeddable":true,"href":"https:\/\/aconteceunovale.com.br\/portal\/index.php?rest_route=%2Fwp%2Fv2%2Ftags&post=124918"}],"curies":[{"name":"wp","href":"https:\/\/api.w.org\/{rel}","templated":true}]}}