{"id":124911,"date":"2017-12-12T11:19:05","date_gmt":"2017-12-12T13:19:05","guid":{"rendered":"http:\/\/aconteceunovale.com.br\/portal\/?p=124911"},"modified":"2017-12-12T11:19:05","modified_gmt":"2017-12-12T13:19:05","slug":"dois-carros-pegam-fogo-em-garagem-de-casa-em-montes-claros","status":"publish","type":"post","link":"https:\/\/aconteceunovale.com.br\/portal\/?p=124911","title":{"rendered":"Dois carros pegam fogo em garagem de casa em Montes Claros"},"content":{"rendered":"<p>Dois ve\u00edculos pegaram fogo dentro da garagem de uma casa no Bairro S\u00e3o Judas, em Montes Claros, na noite dessa segunda-feira (11\/12\/2017). Um dos carros foi completamente destru\u00eddo pelas chamas e o outro teve o motor e a lataria danificados. <\/p>\n<p>De acordo com o Corpo de Bombeiros, o morador suspeita que tenha ocorrido um curto-circuito no local e n\u00e3o havia sinais de que o inc\u00eandio pudesse ter sido criminoso.<\/p>\n<p>Parte do telhado, parede e um arm\u00e1rio, que estava na garagem, tamb\u00e9m foram atingidos pelo fogo. Os militares utilizaram cerca de 1.500 litros de \u00e1gua no combate as chamas.<\/p>\n<p><img decoding=\"async\" src=\"http:\/\/aconteceunovale.com.br\/portal\/wp-content\/uploads\/2017\/12\/incendio_moc_carros_1.jpg\" alt=\"\" \/><em>Ve\u00edculos estavam na garagem de im\u00f3vel (Foto: Corpo de Bombeiros\/Divulga\u00e7\u00e3o)<\/em><br \/>\n<\/br><\/p>\n<p><img decoding=\"async\" src=\"http:\/\/aconteceunovale.com.br\/portal\/wp-content\/uploads\/2017\/12\/incendio_moc_carros_1.jpg\" alt=\"\" \/><em>Parte do telhado, parede e um arm\u00e1rio tamb\u00e9m foram (Foto: Corpo de Bombeiros\/Divulga\u00e7\u00e3o)<\/em><br \/>\n<\/br><\/p>\n<p><strong>VER PRIMEIRO<\/strong><\/p>\n<p>Receba as not\u00edcias do Aconteceu no Vale em primeira m\u00e3o. Clique em curtir no endere\u00e7o <a href=\"https:\/\/www.facebook.com\/aconteceunovale\" target=\"_blank\"><font color=\"red\">www.facebook.com\/aconteceunovale<\/font><\/a> ou no box abaixo:<\/p>\n<div class=\"fb-like\" data-href=\"https:\/\/www.facebook.com\/aconteceunovale\" data-width=\"120\" data-layout=\"standard\" data-action=\"like\" data-size=\"small\" data-show-faces=\"true\" data-share=\"true\"><\/div>\n<p><\/br><\/p>\n<p><em>(Fonte: G1 Grande Minas)<\/em><\/p>\n","protected":false},"excerpt":{"rendered":"<p>Dois ve\u00edculos pegaram fogo dentro da garagem de uma casa no Bairro S\u00e3o Judas, em Montes Claros, na noite dessa segunda-feira (11\/12\/2017). Um dos carros foi completamente destru\u00eddo pelas chamas e o outro teve o motor e a lataria danificados. De acordo com o Corpo de Bombeiros, o morador suspeita que tenha ocorrido um curto-circuito [&hellip;]<\/p>\n","protected":false},"author":1,"featured_media":124913,"comment_status":"open","ping_status":"closed","sticky":false,"template":"","format":"standard","meta":{"amp_status":"","footnotes":""},"categories":[1236],"tags":[37851,165259,165261,71004,165260,210],"class_list":["post-124911","post","type-post","status-publish","format-standard","has-post-thumbnail","hentry","category-norte_de_minas","tag-corpo-de-bombeiros-de-montes-claros","tag-dois-carros-pegam-fogo-em-garagem-de-casa-em-montes-claros","tag-incendio-carros-montes-claros","tag-incendio-montes-claros","tag-incendio-veiculos-montes-claros","tag-montes-claros"],"_links":{"self":[{"href":"https:\/\/aconteceunovale.com.br\/portal\/index.php?rest_route=\/wp\/v2\/posts\/124911","targetHints":{"allow":["GET"]}}],"collection":[{"href":"https:\/\/aconteceunovale.com.br\/portal\/index.php?rest_route=\/wp\/v2\/posts"}],"about":[{"href":"https:\/\/aconteceunovale.com.br\/portal\/index.php?rest_route=\/wp\/v2\/types\/post"}],"author":[{"embeddable":true,"href":"https:\/\/aconteceunovale.com.br\/portal\/index.php?rest_route=\/wp\/v2\/users\/1"}],"replies":[{"embeddable":true,"href":"https:\/\/aconteceunovale.com.br\/portal\/index.php?rest_route=%2Fwp%2Fv2%2Fcomments&post=124911"}],"version-history":[{"count":0,"href":"https:\/\/aconteceunovale.com.br\/portal\/index.php?rest_route=\/wp\/v2\/posts\/124911\/revisions"}],"wp:featuredmedia":[{"embeddable":true,"href":"https:\/\/aconteceunovale.com.br\/portal\/index.php?rest_route=\/wp\/v2\/media\/124913"}],"wp:attachment":[{"href":"https:\/\/aconteceunovale.com.br\/portal\/index.php?rest_route=%2Fwp%2Fv2%2Fmedia&parent=124911"}],"wp:term":[{"taxonomy":"category","embeddable":true,"href":"https:\/\/aconteceunovale.com.br\/portal\/index.php?rest_route=%2Fwp%2Fv2%2Fcategories&post=124911"},{"taxonomy":"post_tag","embeddable":true,"href":"https:\/\/aconteceunovale.com.br\/portal\/index.php?rest_route=%2Fwp%2Fv2%2Ftags&post=124911"}],"curies":[{"name":"wp","href":"https:\/\/api.w.org\/{rel}","templated":true}]}}