{"id":124839,"date":"2017-12-11T11:34:30","date_gmt":"2017-12-11T13:34:30","guid":{"rendered":"http:\/\/aconteceunovale.com.br\/portal\/?p=124839"},"modified":"2017-12-11T17:17:39","modified_gmt":"2017-12-11T19:17:39","slug":"carreta-tomba-e-interdita-a-mgc-367-proximo-a-turmalina","status":"publish","type":"post","link":"https:\/\/aconteceunovale.com.br\/portal\/?p=124839","title":{"rendered":"Carreta tomba e interdita a MGC-367, pr\u00f3ximo a Turmalina"},"content":{"rendered":"<p>Uma carreta bi-trem carregada com toras de eucalipto tombou na manh\u00e3 desta segunda-feira (11\/12\/2017) na MGC-367, pr\u00f3ximo a Ponte Alta, zona rural de Turmalina (MG). O ve\u00edculo ficou atravessado na pista e causou a interdi\u00e7\u00e3o dos dois sentidos.<\/p>\n<p>Com o impacto, a carga ficou espalhada no local. Segundo testemunhas, o caminhoneiro foi socorrido por uma equipe do Servi\u00e7o de Atendimento M\u00f3vel de Urg\u00eancia (SAMU) e encaminhado para o Hospital de Turmalina.<\/p>\n<p>A rodovia foi liberada no in\u00edcio da tarde, ap\u00f3s a remo\u00e7\u00e3o do ve\u00edculo e da carga.<\/p>\n<p><img decoding=\"async\" src=\"http:\/\/aconteceunovale.com.br\/portal\/wp-content\/uploads\/2017\/12\/acidente_turmalina_1.jpg\" alt=\"\" \/><\/p>\n<p><img decoding=\"async\" src=\"http:\/\/aconteceunovale.com.br\/portal\/wp-content\/uploads\/2017\/12\/acidente_turmalina_2.jpg\" alt=\"\" \/><\/p>\n<p><img decoding=\"async\" src=\"http:\/\/aconteceunovale.com.br\/portal\/wp-content\/uploads\/2017\/12\/acidente_turmalina_3.jpg\" alt=\"\" \/><\/p>\n<p><img decoding=\"async\" src=\"http:\/\/aconteceunovale.com.br\/portal\/wp-content\/uploads\/2017\/12\/acidente_turmalina_4.jpg\" alt=\"\" \/><\/p>\n<p><img decoding=\"async\" src=\"http:\/\/aconteceunovale.com.br\/portal\/wp-content\/uploads\/2017\/12\/acidente_turmalina_5.jpg\" alt=\"\" \/><\/p>\n<p><img decoding=\"async\" src=\"http:\/\/aconteceunovale.com.br\/portal\/wp-content\/uploads\/2017\/12\/acidente_turmalina_6.jpg\" alt=\"\" \/><\/p>\n<p><strong>VER PRIMEIRO<\/strong><\/p>\n<p>Receba as not\u00edcias do Aconteceu no Vale em primeira m\u00e3o. Clique em curtir no endere\u00e7o <a href=\"https:\/\/www.facebook.com\/aconteceunovale\" target=\"_blank\"><font color=\"red\">www.facebook.com\/aconteceunovale<\/font><\/a> ou no box abaixo:<\/p>\n<div class=\"fb-like\" data-href=\"https:\/\/www.facebook.com\/aconteceunovale\" data-width=\"120\" data-layout=\"standard\" data-action=\"like\" data-size=\"small\" data-show-faces=\"true\" data-share=\"true\"><\/div>\n<p><\/br><\/p>\n<p><em>(Fotos: Enviadas para a Reda\u00e7\u00e3o do Aconteceu no Vale atrav\u00e9s do WhatsApp)<\/em><\/p>\n","protected":false},"excerpt":{"rendered":"<p>Uma carreta bi-trem carregada com toras de eucalipto tombou na manh\u00e3 desta segunda-feira (11\/12\/2017) na MGC-367, pr\u00f3ximo a Ponte Alta, zona rural de Turmalina (MG). O ve\u00edculo ficou atravessado na pista e causou a interdi\u00e7\u00e3o dos dois sentidos. Com o impacto, a carga ficou espalhada no local. Segundo testemunhas, o caminhoneiro foi socorrido por uma [&hellip;]<\/p>\n","protected":false},"author":1,"featured_media":124841,"comment_status":"open","ping_status":"closed","sticky":false,"template":"","format":"standard","meta":{"amp_status":"","footnotes":""},"categories":[120],"tags":[165167,13247,165166,40307,165163,165165,165169,1018,165164,165168,178],"class_list":["post-124839","post","type-post","status-publish","format-standard","has-post-thumbnail","hentry","category-jequi","tag-acidente-com-carreta-de-madeira-em-turmalina","tag-acidente-em-turmalina","tag-acidente-perto-da-ponte-alta-em-turmalina","tag-acidente-perto-de-turmalina","tag-carreta-tomba-e-interdita-a-mgc-367","tag-carreta-tomba-e-interdita-a-mgc-367-no-municipio-de-turmalina","tag-carreta-tomba-e-interdita-a-mgc-367-proximo-a-turmalina","tag-destaque","tag-no-municipio-de-turmalina","tag-proximo-a-turmalina","tag-turmalina"],"_links":{"self":[{"href":"https:\/\/aconteceunovale.com.br\/portal\/index.php?rest_route=\/wp\/v2\/posts\/124839","targetHints":{"allow":["GET"]}}],"collection":[{"href":"https:\/\/aconteceunovale.com.br\/portal\/index.php?rest_route=\/wp\/v2\/posts"}],"about":[{"href":"https:\/\/aconteceunovale.com.br\/portal\/index.php?rest_route=\/wp\/v2\/types\/post"}],"author":[{"embeddable":true,"href":"https:\/\/aconteceunovale.com.br\/portal\/index.php?rest_route=\/wp\/v2\/users\/1"}],"replies":[{"embeddable":true,"href":"https:\/\/aconteceunovale.com.br\/portal\/index.php?rest_route=%2Fwp%2Fv2%2Fcomments&post=124839"}],"version-history":[{"count":0,"href":"https:\/\/aconteceunovale.com.br\/portal\/index.php?rest_route=\/wp\/v2\/posts\/124839\/revisions"}],"wp:featuredmedia":[{"embeddable":true,"href":"https:\/\/aconteceunovale.com.br\/portal\/index.php?rest_route=\/wp\/v2\/media\/124841"}],"wp:attachment":[{"href":"https:\/\/aconteceunovale.com.br\/portal\/index.php?rest_route=%2Fwp%2Fv2%2Fmedia&parent=124839"}],"wp:term":[{"taxonomy":"category","embeddable":true,"href":"https:\/\/aconteceunovale.com.br\/portal\/index.php?rest_route=%2Fwp%2Fv2%2Fcategories&post=124839"},{"taxonomy":"post_tag","embeddable":true,"href":"https:\/\/aconteceunovale.com.br\/portal\/index.php?rest_route=%2Fwp%2Fv2%2Ftags&post=124839"}],"curies":[{"name":"wp","href":"https:\/\/api.w.org\/{rel}","templated":true}]}}