{"id":124835,"date":"2017-12-10T22:44:15","date_gmt":"2017-12-11T00:44:15","guid":{"rendered":"http:\/\/aconteceunovale.com.br\/portal\/?p=124835"},"modified":"2017-12-11T20:59:41","modified_gmt":"2017-12-11T22:59:41","slug":"duas-pessoas-morrem-em-acidente-na-br-135-no-norte-de-minas","status":"publish","type":"post","link":"https:\/\/aconteceunovale.com.br\/portal\/?p=124835","title":{"rendered":"Duas pessoas morrem em acidente na BR-135, no Norte de Minas"},"content":{"rendered":"<p>A colis\u00e3o entre um autom\u00f3vel e uma carreta causou a morte de duas pessoas na tarde deste domingo (10\/12\/2017) na altura do quil\u00f4metro 455 da BR-135, entre Engenheiro Navarro e Dolabela, na regi\u00e3o Norte de Minas Gerais. Segundo as primeiras informa\u00e7\u00f5es, um Chevrolet Vectra (placa de Engenheiro Coelho\/SP), que seguia no sentido Montes Claros, invadiu a contram\u00e3o de dire\u00e7\u00e3o e colidiu frontalmente contra o ve\u00edculo de carga de Port\u00e3o (RS).<\/p>\n<p>A batida aconteceu por volta das 16h e com o impacto, uma crian\u00e7a de seis anos e um adulto de 29, que estavam no ve\u00edculo menor, n\u00e3o resistiram aos graves ferimentos e faleceram. Outras duas pessoas, de 33 e 52 anos, ficaram feridas e foram encaminhadas para o Hospital de Bocaiuva em estado grave. O condutor da carreta, de 37, n\u00e3o ficou ferido.<\/p>\n<p>A Per\u00edcia T\u00e9cnica da Pol\u00edcia Civil foi acionada e ap\u00f3s os trabalhos de praxe, os corpos foram removidos ao Instituto M\u00e9dico Legal (IML) em Montes Claros. As causas do acidente ser\u00e3o investigadas. O caminhoneiro fez o teste do etil\u00f4metro e o resultado foi negativo para ingest\u00e3o de bebida alco\u00f3lica.<\/p>\n<p><img decoding=\"async\" src=\"http:\/\/aconteceunovale.com.br\/portal\/wp-content\/uploads\/2017\/12\/acidente_135_boc_1.jpg\" alt=\"\" \/><em>Acidente aconteceu no km 455 da BR-135 (Foto: Jo\u00e3o L\u00e3 Dos Santos\/Facebook)<\/em><br \/>\n<\/br><\/p>\n<p><img decoding=\"async\" src=\"http:\/\/aconteceunovale.com.br\/portal\/wp-content\/uploads\/2017\/12\/acidente_135_boc_2.jpg\" alt=\"\" \/><em>Acidente aconteceu no km 455 da BR-135 (Foto: Jo\u00e3o L\u00e3 Dos Santos\/Facebook)<\/em><br \/>\n<\/br><\/p>\n<p><strong>VER PRIMEIRO<\/strong><\/p>\n<p>Receba as not\u00edcias do Aconteceu no Vale em primeira m\u00e3o. Clique em curtir no endere\u00e7o <a href=\"https:\/\/www.facebook.com\/aconteceunovale\" target=\"_blank\"><font color=\"red\">www.facebook.com\/aconteceunovale<\/font><\/a> ou no box abaixo:<\/p>\n<div class=\"fb-like\" data-href=\"https:\/\/www.facebook.com\/aconteceunovale\" data-width=\"120\" data-layout=\"standard\" data-action=\"like\" data-size=\"small\" data-show-faces=\"true\" data-share=\"true\"><\/div>\n<p><\/br><\/p>\n","protected":false},"excerpt":{"rendered":"<p>A colis\u00e3o entre um autom\u00f3vel e uma carreta causou a morte de duas pessoas na tarde deste domingo (10\/12\/2017) na altura do quil\u00f4metro 455 da BR-135, entre Engenheiro Navarro e Dolabela, na regi\u00e3o Norte de Minas Gerais. Segundo as primeiras informa\u00e7\u00f5es, um Chevrolet Vectra (placa de Engenheiro Coelho\/SP), que seguia no sentido Montes Claros, invadiu [&hellip;]<\/p>\n","protected":false},"author":1,"featured_media":124837,"comment_status":"open","ping_status":"closed","sticky":false,"template":"","format":"standard","meta":{"amp_status":"","footnotes":""},"categories":[1236],"tags":[165161,165162,18467,19374,645,1018,165159,165160,2010,1691,210,33228],"class_list":["post-124835","post","type-post","status-publish","format-standard","has-post-thumbnail","hentry","category-norte_de_minas","tag-acidente-com-carreta-de-portao","tag-acidente-com-vectra-de-engenheiro-coelho","tag-acidente-em-bocaiuva","tag-acidente-na-br-135","tag-bocaiuva","tag-destaque","tag-duas-pessoas-morrem-em-acidente-na-br-135","tag-duas-pessoas-morrem-em-acidente-na-br-135-em-bocaiuva","tag-engenheiro-dolabela","tag-engenheiro-navarro","tag-montes-claros","tag-no-norte-de-minas"],"_links":{"self":[{"href":"https:\/\/aconteceunovale.com.br\/portal\/index.php?rest_route=\/wp\/v2\/posts\/124835","targetHints":{"allow":["GET"]}}],"collection":[{"href":"https:\/\/aconteceunovale.com.br\/portal\/index.php?rest_route=\/wp\/v2\/posts"}],"about":[{"href":"https:\/\/aconteceunovale.com.br\/portal\/index.php?rest_route=\/wp\/v2\/types\/post"}],"author":[{"embeddable":true,"href":"https:\/\/aconteceunovale.com.br\/portal\/index.php?rest_route=\/wp\/v2\/users\/1"}],"replies":[{"embeddable":true,"href":"https:\/\/aconteceunovale.com.br\/portal\/index.php?rest_route=%2Fwp%2Fv2%2Fcomments&post=124835"}],"version-history":[{"count":0,"href":"https:\/\/aconteceunovale.com.br\/portal\/index.php?rest_route=\/wp\/v2\/posts\/124835\/revisions"}],"wp:featuredmedia":[{"embeddable":true,"href":"https:\/\/aconteceunovale.com.br\/portal\/index.php?rest_route=\/wp\/v2\/media\/124837"}],"wp:attachment":[{"href":"https:\/\/aconteceunovale.com.br\/portal\/index.php?rest_route=%2Fwp%2Fv2%2Fmedia&parent=124835"}],"wp:term":[{"taxonomy":"category","embeddable":true,"href":"https:\/\/aconteceunovale.com.br\/portal\/index.php?rest_route=%2Fwp%2Fv2%2Fcategories&post=124835"},{"taxonomy":"post_tag","embeddable":true,"href":"https:\/\/aconteceunovale.com.br\/portal\/index.php?rest_route=%2Fwp%2Fv2%2Ftags&post=124835"}],"curies":[{"name":"wp","href":"https:\/\/api.w.org\/{rel}","templated":true}]}}