{"id":124722,"date":"2017-12-09T10:51:26","date_gmt":"2017-12-09T12:51:26","guid":{"rendered":"http:\/\/aconteceunovale.com.br\/portal\/?p=124722"},"modified":"2017-12-09T10:53:27","modified_gmt":"2017-12-09T12:53:27","slug":"governo-destina-helicoptero-para-o-corpo-de-bombeiros-do-norte-de-minas","status":"publish","type":"post","link":"https:\/\/aconteceunovale.com.br\/portal\/?p=124722","title":{"rendered":"Governo destina helic\u00f3ptero para o Corpo de Bombeiros do Norte de Minas"},"content":{"rendered":"<p>O governador Fernando Pimentel (PT) assinou nesta sexta-feira (8\/12\/2017) a destina\u00e7\u00e3o de um helic\u00f3ptero para o 7\u00ba Batalh\u00e3o do Corpo Bombeiros. O ato foi durante o evento do Dia dos Gerais, que transforma a cidade de Matias Cardoso na capital do estado.<\/p>\n<p>De acordo com o governador, a aeronave ser\u00e1 administrada pelos bombeiros, mas tamb\u00e9m ser\u00e1 utilizado em atendimentos realizados pelo Samu. \u201cVamos ter um helic\u00f3ptero em Montes Claros para prestar os servi\u00e7os. Ele \u00e9 administrado pelo Corpo de Bombeiros, mas ele presta servi\u00e7o para o Samu, de sa\u00fade, que vai tornar mais segura a situa\u00e7\u00e3o do Norte de Minas\u201d.<\/p>\n<p>Segundo o comandante do 7\u00ba Batalh\u00e3o de Bombeiros, tenente-coronel Waldeci Gouveia, lembra que o Norte de Minas possui a segunda maior malha vi\u00e1ria do pa\u00eds, com tr\u00e2nsito intenso de caminh\u00f5es, e o uso da aeronave ir\u00e1 agilizar os atendimentos na \u00e1rea de cobertura do batalh\u00e3o.<\/p>\n<p>\u201cNossa \u00e1rea de atua\u00e7\u00e3o \u00e9 muito extensa para atendimento. Tamb\u00e9m temos muitos acidentes automobil\u00edsticos e esta aeronave \u00e9 crucial para a melhora no atendimento. \u00c9 interessante pensar que o tempo de resposta do nosso trabalho \u00e9 crucial\u201d.<\/p>\n<p>Pimentel autorizou ainda a destina\u00e7\u00e3o de 12 ve\u00edculos para o Cons\u00f3rcio Intermunicipal Multifinalit\u00e1rio da \u00c1rea Mineira da Sudene (Cimams).<\/p>\n<p><strong>Dia dos Gerais<\/strong><\/p>\n<p>Matias Cardoso \u00e9 considerada uma das primeiras cidades mineiras. No Dia dos Gerais, comemorado anualmente no dia 8 de dezembro, a pequena cidade do Norte de Minas se torna simbolicamente a capital mineira.<\/p>\n<p>O munic\u00edpio possui cerca de 11 mil habitantes e \u00e9 considerada uma das primeiras cidades do estado.<\/p>\n<p><strong>VER PRIMEIRO<\/strong><\/p>\n<p>Receba as not\u00edcias do Aconteceu no Vale em primeira m\u00e3o. Clique em curtir no endere\u00e7o <a href=\"https:\/\/www.facebook.com\/aconteceunovale\" target=\"_blank\"><font color=\"red\">www.facebook.com\/aconteceunovale<\/font><\/a> ou no box abaixo:<\/p>\n<div class=\"fb-like\" data-href=\"https:\/\/www.facebook.com\/aconteceunovale\" data-width=\"120\" data-layout=\"standard\" data-action=\"like\" data-size=\"small\" data-show-faces=\"true\" data-share=\"true\"><\/div>\n<p><\/br><\/p>\n<p><em>(Fonte: G1 Grande Minas \/ Imagem ilustrativa)<\/em><\/p>\n","protected":false},"excerpt":{"rendered":"<p>O governador Fernando Pimentel (PT) assinou nesta sexta-feira (8\/12\/2017) a destina\u00e7\u00e3o de um helic\u00f3ptero para o 7\u00ba Batalh\u00e3o do Corpo Bombeiros. O ato foi durante o evento do Dia dos Gerais, que transforma a cidade de Matias Cardoso na capital do estado. De acordo com o governador, a aeronave ser\u00e1 administrada pelos bombeiros, mas tamb\u00e9m [&hellip;]<\/p>\n","protected":false},"author":1,"featured_media":124723,"comment_status":"open","ping_status":"closed","sticky":false,"template":"","format":"standard","meta":{"amp_status":"","footnotes":""},"categories":[1236],"tags":[165016,165019,165020,68574,68575,12826,29798,165017,1708,165018],"class_list":["post-124722","post","type-post","status-publish","format-standard","has-post-thumbnail","hentry","category-norte_de_minas","tag-7o-batalhao-do-corpo-bombeiros","tag-cimams","tag-consorcio-intermunicipal-multifinalitario-da-area-mineira-da-sudene","tag-dia-dos-gerais","tag-dia-dos-gerais-em-matias-cardoso","tag-fernando-pimentel","tag-governador-fernando-pimentel","tag-helicoptero-para-o-7o-batalhao-do-corpo-bombeiros","tag-matias-cardoso","tag-waldeci-gouveia"],"_links":{"self":[{"href":"https:\/\/aconteceunovale.com.br\/portal\/index.php?rest_route=\/wp\/v2\/posts\/124722","targetHints":{"allow":["GET"]}}],"collection":[{"href":"https:\/\/aconteceunovale.com.br\/portal\/index.php?rest_route=\/wp\/v2\/posts"}],"about":[{"href":"https:\/\/aconteceunovale.com.br\/portal\/index.php?rest_route=\/wp\/v2\/types\/post"}],"author":[{"embeddable":true,"href":"https:\/\/aconteceunovale.com.br\/portal\/index.php?rest_route=\/wp\/v2\/users\/1"}],"replies":[{"embeddable":true,"href":"https:\/\/aconteceunovale.com.br\/portal\/index.php?rest_route=%2Fwp%2Fv2%2Fcomments&post=124722"}],"version-history":[{"count":0,"href":"https:\/\/aconteceunovale.com.br\/portal\/index.php?rest_route=\/wp\/v2\/posts\/124722\/revisions"}],"wp:featuredmedia":[{"embeddable":true,"href":"https:\/\/aconteceunovale.com.br\/portal\/index.php?rest_route=\/wp\/v2\/media\/124723"}],"wp:attachment":[{"href":"https:\/\/aconteceunovale.com.br\/portal\/index.php?rest_route=%2Fwp%2Fv2%2Fmedia&parent=124722"}],"wp:term":[{"taxonomy":"category","embeddable":true,"href":"https:\/\/aconteceunovale.com.br\/portal\/index.php?rest_route=%2Fwp%2Fv2%2Fcategories&post=124722"},{"taxonomy":"post_tag","embeddable":true,"href":"https:\/\/aconteceunovale.com.br\/portal\/index.php?rest_route=%2Fwp%2Fv2%2Ftags&post=124722"}],"curies":[{"name":"wp","href":"https:\/\/api.w.org\/{rel}","templated":true}]}}