{"id":124720,"date":"2017-12-09T10:44:19","date_gmt":"2017-12-09T12:44:19","guid":{"rendered":"http:\/\/aconteceunovale.com.br\/portal\/?p=124720"},"modified":"2017-12-09T10:44:19","modified_gmt":"2017-12-09T12:44:19","slug":"crianca-morre-engasgada-apos-ser-amamentada-em-montes-claros","status":"publish","type":"post","link":"https:\/\/aconteceunovale.com.br\/portal\/?p=124720","title":{"rendered":"Crian\u00e7a morre engasgada ap\u00f3s ser amamentada em Montes Claros"},"content":{"rendered":"<p>Uma crian\u00e7a de dois anos morreu engasgada nesta sexta-feira (8\/12\/2017) em Montes Claros, no Norte de Minas. De acordo com a Pol\u00edcia Militar (PM), os policiais foram acionados ap\u00f3s socorristas do Samu constatarem o \u00f3bito da crian\u00e7a, no Bairro Residencial Monte Si\u00e3o.<\/p>\n<p>Os socorristas informaram aos militares que quando chegaram ao local encontraram a crian\u00e7a desacordada, provavelmente engasgada com leite. Eles fizeram manobras de ressuscita\u00e7\u00e3o, mas n\u00e3o obtiveram \u00eaxito.<\/p>\n<p>Testemunhas relataram que a m\u00e3e saiu da resid\u00eancia para pedir o telefone emprestado com o intuito de acionar o socorro, pois o filho apresentava estar bastante doente, ap\u00f3s ser amamentado. Quando ela retornou encontrou o filho engasgado.<\/p>\n<p>Um perito tamb\u00e9m foi acionado e constatou, inicialmente, que a morte foi causada por acidente alimentar. A per\u00edcia percebeu ainda que a crian\u00e7a tinha cerca de 90% das vias a\u00e9reas obstru\u00eddas, com sintomas de adenoide e amigdalite. O corpo foi levado ao Instituto M\u00e9dico Legal da cidade.<\/p>\n<p><strong>VER PRIMEIRO<\/strong><\/p>\n<p>Receba as not\u00edcias do Aconteceu no Vale em primeira m\u00e3o. Clique em curtir no endere\u00e7o <a href=\"https:\/\/www.facebook.com\/aconteceunovale\" target=\"_blank\"><font color=\"red\">www.facebook.com\/aconteceunovale<\/font><\/a> ou no box abaixo:<\/p>\n<div class=\"fb-like\" data-href=\"https:\/\/www.facebook.com\/aconteceunovale\" data-width=\"120\" data-layout=\"standard\" data-action=\"like\" data-size=\"small\" data-show-faces=\"true\" data-share=\"true\"><\/div>\n<p><\/br><\/p>\n<p><em>(Fonte: G1 Grande Minas)<\/em><\/p>\n","protected":false},"excerpt":{"rendered":"<p>Uma crian\u00e7a de dois anos morreu engasgada nesta sexta-feira (8\/12\/2017) em Montes Claros, no Norte de Minas. De acordo com a Pol\u00edcia Militar (PM), os policiais foram acionados ap\u00f3s socorristas do Samu constatarem o \u00f3bito da crian\u00e7a, no Bairro Residencial Monte Si\u00e3o. Os socorristas informaram aos militares que quando chegaram ao local encontraram a crian\u00e7a [&hellip;]<\/p>\n","protected":false},"author":1,"featured_media":71442,"comment_status":"open","ping_status":"closed","sticky":false,"template":"","format":"standard","meta":{"amp_status":"","footnotes":""},"categories":[1236],"tags":[165012,165015,165014,210,165013],"class_list":["post-124720","post","type-post","status-publish","format-standard","has-post-thumbnail","hentry","category-norte_de_minas","tag-crianca-engasgada-em-montes-claros","tag-crianca-morre-engasgada-apos-ser-amamentada-em-montes-claros","tag-engasgamento-em-montes-claros","tag-montes-claros","tag-morte-de-crianca-em-montes-claros"],"_links":{"self":[{"href":"https:\/\/aconteceunovale.com.br\/portal\/index.php?rest_route=\/wp\/v2\/posts\/124720","targetHints":{"allow":["GET"]}}],"collection":[{"href":"https:\/\/aconteceunovale.com.br\/portal\/index.php?rest_route=\/wp\/v2\/posts"}],"about":[{"href":"https:\/\/aconteceunovale.com.br\/portal\/index.php?rest_route=\/wp\/v2\/types\/post"}],"author":[{"embeddable":true,"href":"https:\/\/aconteceunovale.com.br\/portal\/index.php?rest_route=\/wp\/v2\/users\/1"}],"replies":[{"embeddable":true,"href":"https:\/\/aconteceunovale.com.br\/portal\/index.php?rest_route=%2Fwp%2Fv2%2Fcomments&post=124720"}],"version-history":[{"count":0,"href":"https:\/\/aconteceunovale.com.br\/portal\/index.php?rest_route=\/wp\/v2\/posts\/124720\/revisions"}],"wp:featuredmedia":[{"embeddable":true,"href":"https:\/\/aconteceunovale.com.br\/portal\/index.php?rest_route=\/wp\/v2\/media\/71442"}],"wp:attachment":[{"href":"https:\/\/aconteceunovale.com.br\/portal\/index.php?rest_route=%2Fwp%2Fv2%2Fmedia&parent=124720"}],"wp:term":[{"taxonomy":"category","embeddable":true,"href":"https:\/\/aconteceunovale.com.br\/portal\/index.php?rest_route=%2Fwp%2Fv2%2Fcategories&post=124720"},{"taxonomy":"post_tag","embeddable":true,"href":"https:\/\/aconteceunovale.com.br\/portal\/index.php?rest_route=%2Fwp%2Fv2%2Ftags&post=124720"}],"curies":[{"name":"wp","href":"https:\/\/api.w.org\/{rel}","templated":true}]}}