{"id":124686,"date":"2017-12-07T11:57:53","date_gmt":"2017-12-07T13:57:53","guid":{"rendered":"http:\/\/aconteceunovale.com.br\/portal\/?p=124686"},"modified":"2017-12-07T11:57:53","modified_gmt":"2017-12-07T13:57:53","slug":"prazo-para-recadastramento-obrigatorio-de-produtores-rurais-em-todo-o-estado-termina-em-2912","status":"publish","type":"post","link":"https:\/\/aconteceunovale.com.br\/portal\/?p=124686","title":{"rendered":"Prazo para recadastramento obrigat\u00f3rio de produtores rurais em todo o estado termina em 29\/12"},"content":{"rendered":"<p>Termina em 29 de dezembro o prazo para os criadores de bovinos, bubalinos, caprinos, ovinos e equ\u00eddeos se recadastrarem junto ao\u00a0Instituto Mineiro de Agropecu\u00e1ria (IMA). Estes criadores dever\u00e3o comparecer a uma unidade do IMA e apresentar original e c\u00f3pia dos documentos pessoais e de comprovante de endere\u00e7o.<\/p>\n<p>O IMA alerta que, o criador que n\u00e3o o fizer estar\u00e1 impedido de transitar com seus animais dentro e fora do estado o que o impedir\u00e1, inclusive, de vender animais do seu plantel ou participar de eventos agropecu\u00e1rios.<\/p>\n<p>A medida tem o objetivo de regularizar os dados dos criadores junto ao IMA, tendo em vista que muitos produtores deixaram a atividade ou venderam seu rebanho e n\u00e3o comunicaram ao Instituto. Da mesma forma, muitos j\u00e1 faleceram e os familiares n\u00e3o comunicaram esse fato ao IMA. As duas situa\u00e7\u00f5es contribuem para que o banco de dados do \u00f3rg\u00e3o n\u00e3o esteja fiel \u00e0 realidade.<\/p>\n<p><strong>Portal do Produtor<\/strong><\/p>\n<p>Al\u00e9m de regularizar sua situa\u00e7\u00e3o perante o IMA o criador receber\u00e1, no recadastramento, uma senha para acesso gratuito ao Portal de Servi\u00e7os do Produtor Rural, dispon\u00edvel no site do IMA \u2013\u00a0<span style=\"text-decoration: underline;\"><span style=\"color: #ff0000;\"><a href=\"http:\/\/www.ima.mg.gov.br\/\" target=\"_blank\"><span style=\"color: #ff0000; text-decoration: underline;\">www.ima.mg.gov.br<\/span><\/a><\/span><\/span>. Por meio do portal, na internet , o produtor tem acesso a v\u00e1rios servi\u00e7os do Instituto como a emiss\u00e3o de guias e documentos oficiais, sem precisar ir pessoalmente a uma unidade do instituto.<\/p>\n<p><img decoding=\"async\" src=\"http:\/\/aconteceunovale.com.br\/portal\/wp-content\/uploads\/2017\/12\/prazo_ima.jpg\" alt=\"\" \/><em>A medida tem o objetivo de regularizar os dados dos criadores junto ao IMA (Divulga\u00e7\u00e3o\/IMA)<\/em><br \/>\n<\/br><\/p>\n<p><strong>VER PRIMEIRO<\/strong><\/p>\n<p>Receba as not\u00edcias do Aconteceu no Vale em primeira m\u00e3o. Clique em curtir no endere\u00e7o <a href=\"https:\/\/www.facebook.com\/aconteceunovale\" target=\"_blank\"><font color=\"red\">www.facebook.com\/aconteceunovale<\/font><\/a> ou no box abaixo:<\/p>\n<div class=\"fb-like\" data-href=\"https:\/\/www.facebook.com\/aconteceunovale\" data-width=\"120\" data-layout=\"standard\" data-action=\"like\" data-size=\"small\" data-show-faces=\"true\" data-share=\"true\"><\/div>\n<p><\/br><\/p>\n<p><em>(Fonte: Ag\u00eancia Minas)<\/em><\/p>\n","protected":false},"excerpt":{"rendered":"<p>Termina em 29 de dezembro o prazo para os criadores de bovinos, bubalinos, caprinos, ovinos e equ\u00eddeos se recadastrarem junto ao\u00a0Instituto Mineiro de Agropecu\u00e1ria (IMA). Estes criadores dever\u00e3o comparecer a uma unidade do IMA e apresentar original e c\u00f3pia dos documentos pessoais e de comprovante de endere\u00e7o. O IMA alerta que, o criador que n\u00e3o [&hellip;]<\/p>\n","protected":false},"author":1,"featured_media":124687,"comment_status":"open","ping_status":"closed","sticky":false,"template":"","format":"standard","meta":{"amp_status":"","footnotes":""},"categories":[123],"tags":[20955,20954,164971,164970,164972],"class_list":["post-124686","post","type-post","status-publish","format-standard","has-post-thumbnail","hentry","category-gerais","tag-ima","tag-instituto-mineiro-de-agropecuaria","tag-prazo-para-recadastramento-obrigatorio-de-produtores-rurais","tag-prazo-para-recadastramento-obrigatorio-de-produtores-rurais-em-todo-o-estado-termina-em-2912","tag-recadastramento-obrigatorio-de-produtores-rurais"],"_links":{"self":[{"href":"https:\/\/aconteceunovale.com.br\/portal\/index.php?rest_route=\/wp\/v2\/posts\/124686","targetHints":{"allow":["GET"]}}],"collection":[{"href":"https:\/\/aconteceunovale.com.br\/portal\/index.php?rest_route=\/wp\/v2\/posts"}],"about":[{"href":"https:\/\/aconteceunovale.com.br\/portal\/index.php?rest_route=\/wp\/v2\/types\/post"}],"author":[{"embeddable":true,"href":"https:\/\/aconteceunovale.com.br\/portal\/index.php?rest_route=\/wp\/v2\/users\/1"}],"replies":[{"embeddable":true,"href":"https:\/\/aconteceunovale.com.br\/portal\/index.php?rest_route=%2Fwp%2Fv2%2Fcomments&post=124686"}],"version-history":[{"count":0,"href":"https:\/\/aconteceunovale.com.br\/portal\/index.php?rest_route=\/wp\/v2\/posts\/124686\/revisions"}],"wp:featuredmedia":[{"embeddable":true,"href":"https:\/\/aconteceunovale.com.br\/portal\/index.php?rest_route=\/wp\/v2\/media\/124687"}],"wp:attachment":[{"href":"https:\/\/aconteceunovale.com.br\/portal\/index.php?rest_route=%2Fwp%2Fv2%2Fmedia&parent=124686"}],"wp:term":[{"taxonomy":"category","embeddable":true,"href":"https:\/\/aconteceunovale.com.br\/portal\/index.php?rest_route=%2Fwp%2Fv2%2Fcategories&post=124686"},{"taxonomy":"post_tag","embeddable":true,"href":"https:\/\/aconteceunovale.com.br\/portal\/index.php?rest_route=%2Fwp%2Fv2%2Ftags&post=124686"}],"curies":[{"name":"wp","href":"https:\/\/api.w.org\/{rel}","templated":true}]}}