{"id":124683,"date":"2017-12-07T11:53:55","date_gmt":"2017-12-07T13:53:55","guid":{"rendered":"http:\/\/aconteceunovale.com.br\/portal\/?p=124683"},"modified":"2017-12-07T11:53:55","modified_gmt":"2017-12-07T13:53:55","slug":"governo-de-minas-autoriza-nomeacao-de-mais-450-investigadores-de-policia","status":"publish","type":"post","link":"https:\/\/aconteceunovale.com.br\/portal\/?p=124683","title":{"rendered":"Governo de Minas autoriza nomea\u00e7\u00e3o de mais 450 investigadores de Pol\u00edcia"},"content":{"rendered":"<p>Nessa segunda-feira (4\/12) a C\u00e2mara de Or\u00e7amento e Finan\u00e7as do Governo de Minas Gerais autorizou a nomea\u00e7\u00e3o de 450 investigadores de Pol\u00edcia. Os novos policiais s\u00e3o excedentes do \u00faltimo concurso p\u00fablico realizado para o cargo, em agosto de 2014.<\/p>\n<p>Em setembro deste ano foram nomeados outros 106 excedentes do mesmo concurso, que j\u00e1 participam de forma\u00e7\u00e3o policial na Academia de Pol\u00edcia Civil, com previs\u00e3o de formatura em mar\u00e7o de 2018.<\/p>\n<p>A divulga\u00e7\u00e3o ser\u00e1 feita por meio da Imprensa Oficial e do site da Pol\u00edcia Civil de Minas Gerais. Essa \u00e9 a quarta nomea\u00e7\u00e3o desse concurso. Em 2016, duas turmas de policiais ingressaram na institui\u00e7\u00e3o, totalizando 1.058 novos profissionais.<\/p>\n<p>Ap\u00f3s o curso, os policiais ser\u00e3o designados \u00e0s Delegacias de Pol\u00edcia Civil, observando as necessidades de cada unidade.<\/p>\n<p>O Chefe da Pol\u00edcia Civil, delegado-geral Jo\u00e3o Octac\u00edlio Silva Neto, comemora mais este investimento do Governo de Minas para a institui\u00e7\u00e3o. \u201cEssa nova nomea\u00e7\u00e3o \u00e9 resultado de muito esfor\u00e7o para ampliarmos o quadro de pessoal e incrementarmos nossas a\u00e7\u00f5es de seguran\u00e7a junto \u00e0 popula\u00e7\u00e3o. \u00c9 dessa forma que constru\u00edmos, cada vez mais, uma Pol\u00edcia Judici\u00e1ria melhor para todos n\u00f3s\u201d, conclui.<\/p>\n<p><img decoding=\"async\" src=\"http:\/\/aconteceunovale.com.br\/portal\/wp-content\/uploads\/2017\/12\/nomeacao_servidores.jpg\" alt=\"\" \/><em>Chefe de Gabinete da PCMG, Delegado-Geral Bruno Tasca, e Chefe da PCMG, Delegado-Geral Jo\u00e3o Octac\u00edlio Silva Neto (Foto: Divulga\u00e7\u00e3o\/Pol\u00edcia Civil de Minas Gerais)<\/em><br \/>\n<\/br><\/p>\n<p><strong>VER PRIMEIRO<\/strong><\/p>\n<p>Receba as not\u00edcias do Aconteceu no Vale em primeira m\u00e3o. Clique em curtir no endere\u00e7o <a href=\"https:\/\/www.facebook.com\/aconteceunovale\" target=\"_blank\"><font color=\"red\">www.facebook.com\/aconteceunovale<\/font><\/a> ou no box abaixo:<\/p>\n<div class=\"fb-like\" data-href=\"https:\/\/www.facebook.com\/aconteceunovale\" data-width=\"120\" data-layout=\"standard\" data-action=\"like\" data-size=\"small\" data-show-faces=\"true\" data-share=\"true\"><\/div>\n<p><\/br><\/p>\n<p><em>(Fonte: Ag\u00eancia Minas)<\/em><\/p>\n","protected":false},"excerpt":{"rendered":"<p>Nessa segunda-feira (4\/12) a C\u00e2mara de Or\u00e7amento e Finan\u00e7as do Governo de Minas Gerais autorizou a nomea\u00e7\u00e3o de 450 investigadores de Pol\u00edcia. Os novos policiais s\u00e3o excedentes do \u00faltimo concurso p\u00fablico realizado para o cargo, em agosto de 2014. Em setembro deste ano foram nomeados outros 106 excedentes do mesmo concurso, que j\u00e1 participam de [&hellip;]<\/p>\n","protected":false},"author":1,"featured_media":124684,"comment_status":"open","ping_status":"closed","sticky":false,"template":"","format":"standard","meta":{"amp_status":"","footnotes":""},"categories":[123],"tags":[106533,162355,112640,164967,164969,164968],"class_list":["post-124683","post","type-post","status-publish","format-standard","has-post-thumbnail","hentry","category-gerais","tag-chefe-da-pcmg","tag-chefe-de-gabinete-da-pcmg","tag-delegado-geral-joao-octacilio-silva-neto","tag-delegado-geral-bruno-tasca","tag-governo-de-minas-autoriza-nomeacao-de-mais-450-investigadores-de-policia","tag-nomeacao-de-450-investigadores-de-policia"],"_links":{"self":[{"href":"https:\/\/aconteceunovale.com.br\/portal\/index.php?rest_route=\/wp\/v2\/posts\/124683","targetHints":{"allow":["GET"]}}],"collection":[{"href":"https:\/\/aconteceunovale.com.br\/portal\/index.php?rest_route=\/wp\/v2\/posts"}],"about":[{"href":"https:\/\/aconteceunovale.com.br\/portal\/index.php?rest_route=\/wp\/v2\/types\/post"}],"author":[{"embeddable":true,"href":"https:\/\/aconteceunovale.com.br\/portal\/index.php?rest_route=\/wp\/v2\/users\/1"}],"replies":[{"embeddable":true,"href":"https:\/\/aconteceunovale.com.br\/portal\/index.php?rest_route=%2Fwp%2Fv2%2Fcomments&post=124683"}],"version-history":[{"count":0,"href":"https:\/\/aconteceunovale.com.br\/portal\/index.php?rest_route=\/wp\/v2\/posts\/124683\/revisions"}],"wp:featuredmedia":[{"embeddable":true,"href":"https:\/\/aconteceunovale.com.br\/portal\/index.php?rest_route=\/wp\/v2\/media\/124684"}],"wp:attachment":[{"href":"https:\/\/aconteceunovale.com.br\/portal\/index.php?rest_route=%2Fwp%2Fv2%2Fmedia&parent=124683"}],"wp:term":[{"taxonomy":"category","embeddable":true,"href":"https:\/\/aconteceunovale.com.br\/portal\/index.php?rest_route=%2Fwp%2Fv2%2Fcategories&post=124683"},{"taxonomy":"post_tag","embeddable":true,"href":"https:\/\/aconteceunovale.com.br\/portal\/index.php?rest_route=%2Fwp%2Fv2%2Ftags&post=124683"}],"curies":[{"name":"wp","href":"https:\/\/api.w.org\/{rel}","templated":true}]}}