{"id":124675,"date":"2017-12-07T00:03:33","date_gmt":"2017-12-07T02:03:33","guid":{"rendered":"http:\/\/aconteceunovale.com.br\/portal\/?p=124675"},"modified":"2017-12-07T00:03:33","modified_gmt":"2017-12-07T02:03:33","slug":"laticinio-mineiro-itambe-e-vendido-a-grupo-frances","status":"publish","type":"post","link":"https:\/\/aconteceunovale.com.br\/portal\/?p=124675","title":{"rendered":"Latic\u00ednio mineiro Itamb\u00e9 \u00e9 vendido a grupo franc\u00eas"},"content":{"rendered":"<p>A francesa Lactalis comprou o latic\u00ednio mineiro Itamb\u00e9, que pertencia \u00e0 Cooperativa de Produtores de Leite de Minas Gerais (CCPR). Pela primeira vez desde sua funda\u00e7\u00e3o, em 1948, a Itamb\u00e9 n\u00e3o estar\u00e1 nas m\u00e3os dos produtores rurais. A companhia francesa passou na frente dos mexicanos da Lala, que tamb\u00e9m tentavam comprar a empresa. A Lala adquiriu recentemente a Vigor, que pertencia \u00e0 J&#038;F, holding dos irm\u00e3os Joesley e Wesley Batista, e tentou incluir a empresa mineira no pacote.<\/p>\n<p>Desde de 2013, a J&#038;F era s\u00f3cia da Itamb\u00e9 com 50% de participa\u00e7\u00e3o e dividia o controle com a CCPR. A cooperativa, no entanto, preferiu exercer seu direito de prefer\u00eancia e recomprar a fatia dos Batista do que fechar neg\u00f3cio com a Lala.<\/p>\n<p>O valor da transa\u00e7\u00e3o n\u00e3o foi divulgado, mas pessoas pr\u00f3ximas ao processo dizem que a Lactalis pagou um \u00e1gio em rela\u00e7\u00e3o ao R$ 1,4 bilh\u00e3o oferecido pela Lala.<\/p>\n<p>O neg\u00f3cio ainda est\u00e1 pendente de aprova\u00e7\u00e3o pelo Conselho Administrativo de Defesa Econ\u00f4mica (Cade). Por\u00e9m, nessa ter\u00e7a-feira (5), Patrick Sauvageot, CEO da Lactalis para Am\u00e9rica Latina, esteve na Itamb\u00e9 para se apresentar \u00e0 equipe. A opera\u00e7\u00e3o deve ser conclu\u00edda no primeiro semestre de 2018.<\/p>\n<p><img decoding=\"async\" src=\"http:\/\/aconteceunovale.com.br\/portal\/wp-content\/uploads\/2017\/12\/itambe.jpg\" alt=\"\" \/><em>Companhia mineira foi fundada em 1948 (Foto: Divulga\u00e7\u00e3o)<\/em><br \/>\n<\/br><\/p>\n<p><strong>Leite<\/strong><\/p>\n<p>O neg\u00f3cio tamb\u00e9m inclui um acordo de fornecimento de leite de longo prazo entre a CCPR e a Lactalis. Com a aquisi\u00e7\u00e3o da Itamb\u00e9, a Lactalis se firma como a maior compradora de leite do Brasil, ultrapassando a su\u00ed\u00e7a Nestl\u00e9. No ano passado, a Nestl\u00e9 captou 1,69 bilh\u00e3o de litros, seguida pela Lactalis, com 1,62 bilh\u00e3o, e pela CCPR\/Itamb\u00e9, com 1,1 bilh\u00e3o, conforme ranking da Associa\u00e7\u00e3o Leite Brasil.<\/p>\n<p>Ap\u00f3s a conclus\u00e3o da venda, a CCPR, que j\u00e1 teve problemas com alto endividamento, ganhar\u00e1 uma expressiva disponibilidade de caixa. Mas os produtores podem perder poder de barganha na venda do leite.<\/p>\n<p>Quando os Batista venderam a Vigor, a CCPR pediu apoio da Companhia de Desenvolvimento Econ\u00f4mico de Minas Gerais (Codemig) e do Banco Nacional de Desenvolvimento Econ\u00f4mico e Social (BNDES) para exercer o direito de prefer\u00eancia e evitar o neg\u00f3cio com a Lala.<\/p>\n<p>A Codemig chegou a aprovar um aporte de R$ 587 milh\u00f5es para a CCPR , mas o empr\u00e9stimo nunca foi feito. A nova diretoria da CCPR preferiu fechar o neg\u00f3cio com a Lactalis.<\/p>\n<p><strong>BRF<\/strong><\/p>\n<p>A Lactalis chegou ao pa\u00eds depois de adquirir os ativos que pertenciam \u00e0 BRF, quando a companhia decidiu deixar de atuar em l\u00e1cteos. Al\u00e9m das f\u00e1bricas, foram compradas marcas como Batavo e Eleg\u00ea.<\/p>\n<p><strong>VER PRIMEIRO<\/strong><\/p>\n<p>Receba as not\u00edcias do Aconteceu no Vale em primeira m\u00e3o. Clique em curtir no endere\u00e7o <a href=\"https:\/\/www.facebook.com\/aconteceunovale\" target=\"_blank\"><font color=\"red\">www.facebook.com\/aconteceunovale<\/font><\/a> ou no box abaixo:<\/p>\n<div class=\"fb-like\" data-href=\"https:\/\/www.facebook.com\/aconteceunovale\" data-width=\"120\" data-layout=\"standard\" data-action=\"like\" data-size=\"small\" data-show-faces=\"true\" data-share=\"true\"><\/div>\n<p><\/br><\/p>\n<p><em>(Fonte: O Tempo)<\/em><\/p>\n","protected":false},"excerpt":{"rendered":"<p>A francesa Lactalis comprou o latic\u00ednio mineiro Itamb\u00e9, que pertencia \u00e0 Cooperativa de Produtores de Leite de Minas Gerais (CCPR). Pela primeira vez desde sua funda\u00e7\u00e3o, em 1948, a Itamb\u00e9 n\u00e3o estar\u00e1 nas m\u00e3os dos produtores rurais. A companhia francesa passou na frente dos mexicanos da Lala, que tamb\u00e9m tentavam comprar a empresa. A Lala [&hellip;]<\/p>\n","protected":false},"author":1,"featured_media":124676,"comment_status":"open","ping_status":"closed","sticky":false,"template":"","format":"standard","meta":{"amp_status":"","footnotes":""},"categories":[123,28848],"tags":[142675,164955,164958,164954,164953,164959,149610,164956,164951,164952,164960,164957],"class_list":["post-124675","post","type-post","status-publish","format-standard","has-post-thumbnail","hentry","category-gerais","category-mundo","tag-brf","tag-ccpr","tag-ceo-da-lactalis-para-america-latina","tag-cooperativa-de-produtores-de-leite-de-minas-gerais","tag-itambe-e-comprada-pela-lactalis","tag-itambe-e-vendida-a-grupo-frances","tag-jf","tag-jf-era-socia-da-itambe-com-50-de-participacao-e-dividia-o-controle-com-a-ccpr","tag-lactalis","tag-lactalis-compra-itambe","tag-laticinio-mineiro-itambe-e-vendido-a-grupo-frances","tag-patrick-sauvageot"],"_links":{"self":[{"href":"https:\/\/aconteceunovale.com.br\/portal\/index.php?rest_route=\/wp\/v2\/posts\/124675","targetHints":{"allow":["GET"]}}],"collection":[{"href":"https:\/\/aconteceunovale.com.br\/portal\/index.php?rest_route=\/wp\/v2\/posts"}],"about":[{"href":"https:\/\/aconteceunovale.com.br\/portal\/index.php?rest_route=\/wp\/v2\/types\/post"}],"author":[{"embeddable":true,"href":"https:\/\/aconteceunovale.com.br\/portal\/index.php?rest_route=\/wp\/v2\/users\/1"}],"replies":[{"embeddable":true,"href":"https:\/\/aconteceunovale.com.br\/portal\/index.php?rest_route=%2Fwp%2Fv2%2Fcomments&post=124675"}],"version-history":[{"count":0,"href":"https:\/\/aconteceunovale.com.br\/portal\/index.php?rest_route=\/wp\/v2\/posts\/124675\/revisions"}],"wp:featuredmedia":[{"embeddable":true,"href":"https:\/\/aconteceunovale.com.br\/portal\/index.php?rest_route=\/wp\/v2\/media\/124676"}],"wp:attachment":[{"href":"https:\/\/aconteceunovale.com.br\/portal\/index.php?rest_route=%2Fwp%2Fv2%2Fmedia&parent=124675"}],"wp:term":[{"taxonomy":"category","embeddable":true,"href":"https:\/\/aconteceunovale.com.br\/portal\/index.php?rest_route=%2Fwp%2Fv2%2Fcategories&post=124675"},{"taxonomy":"post_tag","embeddable":true,"href":"https:\/\/aconteceunovale.com.br\/portal\/index.php?rest_route=%2Fwp%2Fv2%2Ftags&post=124675"}],"curies":[{"name":"wp","href":"https:\/\/api.w.org\/{rel}","templated":true}]}}