{"id":124668,"date":"2017-12-06T23:36:06","date_gmt":"2017-12-07T01:36:06","guid":{"rendered":"http:\/\/aconteceunovale.com.br\/portal\/?p=124668"},"modified":"2017-12-06T23:36:06","modified_gmt":"2017-12-07T01:36:06","slug":"professores-protestam-contra-conducao-coercitiva-de-reitor-da-ufmg","status":"publish","type":"post","link":"https:\/\/aconteceunovale.com.br\/portal\/?p=124668","title":{"rendered":"Professores protestam contra condu\u00e7\u00e3o coercitiva de reitor da UFMG"},"content":{"rendered":"<p>Professores fizeram uma vig\u00edlia de protesto contra a condu\u00e7\u00e3o coercitiva do reitor da Universidade Federal de Minas Gerais (UFMG), Jaime Arturo Ramirez, pela Pol\u00edcia Federal (PF) na Opera\u00e7\u00e3o Esperan\u00e7a Equilibrista. O reitor deixou a delegacia e foi recebido pelos docentes. A opera\u00e7\u00e3o investiga se ocorreram desvios de recursos para o\u00a0Memorial da Anistia Pol\u00edtica do Brasil.<\/p>\n<p>Al\u00e9m de Ramirez, tamb\u00e9m foram encaminhados \u00e0 delegacia a atual vice-reitora e reitora eleita para assumir em 2018, Sandra Goulart Almeida; a vice-reitora entre 2006 e 2010, Helo\u00edsa Starling; a vice-reitora entre 2010 e 2014, Rocksane Norton; e Alfredo Gontijo de Oliveira, presidente da Funda\u00e7\u00e3o de Desenvolvimento da Pesquisa (Fundep), que viabiliza e d\u00e1 apoio a projetos da universidade.<\/p>\n<p>Durante o dia, entidades representativas de estudantes, docentes e servidores t\u00e9cnicos-administrativos da UFMG se mobilizaram contra a opera\u00e7\u00e3o. Uma manifesta\u00e7\u00e3o teve in\u00edcio na entrada da delegacia. Os participantes classificaram a opera\u00e7\u00e3o como &#8220;ataque \u00e0 democracia&#8221; e &#8220;criminaliza\u00e7\u00e3o da educa\u00e7\u00e3o&#8221;. \u00c0s 17h, membros da comunidade acad\u00eamica tamb\u00e9m realizaram uma assembleia no gramado em frente ao edif\u00edcio da reitoria, no campus Pampulha.<\/p>\n<p>O Sindicato dos Professores da UFMG (ApuBH) disse em nota que as condu\u00e7\u00f5es coercitivas causam &#8220;estranhamento a forma como a opera\u00e7\u00e3o foi conduzida pela Pol\u00edcia Federal que, antes de notificar a UFMG, nos parece ter informado \u00e0 imprensa, transformando a a\u00e7\u00e3o em um espet\u00e1culo midi\u00e1tico, a exemplo do que ocorreu em Santa Catarina&#8221;, em\u00a0men\u00e7\u00e3o ao suic\u00eddio do reitor da Universidade Federal de Santa Catarina (UFSC), Luiz Carlos Cancellier de Olivo. Ele se matou ao se atirar do quarto piso do Beiramar Shopping, em Florian\u00f3polis. O reitor estava afastado de suas fun\u00e7\u00f5es e era\u00a0alvo\u00a0na Opera\u00e7\u00e3o Ouvidos Moucos.<\/p>\n<p>A a\u00e7\u00e3o da PF tamb\u00e9m foi criticada por 11 ex-reitores e ex-vice-reitores da UFMG que publicaram uma nota. &#8220;Repudiamos o uso de medida coercitiva quando sequer foi feita uma intima\u00e7\u00e3o para depoimento, em claro descumprimento ao disposto nos artigos 201, 218 e 260 do C\u00f3digo de Processo Penal. (&#8230;) A UFMG e seus dirigentes sempre se pautaram pelo respeito \u00e0 lei e pelo cumprimento de decis\u00f5es judiciais&#8221;.<\/p>\n<p>A institui\u00e7\u00e3o recebeu ainda notas de apoio de reitores de outras universidades federais, como a de S\u00e3o Jo\u00e3o del Rei e do Paran\u00e1. A Associa\u00e7\u00e3o Nacional dos Dirigentes das Institui\u00e7\u00f5es Federais de Ensino Superior no Brasil (Andifes) colocou sua assessoria jur\u00eddica \u00e0 disposi\u00e7\u00e3o da UFMG.<\/p>\n<p><img decoding=\"async\" src=\"http:\/\/aconteceunovale.com.br\/portal\/wp-content\/uploads\/2017\/12\/op_pf_ufmg.jpg\" alt=\"\" \/><em>Viaturas da PF perto da reitoria da UFMG, em BH (Foto: Reprodu\u00e7\u00e3o\/TV Globo)<\/em><br \/>\n<\/br><\/p>\n<p><strong>Opera\u00e7\u00e3o<\/strong><\/p>\n<p>As ordens judiciais foram expedidas dentro da Opera\u00e7\u00e3o Esperan\u00e7a Equilibrista, que apura\u00a0poss\u00edveis desvios de recursos\u00a0destinados \u00e0s obras do Memorial da Anistia Pol\u00edtica. De acordo com a PF, at\u00e9 o momento teriam sido gastos mais de R$ 19 milh\u00f5es no projeto &#8211; tanto em pesquisas de conte\u00fado quanto em obras -, mas o \u00fanico produto aparente \u00e9 um dos pr\u00e9dios anexos ainda inacabado. &#8220;Do total repassado \u00e0 UFMG, quase R$ 4 milh\u00f5es teriam sido desviados por meio de fraudes em pagamentos realizados pela Fundep, contratada para pesquisas de conte\u00fado e produ\u00e7\u00e3o de material para a exposi\u00e7\u00e3o de longa dura\u00e7\u00e3o. Os desvios at\u00e9 agora identificados teriam ocorrido por meio de pagamentos a fornecedores sem rela\u00e7\u00e3o com o escopo do projeto e de bolsas de est\u00e1gio e de extens\u00e3o&#8221;, informou em nota.<\/p>\n<p>Idealizada em 2008, a implanta\u00e7\u00e3o do memorial envolve a reforma de um edif\u00edcio da universidade e a constru\u00e7\u00e3o de dois anexos, nos quais seriam estruturados um local adequado para armazenamento do acervo e uma sede para a Comiss\u00e3o da Anistia, vinculada ao Minist\u00e9rio da Justi\u00e7a.\u00a0O projeto envolve uma exposi\u00e7\u00e3o voltada para a preserva\u00e7\u00e3o e para a difus\u00e3o da mem\u00f3ria pol\u00edtica dos per\u00edodos de repress\u00e3o. A UFMG det\u00e9m um vasto acervo cient\u00edfico e acad\u00eamico sobre o tema da anistia, sobretudo por meio do Projeto Rep\u00fablica, grupo de pesquisa conduzido pela professora de hist\u00f3ria Heloisa Starling, que foi vice-reitora entre 2006 e 2010 e tamb\u00e9m foi alvo de condu\u00e7\u00e3o coercitiva.\u00a0O projeto obteve financiamento do Minist\u00e9rio da Justi\u00e7a.<\/p>\n<p>Nas investiga\u00e7\u00f5es, a PF conta com o apoio da Controladoria-Geral da Uni\u00e3o (CGU) e do Tribunal de Contas da Uni\u00e3o (TCU). Ao todo, foram cumpridos 11 mandados de busca e apreens\u00e3o e oito de condu\u00e7\u00e3o coercitiva. O nome da opera\u00e7\u00e3o foi batizado com um trecho de O B\u00eabado e o Equilibrista, m\u00fasica de Jo\u00e3o Bosco e Aldir Blanc que faz refer\u00eancia aos anistiados.<\/p>\n<p><strong>UFMG<\/strong><\/p>\n<p>Em nota, a UFMG informou que n\u00e3o pode se manifestar sobre os fatos que motivam a investiga\u00e7\u00e3o em curso por se tratar de apura\u00e7\u00e3o que tramita em sigilo. &#8220;Dada a transpar\u00eancia com que lida com as quest\u00f5es de natureza institucional, a UFMG torna p\u00fablico que contribuir\u00e1, como \u00e9 sua tradi\u00e7\u00e3o, para a correta, r\u00e1pida e efetiva apura\u00e7\u00e3o do caso espec\u00edfico&#8221;, acrescenta o texto.<\/p>\n<p>Por sua vez, a Fundep disse que gerencia os recursos dos projetos de acordo com as ordena\u00e7\u00f5es dos respectivos coordenadores e em conformidade com normas dos \u00f3rg\u00e3os financiadores e com a legisla\u00e7\u00e3o vigente. &#8220;No \u00e2mbito do projeto Memorial da Anistia, a Funda\u00e7\u00e3o desconhece as inconformidades apontadas e iniciou a apura\u00e7\u00e3o dos pontos questionados. A Fundep prestou informa\u00e7\u00f5es e disponibilizou documenta\u00e7\u00f5es requeridas pela Opera\u00e7\u00e3o. Com experi\u00eancia s\u00f3lida de mais de 40 anos de atua\u00e7\u00e3o, a Fundep sempre manteve sua postura de transpar\u00eancia e colabora\u00e7\u00e3o e segue \u00e0 disposi\u00e7\u00e3o dos \u00f3rg\u00e3os de fiscaliza\u00e7\u00e3o e controle&#8221;, registra.<\/p>\n<p><strong>VER PRIMEIRO<\/strong><\/p>\n<p>Receba as not\u00edcias do Aconteceu no Vale em primeira m\u00e3o. Clique em curtir no endere\u00e7o <a href=\"https:\/\/www.facebook.com\/aconteceunovale\" target=\"_blank\"><font color=\"red\">www.facebook.com\/aconteceunovale<\/font><\/a> ou no box abaixo:<\/p>\n<div class=\"fb-like\" data-href=\"https:\/\/www.facebook.com\/aconteceunovale\" data-width=\"120\" data-layout=\"standard\" data-action=\"like\" data-size=\"small\" data-show-faces=\"true\" data-share=\"true\"><\/div>\n<p><\/br><\/p>\n<p><em>(Fonte: Ag\u00eancia Brasil)<\/em><\/p>\n","protected":false},"excerpt":{"rendered":"<p>Professores fizeram uma vig\u00edlia de protesto contra a condu\u00e7\u00e3o coercitiva do reitor da Universidade Federal de Minas Gerais (UFMG), Jaime Arturo Ramirez, pela Pol\u00edcia Federal (PF) na Opera\u00e7\u00e3o Esperan\u00e7a Equilibrista. O reitor deixou a delegacia e foi recebido pelos docentes. A opera\u00e7\u00e3o investiga se ocorreram desvios de recursos para o\u00a0Memorial da Anistia Pol\u00edtica do Brasil. [&hellip;]<\/p>\n","protected":false},"author":1,"featured_media":124669,"comment_status":"open","ping_status":"closed","sticky":false,"template":"","format":"standard","meta":{"amp_status":"","footnotes":""},"categories":[40238,123],"tags":[164945,122522,164943,164948,164949,164942,164946,164947,164944,874,24166],"class_list":["post-124668","post","type-post","status-publish","format-standard","has-post-thumbnail","hentry","category-educacao-2","category-gerais","tag-conducao-coercitiva-de-reitor-da-ufmg","tag-jaime-arturo-ramirez","tag-memorial-da-anistia-politica","tag-operacao-da-pf-ufmg","tag-operacao-da-policia-federal-ufmg","tag-operacao-esperanca-equilibrista","tag-pf-na-ufmg","tag-policia-federal-na-ufmg","tag-professores-protestam-contra-conducao-coercitiva-de-reitor-da-ufmg","tag-ufmg","tag-universidade-federal-de-minas-gerais"],"_links":{"self":[{"href":"https:\/\/aconteceunovale.com.br\/portal\/index.php?rest_route=\/wp\/v2\/posts\/124668","targetHints":{"allow":["GET"]}}],"collection":[{"href":"https:\/\/aconteceunovale.com.br\/portal\/index.php?rest_route=\/wp\/v2\/posts"}],"about":[{"href":"https:\/\/aconteceunovale.com.br\/portal\/index.php?rest_route=\/wp\/v2\/types\/post"}],"author":[{"embeddable":true,"href":"https:\/\/aconteceunovale.com.br\/portal\/index.php?rest_route=\/wp\/v2\/users\/1"}],"replies":[{"embeddable":true,"href":"https:\/\/aconteceunovale.com.br\/portal\/index.php?rest_route=%2Fwp%2Fv2%2Fcomments&post=124668"}],"version-history":[{"count":0,"href":"https:\/\/aconteceunovale.com.br\/portal\/index.php?rest_route=\/wp\/v2\/posts\/124668\/revisions"}],"wp:featuredmedia":[{"embeddable":true,"href":"https:\/\/aconteceunovale.com.br\/portal\/index.php?rest_route=\/wp\/v2\/media\/124669"}],"wp:attachment":[{"href":"https:\/\/aconteceunovale.com.br\/portal\/index.php?rest_route=%2Fwp%2Fv2%2Fmedia&parent=124668"}],"wp:term":[{"taxonomy":"category","embeddable":true,"href":"https:\/\/aconteceunovale.com.br\/portal\/index.php?rest_route=%2Fwp%2Fv2%2Fcategories&post=124668"},{"taxonomy":"post_tag","embeddable":true,"href":"https:\/\/aconteceunovale.com.br\/portal\/index.php?rest_route=%2Fwp%2Fv2%2Ftags&post=124668"}],"curies":[{"name":"wp","href":"https:\/\/api.w.org\/{rel}","templated":true}]}}