{"id":124660,"date":"2017-12-06T23:24:11","date_gmt":"2017-12-07T01:24:11","guid":{"rendered":"http:\/\/aconteceunovale.com.br\/portal\/?p=124660"},"modified":"2017-12-06T23:24:11","modified_gmt":"2017-12-07T01:24:11","slug":"copom-reduz-juros-basicos-para-7-ao-ano-o-menor-nivel-da-historia","status":"publish","type":"post","link":"https:\/\/aconteceunovale.com.br\/portal\/?p=124660","title":{"rendered":"Copom reduz juros b\u00e1sicos para 7% ao ano, o menor n\u00edvel da hist\u00f3ria"},"content":{"rendered":"<p>Pela d\u00e9cima vez seguida, o Banco Central (BC) baixou os juros b\u00e1sicos da economia. Por unanimidade, o Comit\u00ea de Pol\u00edtica Monet\u00e1ria (Copom) reduziu hoje (6) a taxa Selic em 0,5 ponto percentual, de 7,5% ao ano para 7% ao ano. A decis\u00e3o era\u00a0esperada pelos analistas financeiros.<\/p>\n<p>Com a redu\u00e7\u00e3o de hoje, a Selic atinge o menor n\u00edvel desde o in\u00edcio da s\u00e9rie hist\u00f3rica do Banco Central, em 1986. De outubro de 2012 a abril de 2013, a taxa foi mantida em 7,25% ao ano, anteriormente o n\u00edvel mais baixo da hist\u00f3ria, e passou a ser reajustada gradualmente at\u00e9 alcan\u00e7ar 14,25% ao ano em julho de 2015. Somente em outubro do ano passado, o Copom voltou a reduzir os juros b\u00e1sicos da economia.<\/p>\n<p>Apesar do corte, o Banco Central est\u00e1 afrouxando menos a pol\u00edtica monet\u00e1ria. De abril a setembro, o Copom havia reduzido a Selic em 1 ponto percentual. O ritmo de corte caiu para 0,75 ponto em\u00a0outubro\u00a0e 0,5 ponto na reuni\u00e3o de hoje. Em nota, o BC informou que a infla\u00e7\u00e3o est\u00e1 se comportando como o esperado e indicou que pode continuar a cortar os juros b\u00e1sicos na pr\u00f3xima reuni\u00e3o do Copom, no fim de janeiro.<\/p>\n<p>\u201cPara a pr\u00f3xima reuni\u00e3o, caso o cen\u00e1rio b\u00e1sico evolua conforme esperado, e em raz\u00e3o do est\u00e1gio do ciclo de flexibiliza\u00e7\u00e3o, o Comit\u00ea v\u00ea, neste momento, como adequada uma nova redu\u00e7\u00e3o moderada na magnitude de flexibiliza\u00e7\u00e3o monet\u00e1ria. Essa vis\u00e3o para a pr\u00f3xima reuni\u00e3o \u00e9 mais suscet\u00edvel a mudan\u00e7as na evolu\u00e7\u00e3o do cen\u00e1rio e seus riscos que nas reuni\u00f5es anteriores. Para frente, o Comit\u00ea entende que o atual est\u00e1gio do ciclo recomenda cautela na condu\u00e7\u00e3o da pol\u00edtica monet\u00e1ria\u201d.<\/p>\n<p>A Selic \u00e9 o principal instrumento do Banco Central para manter sob controle a infla\u00e7\u00e3o oficial, medida pelo \u00cdndice Nacional de Pre\u00e7os ao Consumidor Amplo (IPCA). Segundo o Instituto Brasileiro de Geografia e Estat\u00edstica (IBGE), o IPCA ficou em 0,42% em outubro. Nos 12 meses terminados em outubro, o\u00a0\u00edndice acumula 2,7%, abaixo do piso da meta de infla\u00e7\u00e3o, que \u00e9 de 3%.<\/p>\n<p>At\u00e9 o ano passado, o Conselho Monet\u00e1rio Nacional (CMN) estabelecia meta de infla\u00e7\u00e3o de 4,5%, com margem de toler\u00e2ncia de 2 pontos, podendo chegar a 6,5%. Para este ano, o CMN reduziu a margem de toler\u00e2ncia para 1,5 ponto percentual. A infla\u00e7\u00e3o, portanto, n\u00e3o poder\u00e1 superar 6% neste ano nem ficar abaixo de 3%.<\/p>\n<p><strong>Infla\u00e7\u00e3o<\/strong><\/p>\n<p>No\u00a0<em>Relat\u00f3rio de Infla\u00e7\u00e3o<\/em>, divulgado no fim de setembro pelo Banco Central, a autoridade monet\u00e1ria estima que o\u00a0IPCA encerrar\u00e1 2017 em 3,2%. De acordo com o boletim\u00a0<em>Focus<\/em>, pesquisa semanal com institui\u00e7\u00f5es financeiras divulgada pelo BC, a infla\u00e7\u00e3o oficial dever\u00e1\u00a0fechar o ano em 3,03%, mesmo com os aumentos recentes nos pre\u00e7os dos combust\u00edveis.<\/p>\n<p>At\u00e9 agosto do ano passado, o impacto de pre\u00e7os administrados, como a eleva\u00e7\u00e3o de tarifas p\u00fablicas; e o de alimentos como feij\u00e3o e leite contribuiu para a manuten\u00e7\u00e3o dos \u00edndices de pre\u00e7os em n\u00edveis altos. De l\u00e1 para c\u00e1, no entanto, a infla\u00e7\u00e3o come\u00e7ou a cair por causa da recess\u00e3o econ\u00f4mica e da queda do d\u00f3lar.<\/p>\n<p><strong>Cr\u00e9dito mais barato<\/strong><\/p>\n<p>A redu\u00e7\u00e3o da taxa Selic estimula a economia porque juros menores barateiam o cr\u00e9dito e incentivam a produ\u00e7\u00e3o e o consumo em um cen\u00e1rio de baixa atividade econ\u00f4mica. Segundo o boletim\u00a0<em>Focus<\/em>, os analistas econ\u00f4micos projetam\u00a0crescimento de 0,89% do Produto Interno Bruto\u00a0(PIB, soma dos bens e servi\u00e7os produzidos pelo pa\u00eds) em 2017. A estimativa est\u00e1 superior \u00e0 do \u00faltimo\u00a0<em>Relat\u00f3rio de Infla\u00e7\u00e3o<\/em>, divulgado em setembro, no qual o BC projetava\u00a0expans\u00e3o da economia de 0,7% este ano.<\/p>\n<p>A taxa b\u00e1sica de juros \u00e9 usada nas negocia\u00e7\u00f5es de t\u00edtulos p\u00fablicos no Sistema Especial de Liquida\u00e7\u00e3o e Cust\u00f3dia (Selic) e serve de refer\u00eancia para as demais taxas de juros da economia. Ao reajust\u00e1-la para cima, o Banco Central segura o excesso de demanda que pressiona os pre\u00e7os, porque juros mais altos encarecem o cr\u00e9dito e estimulam a poupan\u00e7a. Ao reduzir os juros b\u00e1sicos, o Copom barateia o cr\u00e9dito e incentiva a produ\u00e7\u00e3o e o consumo, mas enfraquece o controle da infla\u00e7\u00e3o.<\/p>\n<p><img decoding=\"async\" src=\"http:\/\/agenciabrasil.ebc.com.br\/sites\/_agenciabrasil2013\/files\/styles\/node_gallery_display\/public\/infografia_selic.png\" alt=\"\" \/><\/p>\n<p><strong>VER PRIMEIRO<\/strong><\/p>\n<p>Receba as not\u00edcias do Aconteceu no Vale em primeira m\u00e3o. Clique em curtir no endere\u00e7o <a href=\"https:\/\/www.facebook.com\/aconteceunovale\" target=\"_blank\"><font color=\"red\">www.facebook.com\/aconteceunovale<\/font><\/a> ou no box abaixo:<\/p>\n<div class=\"fb-like\" data-href=\"https:\/\/www.facebook.com\/aconteceunovale\" data-width=\"120\" data-layout=\"standard\" data-action=\"like\" data-size=\"small\" data-show-faces=\"true\" data-share=\"true\"><\/div>\n<p><\/br><\/p>\n<p><em>(Fonte: Ag\u00eancia Brasil)<\/em><\/p>\n","protected":false},"excerpt":{"rendered":"<p>Pela d\u00e9cima vez seguida, o Banco Central (BC) baixou os juros b\u00e1sicos da economia. Por unanimidade, o Comit\u00ea de Pol\u00edtica Monet\u00e1ria (Copom) reduziu hoje (6) a taxa Selic em 0,5 ponto percentual, de 7,5% ao ano para 7% ao ano. A decis\u00e3o era\u00a0esperada pelos analistas financeiros. Com a redu\u00e7\u00e3o de hoje, a Selic atinge o [&hellip;]<\/p>\n","protected":false},"author":1,"featured_media":124662,"comment_status":"open","ping_status":"closed","sticky":false,"template":"","format":"standard","meta":{"amp_status":"","footnotes":""},"categories":[6],"tags":[22104,22810,164931,6116,29624,164934,164932,121632,158988,164935,22811,164933],"class_list":["post-124660","post","type-post","status-publish","format-standard","has-post-thumbnail","hentry","category-br","tag-banco-central","tag-copom","tag-copom-reduz-juros-basicos-para-7-ao-ano","tag-inflacao","tag-juros","tag-juros-basicos","tag-o-menor-nivel-da-historia","tag-politica-monetaria","tag-reducao-da-selic","tag-reducao-dos-juros-basicos","tag-selic","tag-taxa-selic"],"_links":{"self":[{"href":"https:\/\/aconteceunovale.com.br\/portal\/index.php?rest_route=\/wp\/v2\/posts\/124660","targetHints":{"allow":["GET"]}}],"collection":[{"href":"https:\/\/aconteceunovale.com.br\/portal\/index.php?rest_route=\/wp\/v2\/posts"}],"about":[{"href":"https:\/\/aconteceunovale.com.br\/portal\/index.php?rest_route=\/wp\/v2\/types\/post"}],"author":[{"embeddable":true,"href":"https:\/\/aconteceunovale.com.br\/portal\/index.php?rest_route=\/wp\/v2\/users\/1"}],"replies":[{"embeddable":true,"href":"https:\/\/aconteceunovale.com.br\/portal\/index.php?rest_route=%2Fwp%2Fv2%2Fcomments&post=124660"}],"version-history":[{"count":0,"href":"https:\/\/aconteceunovale.com.br\/portal\/index.php?rest_route=\/wp\/v2\/posts\/124660\/revisions"}],"wp:featuredmedia":[{"embeddable":true,"href":"https:\/\/aconteceunovale.com.br\/portal\/index.php?rest_route=\/wp\/v2\/media\/124662"}],"wp:attachment":[{"href":"https:\/\/aconteceunovale.com.br\/portal\/index.php?rest_route=%2Fwp%2Fv2%2Fmedia&parent=124660"}],"wp:term":[{"taxonomy":"category","embeddable":true,"href":"https:\/\/aconteceunovale.com.br\/portal\/index.php?rest_route=%2Fwp%2Fv2%2Fcategories&post=124660"},{"taxonomy":"post_tag","embeddable":true,"href":"https:\/\/aconteceunovale.com.br\/portal\/index.php?rest_route=%2Fwp%2Fv2%2Ftags&post=124660"}],"curies":[{"name":"wp","href":"https:\/\/api.w.org\/{rel}","templated":true}]}}