{"id":124657,"date":"2017-12-06T23:15:50","date_gmt":"2017-12-07T01:15:50","guid":{"rendered":"http:\/\/aconteceunovale.com.br\/portal\/?p=124657"},"modified":"2017-12-06T23:15:50","modified_gmt":"2017-12-07T01:15:50","slug":"corte-especial-do-stj-aceita-denuncia-contra-fernando-pimentel","status":"publish","type":"post","link":"https:\/\/aconteceunovale.com.br\/portal\/?p=124657","title":{"rendered":"Corte Especial do STJ aceita den\u00fancia contra Fernando Pimentel"},"content":{"rendered":"<p>A Corte Especial do Superior Tribunal de Justi\u00e7a (STJ) aceitou hoje (06) den\u00fancia do Minist\u00e9rio P\u00fablico Federal (MPF) contra o governador de Minas Gerais, Fernando Pimentel, em investiga\u00e7\u00e3o sobre corrup\u00e7\u00e3o passiva e lavagem de dinheiro. Com a den\u00fancia, Pimentel se tornou r\u00e9u na A\u00e7\u00e3o Penal 843.<\/p>\n<p>Apesar da decis\u00e3o, a corte entendeu n\u00e3o haver necessidade de afastar Pimentel do cargo de governador, por n\u00e3o vislumbrar, ao menos por ora, elementos que justifiquem essa provid\u00eancia.<\/p>\n<p>A den\u00fancia \u00e9 decorrente da Opera\u00e7\u00e3o Acr\u00f4nimo e apura suposta participa\u00e7\u00e3o de Pimentel em um esquema de corrup\u00e7\u00e3o e favorecimento il\u00edcito de empresas entre 2012 e 2014, quando ocupava o cargo de ministro do Desenvolvimento, Ind\u00fastria e Com\u00e9rcio Exterior.<\/p>\n<p>Ap\u00f3s o voto-vista do ministro Og Fernandes, no mesmo sentido do voto dado pelo relator da a\u00e7\u00e3o, ministro Herman Benjamim, a Corte Especial, de forma un\u00e2nime, rejeitou todas as preliminares apresentadas pela defesa de Pimentel e dos demais denunciados.<\/p>\n<p>No m\u00e9rito, o colegiado votou pelo recebimento da den\u00fancia contra o pol\u00edtico e os demais r\u00e9us, incluindo o ex-presidente da construtora Odebrecht, Marcelo Odebrecht.<\/p>\n<p>Segundo Herman Benjamin, os fatos descritos na den\u00fancia s\u00e3o anteriores \u00e0 posse de Pimentel no comando do governo mineiro e, al\u00e9m disso, n\u00e3o h\u00e1 not\u00edcia de que ele tenha provocado obstru\u00e7\u00e3o \u00e0 Justi\u00e7a.<\/p>\n<p><strong>Vantagem il\u00edcita<\/strong><\/p>\n<p>De acordo com a den\u00fancia, formatada a partir das dela\u00e7\u00f5es do empres\u00e1rio Benedito de Oliveira, de Marcelo Odebrecht e de Jo\u00e3o Nogueira, Fernando Pimentel, \u00e0 \u00e9poca em que comandava o minist\u00e9rio, teria recebido vantagem il\u00edcita de R$ 15 milh\u00f5es em troca do favorecimento da construtora Odebrecht em obras na Argentina e em Mo\u00e7ambique.<\/p>\n<p>De acordo com o MPF, a empresa buscava a obten\u00e7\u00e3o de seguro-garantia para essas obras junto ao Banco Nacional de Desenvolvimento Econ\u00f4mico e Social (BNDES).<\/p>\n<p><strong>VER PRIMEIRO<\/strong><\/p>\n<p>Receba as not\u00edcias do Aconteceu no Vale em primeira m\u00e3o. Clique em curtir no endere\u00e7o <a href=\"https:\/\/www.facebook.com\/aconteceunovale\" target=\"_blank\"><font color=\"red\">www.facebook.com\/aconteceunovale<\/font><\/a> ou no box abaixo:<\/p>\n<div class=\"fb-like\" data-href=\"https:\/\/www.facebook.com\/aconteceunovale\" data-width=\"120\" data-layout=\"standard\" data-action=\"like\" data-size=\"small\" data-show-faces=\"true\" data-share=\"true\"><\/div>\n<p><\/br><\/p>\n<p><em>(Fonte: Ag\u00eancia Brasil)<\/em><\/p>\n","protected":false},"excerpt":{"rendered":"<p>A Corte Especial do Superior Tribunal de Justi\u00e7a (STJ) aceitou hoje (06) den\u00fancia do Minist\u00e9rio P\u00fablico Federal (MPF) contra o governador de Minas Gerais, Fernando Pimentel, em investiga\u00e7\u00e3o sobre corrup\u00e7\u00e3o passiva e lavagem de dinheiro. Com a den\u00fancia, Pimentel se tornou r\u00e9u na A\u00e7\u00e3o Penal 843. Apesar da decis\u00e3o, a corte entendeu n\u00e3o haver necessidade [&hellip;]<\/p>\n","protected":false},"author":1,"featured_media":124658,"comment_status":"open","ping_status":"closed","sticky":false,"template":"","format":"standard","meta":{"amp_status":"","footnotes":""},"categories":[6,123,40240],"tags":[164930,21883,92520,12826,20507,81864,40917,80281,61747],"class_list":["post-124657","post","type-post","status-publish","format-standard","has-post-thumbnail","hentry","category-br","category-gerais","category-politica-2","tag-corte-especial-do-stj-aceita-denuncia-contra-fernando-pimentel","tag-denuncia","tag-denuncia-contra-fernando-pimentel","tag-fernando-pimentel","tag-governador","tag-investigacao-fernando-pimentel","tag-mg","tag-processo-fernando-pimentel","tag-stj"],"_links":{"self":[{"href":"https:\/\/aconteceunovale.com.br\/portal\/index.php?rest_route=\/wp\/v2\/posts\/124657","targetHints":{"allow":["GET"]}}],"collection":[{"href":"https:\/\/aconteceunovale.com.br\/portal\/index.php?rest_route=\/wp\/v2\/posts"}],"about":[{"href":"https:\/\/aconteceunovale.com.br\/portal\/index.php?rest_route=\/wp\/v2\/types\/post"}],"author":[{"embeddable":true,"href":"https:\/\/aconteceunovale.com.br\/portal\/index.php?rest_route=\/wp\/v2\/users\/1"}],"replies":[{"embeddable":true,"href":"https:\/\/aconteceunovale.com.br\/portal\/index.php?rest_route=%2Fwp%2Fv2%2Fcomments&post=124657"}],"version-history":[{"count":0,"href":"https:\/\/aconteceunovale.com.br\/portal\/index.php?rest_route=\/wp\/v2\/posts\/124657\/revisions"}],"wp:featuredmedia":[{"embeddable":true,"href":"https:\/\/aconteceunovale.com.br\/portal\/index.php?rest_route=\/wp\/v2\/media\/124658"}],"wp:attachment":[{"href":"https:\/\/aconteceunovale.com.br\/portal\/index.php?rest_route=%2Fwp%2Fv2%2Fmedia&parent=124657"}],"wp:term":[{"taxonomy":"category","embeddable":true,"href":"https:\/\/aconteceunovale.com.br\/portal\/index.php?rest_route=%2Fwp%2Fv2%2Fcategories&post=124657"},{"taxonomy":"post_tag","embeddable":true,"href":"https:\/\/aconteceunovale.com.br\/portal\/index.php?rest_route=%2Fwp%2Fv2%2Ftags&post=124657"}],"curies":[{"name":"wp","href":"https:\/\/api.w.org\/{rel}","templated":true}]}}