{"id":124654,"date":"2017-12-06T23:09:37","date_gmt":"2017-12-07T01:09:37","guid":{"rendered":"http:\/\/aconteceunovale.com.br\/portal\/?p=124654"},"modified":"2017-12-06T23:09:37","modified_gmt":"2017-12-07T01:09:37","slug":"tarifa-branca-de-energia-entra-em-vigor-dia-1o-de-janeiro-mas-consumidor-deve-ter-cautela","status":"publish","type":"post","link":"https:\/\/aconteceunovale.com.br\/portal\/?p=124654","title":{"rendered":"Tarifa branca de energia entra em vigor dia 1\u00ba de janeiro, mas consumidor deve ter cautela"},"content":{"rendered":"<p>Com entrada em vigor prevista para 1\u00ba de janeiro do ano que vem, a tarifa branca de energia el\u00e9trica pode representar uma diminui\u00e7\u00e3o no valor da conta de luz para os que consumirem menos nos hor\u00e1rios de pico (entre as 19h e as 21h. A ades\u00e3o \u00e9 opcional.<\/p>\n<p>A Associa\u00e7\u00e3o Brasileira de Distribuidores de Energia El\u00e9trica (Abradee) alerta aqueles que queiram aderir \u00e0 tarifa para que levem em considera\u00e7\u00e3o seu perfil de consumo, sob pena de verem o efeito contr\u00e1rio, com aumento na conta.<\/p>\n<p>O presidente da Abradee, Nelson Leite, sugere que, antes de optar pela tarifa branca, o consumidor analise o pr\u00f3prio perfil e h\u00e1bitos de uso da energia el\u00e9trica ao longo do dia. \u201cN\u00e3o \u00e9 uma decis\u00e3o simples. Ela envolve alguns c\u00e1lculos e algumas estimativas do consumidor\u201d, disse Leite hoje (6), durante o lan\u00e7amento de uma cartilha explicativa elaborada pela institui\u00e7\u00e3o, com respostas para as d\u00favidas dos consumidores em rela\u00e7\u00e3o \u00e0 medida.<\/p>\n<p>A nova modalidade permite ao consumidor pagar tarifas diferenciadas de acordo com a hora do dia. Na primeira fase, poder\u00e3o adotar a tarifa os consumidores de de baixa tens\u00e3o, como resid\u00eancias, pequenos com\u00e9rcios e ind\u00fastrias, com consumo m\u00e9dio mensal superior a 500 quilowatts-hora (KWh). Em m\u00e9dia, o consumo das fam\u00edlias brasileiras \u00e9 de 160 kWh\/m\u00eas.<\/p>\n<p>Nos hor\u00e1rios de pico, a tarifa ter\u00e1 um valor mais alto. Fora desse hor\u00e1rio, o pre\u00e7o cobrado ser\u00e1 mais baixo. Tamb\u00e9m haver\u00e1 uma tarifa de cobran\u00e7a intermedi\u00e1ria que valer\u00e1 uma hora antes do in\u00edcio do hor\u00e1rio de pico, entre as 18h e as 19h, e depois, entre as 21h e as 22h.<\/p>\n<p>Inicialmente, a medida atingir\u00e1 uma pequena parcela dos consumidores brasileiros. No primeiro momento, poder\u00e3o aderir \u00e0 tarifa branca cerca de 4 milh\u00f5es de unidades consumidoras, o que representa cerca de 5% de tais unidades, estimou Leite.<\/p>\n<p>Em janeiro de 2019 poder\u00e3o aderir \u00e0 nova tarifa aqueles que tenham m\u00e9dia anual de consumo maior que 250 kWh\/m\u00eas. J\u00e1 a partir de 2020, a modalidade estar\u00e1 aberta a todas as unidades consumidoras, com exce\u00e7\u00e3o daquelas de baixa renda, beneficiadas pela tarifa social.<\/p>\n<p>O consumidor dever\u00e1 fazer a ades\u00e3o na concession\u00e1ria de energia que atende a sua cidade. Ap\u00f3s an\u00e1lise do pedido, a concession\u00e1ria tem 30 dias para fazer a troca do medidor de energia, no caso de unidades consumidoras j\u00e1 existentes, ou os prazos e procedimentos padr\u00e3o para novas solicita\u00e7\u00f5es de fornecimento.<\/p>\n<p><strong>VER PRIMEIRO<\/strong><\/p>\n<p>Receba as not\u00edcias do Aconteceu no Vale em primeira m\u00e3o. Clique em curtir no endere\u00e7o <a href=\"https:\/\/www.facebook.com\/aconteceunovale\" target=\"_blank\"><font color=\"red\">www.facebook.com\/aconteceunovale<\/font><\/a> ou no box abaixo:<\/p>\n<div class=\"fb-like\" data-href=\"https:\/\/www.facebook.com\/aconteceunovale\" data-width=\"120\" data-layout=\"standard\" data-action=\"like\" data-size=\"small\" data-show-faces=\"true\" data-share=\"true\"><\/div>\n<p><\/br><\/p>\n<p><em>(Fonte: Ag\u00eancia Brasil)<\/em><\/p>\n","protected":false},"excerpt":{"rendered":"<p>Com entrada em vigor prevista para 1\u00ba de janeiro do ano que vem, a tarifa branca de energia el\u00e9trica pode representar uma diminui\u00e7\u00e3o no valor da conta de luz para os que consumirem menos nos hor\u00e1rios de pico (entre as 19h e as 21h. A ades\u00e3o \u00e9 opcional. A Associa\u00e7\u00e3o Brasileira de Distribuidores de Energia [&hellip;]<\/p>\n","protected":false},"author":1,"featured_media":124655,"comment_status":"open","ping_status":"closed","sticky":false,"template":"","format":"standard","meta":{"amp_status":"","footnotes":""},"categories":[6],"tags":[27330,31753,35418,164928,164926,156461,156463,156460,164925,164927,164929],"class_list":["post-124654","post","type-post","status-publish","format-standard","has-post-thumbnail","hentry","category-br","tag-abradee","tag-conta-de-luz","tag-energia-eletrica","tag-funcionamento-da-tarifa-branca-de-energia","tag-mas-consumidor-deve-ter-cautela","tag-o-que-e-tarifa-branca-de-energia","tag-tarifa-branca","tag-tarifa-branca-de-energia","tag-tarifa-branca-de-energia-entra-em-vigor-dia-1o","tag-tarifa-branca-de-energia-entra-em-vigor-dia-1o-de-janeiro","tag-tarifa-social"],"_links":{"self":[{"href":"https:\/\/aconteceunovale.com.br\/portal\/index.php?rest_route=\/wp\/v2\/posts\/124654","targetHints":{"allow":["GET"]}}],"collection":[{"href":"https:\/\/aconteceunovale.com.br\/portal\/index.php?rest_route=\/wp\/v2\/posts"}],"about":[{"href":"https:\/\/aconteceunovale.com.br\/portal\/index.php?rest_route=\/wp\/v2\/types\/post"}],"author":[{"embeddable":true,"href":"https:\/\/aconteceunovale.com.br\/portal\/index.php?rest_route=\/wp\/v2\/users\/1"}],"replies":[{"embeddable":true,"href":"https:\/\/aconteceunovale.com.br\/portal\/index.php?rest_route=%2Fwp%2Fv2%2Fcomments&post=124654"}],"version-history":[{"count":0,"href":"https:\/\/aconteceunovale.com.br\/portal\/index.php?rest_route=\/wp\/v2\/posts\/124654\/revisions"}],"wp:featuredmedia":[{"embeddable":true,"href":"https:\/\/aconteceunovale.com.br\/portal\/index.php?rest_route=\/wp\/v2\/media\/124655"}],"wp:attachment":[{"href":"https:\/\/aconteceunovale.com.br\/portal\/index.php?rest_route=%2Fwp%2Fv2%2Fmedia&parent=124654"}],"wp:term":[{"taxonomy":"category","embeddable":true,"href":"https:\/\/aconteceunovale.com.br\/portal\/index.php?rest_route=%2Fwp%2Fv2%2Fcategories&post=124654"},{"taxonomy":"post_tag","embeddable":true,"href":"https:\/\/aconteceunovale.com.br\/portal\/index.php?rest_route=%2Fwp%2Fv2%2Ftags&post=124654"}],"curies":[{"name":"wp","href":"https:\/\/api.w.org\/{rel}","templated":true}]}}