{"id":124651,"date":"2017-12-06T22:16:26","date_gmt":"2017-12-07T00:16:26","guid":{"rendered":"http:\/\/aconteceunovale.com.br\/portal\/?p=124651"},"modified":"2017-12-06T22:16:26","modified_gmt":"2017-12-07T00:16:26","slug":"policiais-de-minas-gerais-vao-passar-a-integrar-forca-nacional-de-seguranca","status":"publish","type":"post","link":"https:\/\/aconteceunovale.com.br\/portal\/?p=124651","title":{"rendered":"Policiais de Minas Gerais v\u00e3o passar a integrar For\u00e7a Nacional de Seguran\u00e7a"},"content":{"rendered":"<p>O Minist\u00e9rio da Justi\u00e7a e o estado de Minas Gerais assinaram ontem (5) um acordo de coopera\u00e7\u00e3o que formaliza a participa\u00e7\u00e3o das pol\u00edcias mineiras na For\u00e7a Nacional de Seguran\u00e7a (FNS). Minas era a \u00fanica unidade da federa\u00e7\u00e3o que ainda estava fora da tropa federal, criada em 2004. Durante a cerim\u00f4nia de assinatura do acordo, o governador mineiro, Fernando Pimentel, ressaltou a import\u00e2ncia da parceria, mas disse que ela ser\u00e1 um \u201csacrif\u00edcio\u201d para o estado.<\/p>\n<p>\u201cN\u00e3o tenho vergonha de dizer que \u00e9 um sacrif\u00edcio para n\u00f3s da forma como est\u00e1 no conv\u00eanio e como \u00e9 para qualquer estado. Podemos chegar a ceder um n\u00famero, diria, volumoso de quadros, que certamente fazem falta quando eles saem do estado. Mas, certamente, ser\u00e3o empregados em a\u00e7\u00f5es necess\u00e1rias para o Brasil e \u00e9 isso que conta, essa solidariedade que temos que ter entre n\u00f3s\u201d, disse Pimentel.<\/p>\n<p>O governador reconheceu tamb\u00e9m haver um \u201catraso\u201d na participa\u00e7\u00e3o do estado na For\u00e7a Nacional. \u201cSomos o \u00faltimo estado a assinar esse conv\u00eanio e tenho ci\u00eancia que h\u00e1 um certo atraso nisso. Mas houve uma pondera\u00e7\u00e3o muito precisa da import\u00e2ncia de Minas aderir e se tonar solid\u00e1ria ao Brasil inteiro na opera\u00e7\u00e3o a For\u00e7a Nacional de Seguran\u00e7a colocando, n\u00e3o s\u00f3 a Pol\u00edcia Militar, mas as outras for\u00e7as tamb\u00e9m, a Pol\u00edcia Civil a Prisional, os Bombeiros, ou seja, todo o nosso corpo de seguran\u00e7a \u00e0 disposi\u00e7\u00e3o do Brasil na conting\u00eancia que se fa\u00e7a necess\u00e1ria\u201d.<\/p>\n<p>Para o ministro da Justi\u00e7a, Torquato Jardim, a participa\u00e7\u00e3o de Minas Gerais da FNS \u00e9 fundamental para o combate a diversos crimes. \u201cA For\u00e7a Nacional de Seguran\u00e7a sempre foi incompleta sem que Minas Gerais dela fizesse parte. De sorte que poder contar com a tradi\u00e7\u00e3o, experi\u00eancia, expertise da Pol\u00edcia Militar de Minas Gerais \u00e9 fundamental para o nosso trabalho. Seja pela hist\u00f3ria ou seja pela geografia\u201d, disse o ministro.<\/p>\n<p>\u201cMinas Gerais \u00e9 estrat\u00e9gico. Todos os fluxos de drogas, narcotr\u00e1fico, armas, lavagem de dinheiro passam por Minas, pelas estradas, pelos canais, pelos rios\u201d, acrescentou Jardim.<\/p>\n<p><img decoding=\"async\" src=\"http:\/\/aconteceunovale.com.br\/portal\/wp-content\/uploads\/2017\/12\/pimentel_ministro.jpg\" alt=\"\" \/><em>O governador de Minas Gerais, Fernando Pimentel, e o ministro da Justi\u00e7a, Torquato Jardim, assinam acordo de coopera\u00e7\u00e3o para participa\u00e7\u00e3o das pol\u00edcias mineiras na For\u00e7a Nacional de Seguran\u00e7a (Foto: Fabio Rodrigues Pozzebom\/Ag\u00eancia Brasil)<\/em><br \/>\n<\/br><\/p>\n<p><strong>Conv\u00eanio<\/strong><\/p>\n<p>A partir da assinatura do acordo de coopera\u00e7\u00e3o federativa nas \u00e1reas penitenci\u00e1ria e de seguran\u00e7a p\u00fablica e servi\u00e7os penitenci\u00e1rios, que tem dura\u00e7\u00e3o de cinco anos, policiais civis e militares e bombeiros de Minas poder\u00e3o servir \u00e0 For\u00e7a Nacional e atuar em situa\u00e7\u00f5es de crise pelo pa\u00eds. Quando cedidos, os agentes de seguran\u00e7a s\u00e3o destacados das tropas, recebem treinamento em Bras\u00edlia e ficam sob comando da Secretaria Nacional de Seguran\u00e7a P\u00fablica (Senasp).<\/p>\n<p>Em contrapartida, a Uni\u00e3o paga di\u00e1rias aos policiais cedidos, al\u00e9m de fornecer equipamentos para os \u00f3rg\u00e3os de seguran\u00e7a estaduais, como armas, coletes bal\u00edsticos, viaturas e materiais de per\u00edcia.<\/p>\n<p><strong>VER PRIMEIRO<\/strong><\/p>\n<p>Receba as not\u00edcias do Aconteceu no Vale em primeira m\u00e3o. Clique em curtir no endere\u00e7o <a href=\"https:\/\/www.facebook.com\/aconteceunovale\" target=\"_blank\"><font color=\"red\">www.facebook.com\/aconteceunovale<\/font><\/a> ou no box abaixo:<\/p>\n<div class=\"fb-like\" data-href=\"https:\/\/www.facebook.com\/aconteceunovale\" data-width=\"120\" data-layout=\"standard\" data-action=\"like\" data-size=\"small\" data-show-faces=\"true\" data-share=\"true\"><\/div>\n<p><\/br><\/p>\n<p><em>(Fonte: Ag\u00eancia Brasil)<\/em><\/p>\n","protected":false},"excerpt":{"rendered":"<p>O Minist\u00e9rio da Justi\u00e7a e o estado de Minas Gerais assinaram ontem (5) um acordo de coopera\u00e7\u00e3o que formaliza a participa\u00e7\u00e3o das pol\u00edcias mineiras na For\u00e7a Nacional de Seguran\u00e7a (FNS). Minas era a \u00fanica unidade da federa\u00e7\u00e3o que ainda estava fora da tropa federal, criada em 2004. Durante a cerim\u00f4nia de assinatura do acordo, o [&hellip;]<\/p>\n","protected":false},"author":1,"featured_media":124652,"comment_status":"open","ping_status":"closed","sticky":false,"template":"","format":"standard","meta":{"amp_status":"","footnotes":""},"categories":[6,123],"tags":[164923,12826,164921,150315,164922,19903,164920,35209,164924,150850],"class_list":["post-124651","post","type-post","status-publish","format-standard","has-post-thumbnail","hentry","category-br","category-gerais","tag-acordo-de-cooperacao","tag-fernando-pimentel","tag-fns","tag-forca-nacional-de-seguranca","tag-governador-mineiro","tag-ministerio-da-justica","tag-ministerio-da-justica-e-o-estado-de-minas-gerais-assinaram-ontem-5-um-acordo-de-cooperacao-que-formaliza-a-participacao-das-policias-mineiras-na-forca-nacional-de-seguranca-fns","tag-ministro-da-justica","tag-policiais-de-minas-gerais-vao-passar-a-integrar-forca-nacional-de-seguranca","tag-torquato-jardim"],"_links":{"self":[{"href":"https:\/\/aconteceunovale.com.br\/portal\/index.php?rest_route=\/wp\/v2\/posts\/124651","targetHints":{"allow":["GET"]}}],"collection":[{"href":"https:\/\/aconteceunovale.com.br\/portal\/index.php?rest_route=\/wp\/v2\/posts"}],"about":[{"href":"https:\/\/aconteceunovale.com.br\/portal\/index.php?rest_route=\/wp\/v2\/types\/post"}],"author":[{"embeddable":true,"href":"https:\/\/aconteceunovale.com.br\/portal\/index.php?rest_route=\/wp\/v2\/users\/1"}],"replies":[{"embeddable":true,"href":"https:\/\/aconteceunovale.com.br\/portal\/index.php?rest_route=%2Fwp%2Fv2%2Fcomments&post=124651"}],"version-history":[{"count":0,"href":"https:\/\/aconteceunovale.com.br\/portal\/index.php?rest_route=\/wp\/v2\/posts\/124651\/revisions"}],"wp:featuredmedia":[{"embeddable":true,"href":"https:\/\/aconteceunovale.com.br\/portal\/index.php?rest_route=\/wp\/v2\/media\/124652"}],"wp:attachment":[{"href":"https:\/\/aconteceunovale.com.br\/portal\/index.php?rest_route=%2Fwp%2Fv2%2Fmedia&parent=124651"}],"wp:term":[{"taxonomy":"category","embeddable":true,"href":"https:\/\/aconteceunovale.com.br\/portal\/index.php?rest_route=%2Fwp%2Fv2%2Fcategories&post=124651"},{"taxonomy":"post_tag","embeddable":true,"href":"https:\/\/aconteceunovale.com.br\/portal\/index.php?rest_route=%2Fwp%2Fv2%2Ftags&post=124651"}],"curies":[{"name":"wp","href":"https:\/\/api.w.org\/{rel}","templated":true}]}}