{"id":124641,"date":"2017-12-05T16:15:17","date_gmt":"2017-12-05T18:15:17","guid":{"rendered":"http:\/\/aconteceunovale.com.br\/portal\/?p=124641"},"modified":"2017-12-05T16:15:17","modified_gmt":"2017-12-05T18:15:17","slug":"estado-publica-novas-listagens-classificatorias-das-inscricoes-para-a-designacao-2018","status":"publish","type":"post","link":"https:\/\/aconteceunovale.com.br\/portal\/?p=124641","title":{"rendered":"Estado publica novas listagens classificat\u00f3rias das inscri\u00e7\u00f5es para a designa\u00e7\u00e3o 2018"},"content":{"rendered":"<p>Est\u00e3o dispon\u00edveis para consulta as novas listagens classificat\u00f3rias das inscri\u00e7\u00f5es dos candidatos que manifestaram interesse em participar do processo de designa\u00e7\u00e3o para trabalhar na rede estadual de ensino em 2018.<\/p>\n<p>O sistema foi reaberto entre os dias 29 de novembro e 1\u00ba de dezembro, exclusivamente para a retifica\u00e7\u00e3o do campo \u201cData de Nascimento\u201d, constante nos dados cadastrais. A medida visou permitir ao candidato que verificou inconsist\u00eancia na sua data de nascimento a possibilidade de realizar a devida retifica\u00e7\u00e3o. Em fun\u00e7\u00e3o disso, a listagem anterior, publicada no dia 22 de novembro, dever\u00e1 ser desconsiderada.<\/p>\n<p>O sistema da\u00a0Secretaria de Estado de Educa\u00e7\u00e3o (SEE)\u00a0recebeu um total de 631.491 cadastros e 1.354.237 inscri\u00e7\u00f5es, uma m\u00e9dia de duas por candidato, uma vez que cada pessoa poderia realizar at\u00e9 tr\u00eas inscri\u00e7\u00f5es. Essas listagens ser\u00e3o utilizadas tanto para as designa\u00e7\u00f5es que ser\u00e3o realizadas online quanto para as que ser\u00e3o presencialmente.<\/p>\n<p>Os candidatos est\u00e3o listados por ordem de classifica\u00e7\u00e3o, para cada cargo e localidade distintos, a partir das informa\u00e7\u00f5es prestadas na inscri\u00e7\u00e3o e dos crit\u00e9rios de prioridade definidos pela Resolu\u00e7\u00e3o SEE n\u00ba 3.643.<\/p>\n<p>A classifica\u00e7\u00e3o poder\u00e1 ser verificada no site\u00a0<span style=\"color: #ff0000;\"><a href=\"http:\/\/www.designaeducacao.mg.gov.br\/\" target=\"_blank\"><span style=\"color: #ff0000;\">www.designaeducacao.mg.gov.br<\/span><\/a><\/span>, atrav\u00e9s de computador, tablets e smartphones.<\/p>\n<p>O acesso pode ser feito de duas formas: pelo CPF do candidato, que mostrar\u00e1 um resumo das suas inscri\u00e7\u00f5es e a classifica\u00e7\u00e3o individualmente; ou pela busca por cargo e localidade, em que o candidato poder\u00e1 ver a lista geral de classifica\u00e7\u00e3o daquele cargo e munic\u00edpio e conferir as informa\u00e7\u00f5es e posi\u00e7\u00f5es de todos os candidatos que se inscreveram, de acordo com os crit\u00e9rios de classifica\u00e7\u00e3o definidos em edital.<\/p>\n<p>As listagens tamb\u00e9m est\u00e3o dispon\u00edveis nas Superintend\u00eancias Regionais de Ensino.<\/p>\n<p><strong>Inscri\u00e7\u00f5es<\/strong><\/p>\n<p>De acordo com os dados apurados pelo sistema, 52% das inscri\u00e7\u00f5es recebidas s\u00e3o para os cargos de Professor da Educa\u00e7\u00e3o B\u00e1sica (PEB). Foram 388.921 pessoas inscritas, sendo que 133.772 se inscreveram para o cargo de regente de turma, que s\u00e3o aqueles que lecionam para os anos iniciais do ensino fundamental.<\/p>\n<p>Desses, 74% fizeram apenas uma inscri\u00e7\u00e3o. J\u00e1 para regente de aula, que s\u00e3o os professores de disciplinas, foram inscritos 255.149 candidatos, dos quais 59 % realizaram uma ou duas inscri\u00e7\u00f5es das tr\u00eas as quais tinham direito.<\/p>\n<p>O segundo cargo com maior quantitativo de inscritos \u00e9 do Auxiliar de Servi\u00e7os da Educa\u00e7\u00e3o B\u00e1sica (ASB), totalizando quase 30% do total de inscri\u00e7\u00f5es. Entre os candidatos a esse cargo, 16% se inscreveram para tr\u00eas localidades diferentes, sendo que a maior parte (73%) fez apenas uma inscri\u00e7\u00e3o.<\/p>\n<p><strong>Crit\u00e9rios de classifica\u00e7\u00e3o<\/strong><\/p>\n<p>A idade m\u00ednima para designa\u00e7\u00e3o \u00e9 de 18 anos. A classifica\u00e7\u00e3o dos interessados leva em considera\u00e7\u00e3o: a aprova\u00e7\u00e3o em concurso p\u00fablico vigente, a habilita\u00e7\u00e3o, a escolaridade, o tempo de servi\u00e7o e a idade.<\/p>\n<p><strong>A lista de classifica\u00e7\u00e3o obedece, em linhas gerais, os seguintes crit\u00e9rios:<\/strong><\/p>\n<p>1\u00ba \u2013 candidato inscrito e concursado para o munic\u00edpio ou SRE e ainda n\u00e3o nomeado, obedecida a ordem de classifica\u00e7\u00e3o no concurso vigente, desde que comprove os requisitos de habilita\u00e7\u00e3o definidos no Edital do Concurso;<\/p>\n<p>2\u00ba \u2013 candidato inscrito e concursado para outro munic\u00edpio ou outra SRE e ainda n\u00e3o nomeado, obedecido ao n\u00famero de pontos obtido no concurso vigente, promovendo-se o desempate pela idade maior, desde que comprove os requisitos de habilita\u00e7\u00e3o definidos no Edital do Concurso;<\/p>\n<p>3\u00ba \u2013 candidato inscrito habilitado, obedecida a ordem de classifica\u00e7\u00e3o na listagem geral do munic\u00edpio de candidatos inscritos em 2017;<\/p>\n<p>4\u00ba \u2013 candidato inscrito n\u00e3o habilitado, obedecida a ordem de classifica\u00e7\u00e3o na listagem geral do munic\u00edpio de candidatos inscritos em 2017.<\/p>\n<p><strong>Designa\u00e7\u00e3o<\/strong><\/p>\n<p>A designa\u00e7\u00e3o \u00e9 uma forma de preencher interinamente os cargos para garantir o funcionamento das escolas estaduais, conforme o artigo 10 da Lei 10254\/1990. O processo \u00e9 essencial na prepara\u00e7\u00e3o da rede p\u00fablica para o in\u00edcio do ano letivo.<\/p>\n<p>Para o ano de 2018, parte da designa\u00e7\u00e3o ser\u00e1 feita por meio de sistema informatizado online, abrangendo os cargos de Analista de Educa\u00e7\u00e3o B\u00e1sica (AEB) \u2013 Assistente Social, Fisioterapeuta, Fonoaudi\u00f3logo, Psic\u00f3logo ou Terapeuta Ocupacional; Analista Educacional\/Inspetor Escolar (ANE\/IE); Assistente T\u00e9cnico de Educa\u00e7\u00e3o B\u00e1sica (ATB); Especialista em Educa\u00e7\u00e3o B\u00e1sica (EEB) \u2013 Orientador Educacional ou Supervisor Pedag\u00f3gico; e Professor de Educa\u00e7\u00e3o B\u00e1sica (PEB) \u2013 Regente de Turma.<\/p>\n<p>Essa ferramenta tem o objetivo de gerar igualdade de oportunidades entre os interessados, maior agilidade, efetividade e transpar\u00eancia no processo.<\/p>\n<p>A designa\u00e7\u00e3o ser\u00e1 presencial para Auxiliar de Servi\u00e7os de Educa\u00e7\u00e3o B\u00e1sica (ASB); Professor de Educa\u00e7\u00e3o B\u00e1sica (PEB) \u2013 Regente de Aula; Professor de Educa\u00e7\u00e3o B\u00e1sica (PEB) Curso Normal, Educa\u00e7\u00e3o Profissional, Conservat\u00f3rios Estaduais de M\u00fasica, Educa\u00e7\u00e3o Especial e Educa\u00e7\u00e3o Integral.<\/p>\n<p><strong>Quadro de escola<\/strong><\/p>\n<p>A Secretaria de Estado de Educa\u00e7\u00e3o (SEE) publicou no \u00faltimo s\u00e1bado (2\/12), no Di\u00e1rio Oficial Minas Gerais, a Resolu\u00e7\u00e3o SEE n\u00ba 3.660, de 1 de dezembro de 2017, que normatiza todo o funcionamento das escolas estaduais de Minas Gerais para o ano letivo de 2018.<\/p>\n<p>O documento estabelece normas para a organiza\u00e7\u00e3o do quadro de pessoal das escolas estaduais e a designa\u00e7\u00e3o para o exerc\u00edcio de fun\u00e7\u00e3o p\u00fablica na rede estadual de educa\u00e7\u00e3o b\u00e1sica.<\/p>\n<p>Segundo a resolu\u00e7\u00e3o, as vagas de designa\u00e7\u00e3o aprovadas pela SEE, definidas a partir do Plano de Atendimento para 2018 ser\u00e3o divulgadas por meio de editais em sitio eletr\u00f4nico da SEE e afixados na pr\u00f3pria escola, na Superintend\u00eancia Regional de Ensino e em locais p\u00fablicos previamente definidos.<\/p>\n<p>O cronograma para as designa\u00e7\u00f5es e as vagas dispon\u00edveis ser\u00e3o divulgados posteriormente, em data a ser definida.<\/p>\n<p><span style=\"text-decoration: underline;\"><span style=\"color: #ff0000;\"><a href=\"http:\/\/jornal.iof.mg.gov.br\/xmlui\/handle\/123456789\/192095?paginaCorrente=45&amp;posicaoPagCorrente=192098&amp;linkBase=http%3A%2F%2Fjornal.iof.mg.gov.br%3A80%2Fxmlui%2Fhandle%2F123456789%2F&amp;totalPaginas=60&amp;paginaDestino=42&amp;indice=0\" target=\"_blank\"><span style=\"color: #ff0000; text-decoration: underline;\">Clique aqui e confira a publica\u00e7\u00e3o<\/span><\/a><\/span><\/span>.<\/p>\n<p><strong>VER PRIMEIRO<\/strong><\/p>\n<p>Receba as not\u00edcias do Aconteceu no Vale em primeira m\u00e3o. Clique em curtir no endere\u00e7o <a href=\"https:\/\/www.facebook.com\/aconteceunovale\" target=\"_blank\"><font color=\"red\">www.facebook.com\/aconteceunovale<\/font><\/a> ou no box abaixo:<\/p>\n<div class=\"fb-like\" data-href=\"https:\/\/www.facebook.com\/aconteceunovale\" data-width=\"120\" data-layout=\"standard\" data-action=\"like\" data-size=\"small\" data-show-faces=\"true\" data-share=\"true\"><\/div>\n<p><\/br><\/p>\n<p><em>(Fonte: Ag\u00eancia Minas)<\/em><\/p>\n","protected":false},"excerpt":{"rendered":"<p>Est\u00e3o dispon\u00edveis para consulta as novas listagens classificat\u00f3rias das inscri\u00e7\u00f5es dos candidatos que manifestaram interesse em participar do processo de designa\u00e7\u00e3o para trabalhar na rede estadual de ensino em 2018. O sistema foi reaberto entre os dias 29 de novembro e 1\u00ba de dezembro, exclusivamente para a retifica\u00e7\u00e3o do campo \u201cData de Nascimento\u201d, constante nos [&hellip;]<\/p>\n","protected":false},"author":1,"featured_media":114832,"comment_status":"open","ping_status":"closed","sticky":false,"template":"","format":"standard","meta":{"amp_status":"","footnotes":""},"categories":[40238,123],"tags":[162781,162784,162786,162787,162785,162788,162791,162792,162780,164914,164303,162782,163634,162794,162793,162795,162958,163955,162789,162790,162783],"class_list":["post-124641","post","type-post","status-publish","format-standard","has-post-thumbnail","hentry","category-educacao-2","category-gerais","tag-como-trabalhar-na-rede-estadual-de-minas-gerais","tag-designacao-2018","tag-designacao-2018-em-minas-gerais","tag-designacao-2018-estado-de-minas","tag-designacao-2018-mg","tag-designacao-2018-minas-gerais","tag-designacao-on-line","tag-designacao-on-line-minas-gerais","tag-designacao-para-trabalhar-na-rede-estadual-de-minas-gerais","tag-estado-publica-novas-listagens-classificatorias-das-inscricoes-para-a-designacao-2018","tag-governo-de-minas-divulga-listagens-classificatorias-das-inscricoes-para-designacao-2018","tag-informacoes-sobre-como-trabalhar-na-rede-estadual-de-minas-gerais","tag-inscricoes-de-candidatos-a-designacao-2018-na-rede-estadual-de-ensino-encerram-nesta-sexta-feira","tag-inscricoes-para-designacao-2018","tag-inscricoes-para-designacao-2018-comecam-na-proxima-quarta-feira","tag-inscricoes-para-designacao-2018-em-minas-gerais","tag-interessados-ja-podem-fazer-as-inscricoes-para-a-designacao-2018-da-educacao","tag-mais-de-630-mil-pessoas-manifestaram-interesse-em-participar-do-processo-de-designacao-da-educacao","tag-site-designacao-2018","tag-site-designacao-2018-minas-gerais","tag-trabalhar-na-rede-estadual-de-minas-gerais"],"_links":{"self":[{"href":"https:\/\/aconteceunovale.com.br\/portal\/index.php?rest_route=\/wp\/v2\/posts\/124641","targetHints":{"allow":["GET"]}}],"collection":[{"href":"https:\/\/aconteceunovale.com.br\/portal\/index.php?rest_route=\/wp\/v2\/posts"}],"about":[{"href":"https:\/\/aconteceunovale.com.br\/portal\/index.php?rest_route=\/wp\/v2\/types\/post"}],"author":[{"embeddable":true,"href":"https:\/\/aconteceunovale.com.br\/portal\/index.php?rest_route=\/wp\/v2\/users\/1"}],"replies":[{"embeddable":true,"href":"https:\/\/aconteceunovale.com.br\/portal\/index.php?rest_route=%2Fwp%2Fv2%2Fcomments&post=124641"}],"version-history":[{"count":0,"href":"https:\/\/aconteceunovale.com.br\/portal\/index.php?rest_route=\/wp\/v2\/posts\/124641\/revisions"}],"wp:featuredmedia":[{"embeddable":true,"href":"https:\/\/aconteceunovale.com.br\/portal\/index.php?rest_route=\/wp\/v2\/media\/114832"}],"wp:attachment":[{"href":"https:\/\/aconteceunovale.com.br\/portal\/index.php?rest_route=%2Fwp%2Fv2%2Fmedia&parent=124641"}],"wp:term":[{"taxonomy":"category","embeddable":true,"href":"https:\/\/aconteceunovale.com.br\/portal\/index.php?rest_route=%2Fwp%2Fv2%2Fcategories&post=124641"},{"taxonomy":"post_tag","embeddable":true,"href":"https:\/\/aconteceunovale.com.br\/portal\/index.php?rest_route=%2Fwp%2Fv2%2Ftags&post=124641"}],"curies":[{"name":"wp","href":"https:\/\/api.w.org\/{rel}","templated":true}]}}