{"id":124632,"date":"2017-12-05T10:29:56","date_gmt":"2017-12-05T12:29:56","guid":{"rendered":"http:\/\/aconteceunovale.com.br\/portal\/?p=124632"},"modified":"2017-12-05T10:29:56","modified_gmt":"2017-12-05T12:29:56","slug":"governo-de-minas-divulga-tabela-do-ipva-2018","status":"publish","type":"post","link":"https:\/\/aconteceunovale.com.br\/portal\/?p=124632","title":{"rendered":"Governo de Minas divulga tabela do IPVA 2018"},"content":{"rendered":"<p>A escala de pagamento do Imposto sobre Propriedade de Ve\u00edculos Automotores (IPVA) 2018 come\u00e7a no dia 10 de janeiro, para os ve\u00edculos de Minas Gerais com placas de finais 1 e 2. O contribuinte que decidir quitar o imposto \u00e0 vista ter\u00e1 3% de desconto. J\u00e1 quem optar por parcelar o d\u00e9bito, dever\u00e1 pagar a segunda e terceira parcelas em fevereiro e mar\u00e7o.<\/p>\n<p>A novidade anunciada pela\u00a0<span style=\"color: #ff0000;\"><a href=\"http:\/\/www.fazenda.mg.gov.br\/\" target=\"_blank\"><span style=\"color: #ff0000;\">Secretaria de Estado de Fazenda (SEF)<\/span><\/a><\/span>\u00a0nesta segunda-feira (4\/12) \u00e9 um desconto extra, que ser\u00e1 concedido a partir de 2019. O benef\u00edcio ser\u00e1 autom\u00e1tico, de 3%, para quem est\u00e1 em dia com o imposto, as taxas e eventuais multas do exerc\u00edcio de 2017 e pagar dentro do prazo todos os tributos de 2018 referentes \u00e0 posse do ve\u00edculo. Quem se mantiver adimplente, tamb\u00e9m ter\u00e1 direito a esse benef\u00edcio nos anos seguintes.<\/p>\n<p>\u201cO objetivo \u00e9 criar a figura do bom pagador, incentivar a adimpl\u00eancia e premiar o contribuinte que cumpre suas obriga\u00e7\u00f5es tribut\u00e1rias em dia\u201d, salientou o subsecret\u00e1rio da Receita Estadual, Jo\u00e3o Alberto Vizzotto. O benef\u00edcio \u00e9 cumulativo ao desconto para o pagamento do IPVA \u00e0 vista. Para mais informa\u00e7\u00f5es, sobre o programa de desconto, acesse o site da Secretaria de Fazenda.<\/p>\n<p><img decoding=\"async\" src=\"http:\/\/aconteceunovale.com.br\/portal\/wp-content\/uploads\/2017\/12\/escala_ipva.jpg\" alt=\"\" \/><\/p>\n<p>A tabela contendo as bases de c\u00e1lculo e os valores do IPVA dispon\u00edvel no Di\u00e1rio Eletr\u00f4nico da Secretaria de Estado de Fazenda (<span style=\"color: #ff0000;\"><a href=\"http:\/\/diarioeletronico.fazenda.mg.gov.br\/\" target=\"_blank\"><span style=\"color: #ff0000;\">diarioeletronico.fazenda.mg.gov.br<\/span><\/a><\/span>). Em compara\u00e7\u00e3o com o IPVA 2017, houve uma redu\u00e7\u00e3o m\u00e9dia de 2,98% da base de c\u00e1lculo adotada.<\/p>\n<p>A apura\u00e7\u00e3o do valor venal da frota, que serve de base para o c\u00e1lculo do IPVA, foi feita por t\u00e9cnicos da SEF, subsidiada por pesquisa de mercado da Funda\u00e7\u00e3o Instituto de Pesquisas Econ\u00f4micas (FIPE), do Departamento de Economia da Faculdade de Economia, Administra\u00e7\u00e3o e Contabilidade da Universidade de S\u00e3o Paulo (FEA-USP).<\/p>\n<p>A \u00fanica mudan\u00e7a em rela\u00e7\u00e3o ao IPVA 2017 \u00e9 a al\u00edquota das caminhonetes cabine dupla e cabine estendida, que passa de 3% para 4%. \u201cEntendemos que essas caminhonetes se enquadram na categoria de ve\u00edculos de passeio, cuja al\u00edquota \u00e9 de 4%. Os ve\u00edculos utilit\u00e1rios, aqueles empregados para o trabalho, permanecem com a al\u00edquota de 3%\u201d, explicou o subsecret\u00e1rio Jo\u00e3o Alberto Vizzotto.<\/p>\n<p>O valor emitido do IPVA para 2018 \u00e9 de R$ 5,12 bilh\u00f5es para um total de 9,7 milh\u00f5es de ve\u00edculos emplacados at\u00e9 20 de outubro deste ano. Um crescimento de 3,89% na frota, que significa 365 mil autom\u00f3veis a mais no Estado. Em compara\u00e7\u00e3o com o IPVA 2017, a previs\u00e3o \u00e9 de arrecada\u00e7\u00e3o 10,41% maior, proporcionando um incremento de R$ 483 milh\u00f5es.<\/p>\n<p><strong>Destina\u00e7\u00e3o da Receita do IPVA<\/strong><\/p>\n<p>Do total do valor apurado com o IPVA, 20% s\u00e3o repassados ao Fundo de Manuten\u00e7\u00e3o e Desenvolvimento da Educa\u00e7\u00e3o B\u00e1sica e de Valoriza\u00e7\u00e3o dos Profissionais de Educa\u00e7\u00e3o (Fundeb); 40% ao caixa \u00fanico do Estado e 40% para o munic\u00edpio de licenciamento do ve\u00edculo.<\/p>\n<p><strong>\u00a0Pagamento<\/strong><\/p>\n<p>O pagamento do IPVA 2018 pode ser feito a partir desta segunda-feira (4\/12), diretamente nos terminais de autoatendimento ou guich\u00eas dos agentes arrecadadores autorizados &#8211; Bradesco, Mercantil do Brasil, Caixa Econ\u00f4mica Federal, Casas Lot\u00e9ricas, Mais BB, Banco Postal, Santander e SICOOB -, bastando informar o n\u00famero do RENAVAM do ve\u00edculo.<\/p>\n<p>A emiss\u00e3o da guia de arrecada\u00e7\u00e3o do IPVA 2018 tamb\u00e9m poder\u00e1 ser feita pelo site da SEF (<span style=\"color: #ff0000;\"><a href=\"http:\/\/www.fazenda.mg.gov.br\/\" target=\"_blank\"><span style=\"color: #ff0000;\">www.fazenda.mg.gov.br<\/span><\/a><\/span>), nas Reparti\u00e7\u00f5es Fazend\u00e1rias ou nas Unidades de Atendimento Integrado (UAI).<\/p>\n<p>O n\u00e3o pagamento do IPVA nos prazos estabelecidos gera multa de 0,3% ao dia (at\u00e9 o 30\u00ba dia), e de 20% ap\u00f3s o 30\u00ba dia. Os juros s\u00e3o calculados sobre o valor do imposto ou das parcelas, acrescido da multa, pela taxa referencial do Sistema Especial de Liquida\u00e7\u00e3o e Custodia (Selic).<\/p>\n<p>As consultas de valores do IPVA 2018 podem ser feitas pelo RENAVAM no site da SEF (<span style=\"color: #ff0000;\"><a href=\"http:\/\/www.fazenda.mg.gov.br\/\" target=\"_blank\"><span style=\"color: #ff0000;\">www.fazenda.mg.gov.br<\/span><\/a><\/span>), pelo telefone 155 do LIGMINAS ou no aplicativo IPVA-MG, para smartphones e tablets, dispon\u00edvel para baixar gratuitamente nas vers\u00f5es Android, IOS e Windows Phone.<\/p>\n<p><strong>Taxa de Licenciamento<\/strong><\/p>\n<p>O valor da Taxa de Renova\u00e7\u00e3o do Licenciamento Anual de Ve\u00edculo (TRLAV) ser\u00e1 de R$ 92,66 mesmo valor do ano de 2017. O valor total emitido da TRLAV para 2018 \u00e9 de R$ 907 milh\u00f5es. Em rela\u00e7\u00e3o a 2017, o aumento foi de R$ 25 milh\u00f5es (2,94%).<\/p>\n<p>O vencimento da TRLAV ser\u00e1 no dia 2 de abril e, assim como o IPVA 2018, a taxa poder\u00e1 ser paga a partir de 4\/12, diretamente nos terminais de autoatendimento ou guich\u00eas dos agentes arrecadadores autorizados.<\/p>\n<p>Para a TRLAV, a multa por atraso \u00e9 de 0,15% ao dia (at\u00e9 o 30\u00ba dia), 9% do 31\u00ba at\u00e9 o 60\u00ba e 12% a partir do 61\u00ba dia. Os juros tamb\u00e9m s\u00e3o calculados pela taxa referencial do Sistema Especial de Liquida\u00e7\u00e3o e Custodia (SELIC).<\/p>\n","protected":false},"excerpt":{"rendered":"<p>A escala de pagamento do Imposto sobre Propriedade de Ve\u00edculos Automotores (IPVA) 2018 come\u00e7a no dia 10 de janeiro, para os ve\u00edculos de Minas Gerais com placas de finais 1 e 2. O contribuinte que decidir quitar o imposto \u00e0 vista ter\u00e1 3% de desconto. J\u00e1 quem optar por parcelar o d\u00e9bito, dever\u00e1 pagar a [&hellip;]<\/p>\n","protected":false},"author":1,"featured_media":124634,"comment_status":"open","ping_status":"closed","sticky":false,"template":"","format":"standard","meta":{"amp_status":"","footnotes":""},"categories":[123],"tags":[164910,164909,164900,164899,164903,164901,164902,164911,164908,164906,164907,164904,164905],"class_list":["post-124632","post","type-post","status-publish","format-standard","has-post-thumbnail","hentry","category-gerais","tag-aplicativo-ipva-mg","tag-app-ipva-mg","tag-escala-de-pagamento-do-imposto-sobre-propriedade-de-veiculos-automotores","tag-escala-de-pagamento-do-imposto-sobre-propriedade-de-veiculos-automotores-2018","tag-escala-de-pagamento-do-ipva-2018","tag-escala-ipva","tag-escala-ipva-2018","tag-governo-de-minas-divulga-tabela-do-ipva-2018","tag-ipva-mg","tag-qual-o-valor-do-ipva-2018","tag-saber-o-valor-do-ipva-2018","tag-valor-do-ipva-2018","tag-valor-do-ipva-por-veiculo"],"_links":{"self":[{"href":"https:\/\/aconteceunovale.com.br\/portal\/index.php?rest_route=\/wp\/v2\/posts\/124632","targetHints":{"allow":["GET"]}}],"collection":[{"href":"https:\/\/aconteceunovale.com.br\/portal\/index.php?rest_route=\/wp\/v2\/posts"}],"about":[{"href":"https:\/\/aconteceunovale.com.br\/portal\/index.php?rest_route=\/wp\/v2\/types\/post"}],"author":[{"embeddable":true,"href":"https:\/\/aconteceunovale.com.br\/portal\/index.php?rest_route=\/wp\/v2\/users\/1"}],"replies":[{"embeddable":true,"href":"https:\/\/aconteceunovale.com.br\/portal\/index.php?rest_route=%2Fwp%2Fv2%2Fcomments&post=124632"}],"version-history":[{"count":0,"href":"https:\/\/aconteceunovale.com.br\/portal\/index.php?rest_route=\/wp\/v2\/posts\/124632\/revisions"}],"wp:featuredmedia":[{"embeddable":true,"href":"https:\/\/aconteceunovale.com.br\/portal\/index.php?rest_route=\/wp\/v2\/media\/124634"}],"wp:attachment":[{"href":"https:\/\/aconteceunovale.com.br\/portal\/index.php?rest_route=%2Fwp%2Fv2%2Fmedia&parent=124632"}],"wp:term":[{"taxonomy":"category","embeddable":true,"href":"https:\/\/aconteceunovale.com.br\/portal\/index.php?rest_route=%2Fwp%2Fv2%2Fcategories&post=124632"},{"taxonomy":"post_tag","embeddable":true,"href":"https:\/\/aconteceunovale.com.br\/portal\/index.php?rest_route=%2Fwp%2Fv2%2Ftags&post=124632"}],"curies":[{"name":"wp","href":"https:\/\/api.w.org\/{rel}","templated":true}]}}