{"id":124625,"date":"2017-12-04T23:41:10","date_gmt":"2017-12-05T01:41:10","guid":{"rendered":"http:\/\/aconteceunovale.com.br\/portal\/?p=124625"},"modified":"2017-12-04T23:41:10","modified_gmt":"2017-12-05T01:41:10","slug":"morre-mais-uma-vitima-do-incendio-criminoso-em-creche-de-janauba-2","status":"publish","type":"post","link":"https:\/\/aconteceunovale.com.br\/portal\/?p=124625","title":{"rendered":"Morre mais uma v\u00edtima do inc\u00eandio criminoso em creche de Jana\u00faba"},"content":{"rendered":"<p>Subiu para 13 o n\u00famero de pessoas mortas em decorr\u00eancia do inc\u00eandio criminoso na creche Gente Inocente em Jana\u00faba, provocado pelo vigia Dami\u00e3o Soares dos Santos, de 50 anos, na manh\u00e3 de 5 de outubro. Na tarde desta segunda-feira, morreu a auxiliar de professora J\u00e9ssica Morgana Silva Santos, de 23, que estava internada em estado grave na Santa Casa de Montes Claros. O \u00f3bito dela foi confirmado pela Prefeitura de Jana\u00faba.  A trag\u00e9dia completa dois meses nesta ter\u00e7a-feira.<\/p>\n<p>Por ocasi\u00e3o da trag\u00e9dia, al\u00e9m do autor do ataque,  morreram nove crian\u00e7as e a professora Heley Abreu Batista, de 43 anos, que perdeu a vida tentando salvar os seus alunos.  No dia 6 de novembro, a auxiliar professora Geni Oliveira Lopes Martins, de 63, que tamb\u00e9m trabalhava na institui\u00e7\u00e3o, morreu depois de permanecer internada durante 31 dias no Hospital Jo\u00e3o XXII (HPS), em Belo Horizonte. Mais de 40 pessoas ficaram feridas no triste acontecimento, que causou como\u00e7\u00e3o no Brasil e no mundo.<\/p>\n<p>Cinco v\u00edtimas que ficaram gravemente feridas no inc\u00eandio e seguem internadas: duas crian\u00e7as na Santa Casa de Montes Claros e outras tr\u00eas v\u00edtimas (uma mulher e de duas crian\u00e7as) no HPS na capital.<\/p>\n<p><img decoding=\"async\" src=\"http:\/\/aconteceunovale.com.br\/portal\/wp-content\/uploads\/2017\/12\/vitima_gente_inocente.jpg\" alt=\"\" \/><em>A morte de J\u00e9ssica deixou a cidade novamente de luto (Foto: Reprodu\u00e7\u00e3o\/Facebook)<\/em><br \/>\n<\/br><\/p>\n<p><strong>Indeniza\u00e7\u00f5es para v\u00edtimas do inc\u00eandio criminoso<\/strong><\/p>\n<p>Nesta segunda-feira, a Prefeitura de Jana\u00faba anunciou a assinatura de um Termo de Ajustamento de Conduta (TAC) com o Minist\u00e9rio Publico de Minas Gerais (MPMG) para o pagamento de indeniza\u00e7\u00f5es as v\u00edtimas ao inc\u00eandio criminoso na Creche Gente Inocente.<\/p>\n<p>De acordo com o Termo de Ajustamento de Conduta, o Munic\u00edpio vai pagar R$ 12 mil, divididos em 12 parcelas, ao longo de janeiro a dezembro de 2018 para cada fam\u00edlia das crian\u00e7as mortas na trag\u00e9dia. As v\u00edtimas que sofreram queimaduras de primeiro, segundo e terceiro graus e que tiveram \u201cincapacidade laboral por mais 30 dias ou \u201coutra forma de les\u00e3o corporal de natureza grave ou grav\u00edssima\u201d, tamb\u00e9m v\u00e3o receber igual montante.<\/p>\n<p>O mesmo valor ser\u00e1 pago \u00e0s fam\u00edlias da professora Heley Abreu Batista, de 42 anos, que morreu queimada ao tentar salvar as crian\u00e7as da creche; e para os familiares da auxiliar de professora Geni Oliveira Lopes Martins, de 63 anos, que tamb\u00e9m trabalhava na institui\u00e7\u00e3o e morreu depois de permanecer internada durante 31 dias em hospital em Belo Horizonte.<\/p>\n<p>Ainda conforme o documento, ser\u00e3o pagos R$ 6 mil, tamb\u00e9m divididos em 12 parcelas ao longo do pr\u00f3ximo ano, para as demais v\u00edtimas que tiveram algum ferimento na trag\u00e9dia.  Os pagamentos ser\u00e3o feitos sempre no \u00faltimo dia \u00fatil de cada m\u00eas. Desta forma, a primeira parcela ser\u00e1 paga no final de janeiro. <\/p>\n<p>O vel\u00f3rio de J\u00e9ssica ser\u00e1 na igrejinha da Pra\u00e7a Doutor Rockert, em frente a prefeitura de Jana\u00faba. Parentes ainda aguardam a libera\u00e7\u00e3o do corpo no IML em Montes Claros, para definir o hor\u00e1rio do enterro. <\/p>\n<p><strong>VER PRIMEIRO<\/strong><\/p>\n<p>Receba as not\u00edcias do Aconteceu no Vale em primeira m\u00e3o. Clique em curtir no endere\u00e7o <a href=\"https:\/\/www.facebook.com\/aconteceunovale\" target=\"_blank\"><font color=\"red\">www.facebook.com\/aconteceunovale<\/font><\/a> ou no box abaixo:<\/p>\n<div class=\"fb-like\" data-href=\"https:\/\/www.facebook.com\/aconteceunovale\" data-width=\"120\" data-layout=\"standard\" data-action=\"like\" data-size=\"small\" data-show-faces=\"true\" data-share=\"true\"><\/div>\n<p><\/br><\/p>\n<p><em>(Fonte: Estado de Minas \/ Rep\u00f3rter: Luiz Ribeiro)<\/em><\/p>\n","protected":false},"excerpt":{"rendered":"<p>Subiu para 13 o n\u00famero de pessoas mortas em decorr\u00eancia do inc\u00eandio criminoso na creche Gente Inocente em Jana\u00faba, provocado pelo vigia Dami\u00e3o Soares dos Santos, de 50 anos, na manh\u00e3 de 5 de outubro. Na tarde desta segunda-feira, morreu a auxiliar de professora J\u00e9ssica Morgana Silva Santos, de 23, que estava internada em estado [&hellip;]<\/p>\n","protected":false},"author":1,"featured_media":124626,"comment_status":"open","ping_status":"closed","sticky":false,"template":"","format":"standard","meta":{"amp_status":"","footnotes":""},"categories":[1236],"tags":[161971,161694,161579,162118,162804,162802,162483,162482,161478,161573,161970,161780,139815,161582,161451,161695,161439,161598,163212,161596,161717,161565,161446,161585,161600,161453,161470,1018,161587,161580,161696,161578,162798,161586,162800,161452,68838,124965,163452,161444,161460,161459,161801,162801,162119,161436,162507,162799,161778,161779,57912,161477,695,161576,204,164890,161481,161480,161574,161961,162805,161479,161484,162097,161503,161572,1168,124961,162806,93873,20181,161781,131,22390,19326,161476,161588,43720,34259,162182,162183,162184,161733,163453,161456,161441,161443,161442,33341,161583,161584,33228,161715,161577,161455,161716,163340,161571,1530,161570,161483,161597,161440,161445,162797,161438,161437,161482,162181,162803,162836,161575],"class_list":["post-124625","post","type-post","status-publish","format-standard","has-post-thumbnail","hentry","category-norte_de_minas","tag-16-vitimas-do-ataque-em-creche-de-janauba-permanecem-internadas","tag-23-pessoas-ja-receberam-alta-medica-e-24-continuam-internadas-apos-ataque-em-creche-de-janauba","tag-a-conduta-dela-foi-heroica","tag-a-vida-e-o-sonho-da-professora-heley-batista","tag-agraciados-medalha-santos-dumont","tag-aline-cristina-mendes-santos","tag-alunos-de-creche-incendiada-em-janauba-voltam-as-aulas","tag-alunos-de-creche-incendiada-em-janauba-voltam-as-aulas-nesta-quinta-feira","tag-ana-clara-ferreira-silva","tag-andrea-rodrigues-moncao","tag-apos-uma-semana","tag-ataque-a-creche","tag-bruno-fernandes-barbosa","tag-campanha-busca-ajudar-familiares-e-vitimas-do-ataque-em-creche-de-janauba","tag-carlos-isaildon-mendes","tag-cecilia-davina-goncalves-dias","tag-centro-municipal-de-educacao-infantil-gente-inocente","tag-chega-a-10-o-numero-de-mortes-apos-incendio-criminoso-em-creche-de-janauba","tag-comeca-a-reconstrucao-da-creche-incendiada-pro-vigia-em-janauba","tag-creche","tag-creche-deve-receber-nome-da-professora","tag-creche-gente-inocente","tag-creche-gente-inocente-janauba","tag-creche-incendiada-por-vigia-em-janauba-nao-tinha-extintor-e-nem-alvara-corpo-de-bombeiros","tag-criancas-vitimas-de-tragedia-em-creche-deixam-hospital-em-janauba","tag-damiao-soares-dos-santos","tag-deputados-prestam-solidariedade-a-vitimas-de-janauba","tag-destaque","tag-disse-vigia-antes-de-atear-fogo-em-creche","tag-diz-delegado-sobre-professora-que-morreu-apos-ataque-em-creche-de-janauba","tag-ela-era-a-alegria-de-todos-a-dor-da-familia-da-crianca-dada-por-morta-antes-da-hora-apos-ataque-em-janauba","tag-eliane-ramos-dias","tag-entrega-da-medalha-santos-dumont","tag-eu-vou-dar-picole-para-voces","tag-fazenda-cabangu","tag-fernando-pimentel-vai-a-janauba-e-michel-temer-lamenta-tragedia-com-criancas","tag-fundajan","tag-ganhadores-da-medalha-santos-dumont","tag-geni-oliveira-lopes-martins","tag-gente-inocente","tag-governo-de-minas-decreta-luto-oficial-de-tres-dias-apos-tragedia-com-criancas-em-janauba","tag-governo-de-minas-decreta-luto-oficial-de-tres-dias-apos-tragedia-em-janauba","tag-governo-federal-libera-r-8-7-milhoes-para-acoes-de-apoio-a-tragedia-de-janauba","tag-heley-de-abreu","tag-heroina-do-ataque-a-creche-em-janauba","tag-homem-ateia-fogo-em-creche-e-mata-criancas-em-janauba","tag-homem-e-detido-em-janauba-por-ameacar-atear-fogo-em-creche","tag-homenageados-com-a-medalha-santos-dumont","tag-hospitais-de-janauba-alertam-para-atrasos-em-repasses-financeiros","tag-hospitais-de-janauba-alertam-para-precariedade-financeira","tag-hospital-regional-de-janauba","tag-iml-divulga-nomes-das-quatro-criancas-mortas-em-creche-de-janauba","tag-incendio","tag-italo-raique-dos-anjos-dias","tag-janauba","tag-jessica-morgana-silva-santos","tag-juan-miguel-soares-silva","tag-juan-pablo-cruz-dos-santos","tag-kaio-phierre-dos-santos","tag-leia-a-carta-que-o-papa-francisco-mandou-para-as-vitimas-do-incendio-criminoso-em-janauba","tag-lista-de-agraciados-com-a-medalha-santos-dumont","tag-luiz-davi-carlos-rodrigues","tag-mais-duas-criancas-e-professora-morrem-apos-ataque-em-creche-de-janauba","tag-mais-duas-criancas-vitimas-do-incendio-criminoso-em-creche-de-janauba-recebem-alta","tag-mais-uma-crianca-e-professora-morrem-apos-ataque-em-creche-de-janauba","tag-maria-rita-barbosa-souza","tag-mec","tag-medalha-santos-dumont","tag-medalha-santos-dumont-2017","tag-mendonca-filho","tag-michel-temer","tag-michel-temer-determina-auxilio-aos-afetados-pelo-incendio-criminoso-em-creche-de-janauba","tag-minas-gerais","tag-ministerio-da-educacao","tag-ministerio-da-saude","tag-ministerio-publico-designa-promotores-de-justica-para-acompanhar-caso-de-incendio-criminoso-em-creche-de-janauba","tag-ministerio-publico-instaura-inqueritos-para-apurar-fatos-relacionados-a-tragedia-de-janauba","tag-ministro-da-educacao","tag-ministro-da-saude","tag-ministro-diz-que-mec-vai-acelerar-analise-de-projetos-para-janauba","tag-ministro-visita-a-creche-gente-inocente","tag-ministro-visita-a-creche-gente-inocente-e-diz-que-mec-vai-acelerar-analise-de-projetos-para-janauba","tag-morre-mais-uma-crianca-vitima-do-incendio-criminoso-em-creche-de-janauba","tag-morre-mais-uma-vitima-do-incendio-criminoso-em-creche-de-janauba","tag-morre-vigia-que-ateou-fogo-em-creche-e-matou-criancas-em-janauba","tag-morte-de-criancas-em-creche-de-janauba","tag-morte-de-criancas-em-janauba","tag-morte-de-criancas-no-centro-municipal-de-educacao-infantil-gente-inocente","tag-mortes","tag-multidao-acompanha-cortejo-de-professora-morta-no-ataque-em-creche-de-janauba","tag-multidao-se-despede-de-professora-morta-no-ataque-em-creche-de-janauba","tag-no-norte-de-minas","tag-ordem-nacional-do-merito","tag-patricia-dias-de-oliveira","tag-prefeitura-de-janauba-decreta-luto-oficial-de-sete-dias-apos-tragedia-com-criancas","tag-presidente-concede-ordem-nacional-do-merito-a-professora-que-morreu-apos-salvar-criancas-em-janauba","tag-professora-vitima-de-incendio-criminoso-em-creche-de-janauba-recebe-alta","tag-rosangela-souza-barbosa","tag-santos-dumont","tag-sobe-para-nove-o-numero-de-mortos-apos-ataque-em-creche-de-janauba","tag-sobe-para-seis-o-numero-de-criancas-mortas-apos-ataque-em-creche-de-janauba","tag-talita-vitoria-bispo","tag-tragedia-centro-municipal-de-educacao-infantil-gente-inocente","tag-tragedia-creche-gente-inocente-janauba","tag-tragedia-de-janauba","tag-tragedia-em-creche-de-janauba","tag-tragedia-em-janauba","tag-vigia-premeditou-ataque-a-creche-e-trancou-portas-antes-de-atear-fogo","tag-visita-do-ministro-mendonca-filho","tag-vitimas-da-tragedia-de-janauba-serao-homenageadas-na-solenidade-de-entrega-da-medalha-santos-dumont","tag-vitimas-e-pessoas-que-participaram-dos-trabalhos-de-resgate-e-socorro-medico-na-tragedia-de-janauba-serao-homenageados-pelo-governo-de-minas-gerais-na-solenidade-de-entrega-da-medalha-santos-dumont","tag-weberty-kaique-dos-anjos-dias"],"_links":{"self":[{"href":"https:\/\/aconteceunovale.com.br\/portal\/index.php?rest_route=\/wp\/v2\/posts\/124625","targetHints":{"allow":["GET"]}}],"collection":[{"href":"https:\/\/aconteceunovale.com.br\/portal\/index.php?rest_route=\/wp\/v2\/posts"}],"about":[{"href":"https:\/\/aconteceunovale.com.br\/portal\/index.php?rest_route=\/wp\/v2\/types\/post"}],"author":[{"embeddable":true,"href":"https:\/\/aconteceunovale.com.br\/portal\/index.php?rest_route=\/wp\/v2\/users\/1"}],"replies":[{"embeddable":true,"href":"https:\/\/aconteceunovale.com.br\/portal\/index.php?rest_route=%2Fwp%2Fv2%2Fcomments&post=124625"}],"version-history":[{"count":0,"href":"https:\/\/aconteceunovale.com.br\/portal\/index.php?rest_route=\/wp\/v2\/posts\/124625\/revisions"}],"wp:featuredmedia":[{"embeddable":true,"href":"https:\/\/aconteceunovale.com.br\/portal\/index.php?rest_route=\/wp\/v2\/media\/124626"}],"wp:attachment":[{"href":"https:\/\/aconteceunovale.com.br\/portal\/index.php?rest_route=%2Fwp%2Fv2%2Fmedia&parent=124625"}],"wp:term":[{"taxonomy":"category","embeddable":true,"href":"https:\/\/aconteceunovale.com.br\/portal\/index.php?rest_route=%2Fwp%2Fv2%2Fcategories&post=124625"},{"taxonomy":"post_tag","embeddable":true,"href":"https:\/\/aconteceunovale.com.br\/portal\/index.php?rest_route=%2Fwp%2Fv2%2Ftags&post=124625"}],"curies":[{"name":"wp","href":"https:\/\/api.w.org\/{rel}","templated":true}]}}