{"id":124622,"date":"2017-12-04T23:28:13","date_gmt":"2017-12-05T01:28:13","guid":{"rendered":"http:\/\/aconteceunovale.com.br\/portal\/?p=124622"},"modified":"2017-12-04T23:28:13","modified_gmt":"2017-12-05T01:28:13","slug":"chuva-mata-duas-pessoas-em-minas-defesa-civil-investiga-mais-cinco-casos","status":"publish","type":"post","link":"https:\/\/aconteceunovale.com.br\/portal\/?p=124622","title":{"rendered":"Chuva mata duas pessoas em Minas; Defesa Civil investiga mais cinco casos"},"content":{"rendered":"<p>Desde o in\u00edcio do per\u00edodo chuvoso em Minas Gerais, no come\u00e7o de outubro, cinco pessoas morreram por causa dos temporais, duas delas nos primeiros quatro dias de dezembro. Segundo a Coordenadoria Estadual de Defesa Civil de Minas Gerais, mais cinco pessoas podem ter morrido devido \u00e0 forte chuva que atingiu o estado desde a noite de ontem (3).<\/p>\n<p>Em Vespasiano, na regi\u00e3o metropolitana de Belo Horizonte, um homem est\u00e1 desaparecido desde a noite de domingo ap\u00f3s cair em uma enxurrada, pr\u00f3ximo a Lagoa do Morro Alto. As buscas est\u00e3o em andamento. Em Uruc\u00e2nia, na Zona da Mata, os bombeiros buscam duas crian\u00e7as e uma mulher que teriam desaparecido na tarde de hoje (4) durante a chuva. Em S\u00e3o Pedro dos Ferros, tamb\u00e9m na Zona da Mata, o corpo de um idoso de 80 anos foi encontrado hoje ap\u00f3s uma chuva intensa e h\u00e1 suspeita de que tenha falecido em decorr\u00eancia da chuva.<\/p>\n<p>De acordo com o boletim da Defesa Civil de Minas, duas das cinco mortes registradas at\u00e9 agora por causa das chuvas foram confirmadas hoje. Em Ribeir\u00e3o das Neves, pr\u00f3ximo a Belo Horizonte, uma v\u00edtima identificada apenas como Joanita, de aproximadamente 80 anos, teve sua casa alagada neste domingo, n\u00e3o conseguiu deixar o local e morreu afogada. Ela foi encontrada j\u00e1 sem vida pelos bombeiros e equipe do Servi\u00e7o de Atendimento M\u00f3vel de Urg\u00eancia (Samu).<\/p>\n<p>No s\u00e1bado (2), a Pol\u00edcia Militar de Perdizes, no Tri\u00e2ngulo Mineiro, foi chamada para procurar um menino de 6 anos de havia ca\u00eddo em um bueiro e sido arrastado pela enxurrada A crian\u00e7a foi localizada sem vida a aproximadamente 300 metros do local onde caiu.<\/p>\n<p><img decoding=\"async\" src=\"http:\/\/aconteceunovale.com.br\/portal\/wp-content\/uploads\/2017\/12\/enchente_mg_1.jpeg\" alt=\"\" \/><em>Enchente em Rio Casca (MG) &#8211; Foto: Reprodu\u00e7\u00e3o\/WhatsApp<\/em><br \/>\n<\/br><\/p>\n<p><strong>Belo Horizonte<\/strong><\/p>\n<p>A Defesa Civil de Belo Horizonte est\u00e1 em estado de alerta por causa das chuvas fortes dos \u00faltimos dias e que devem continuar at\u00e9 o fim desta semana. O subsecret\u00e1rio municipal de Prote\u00e7\u00e3o e Defesa Civil, coronel Alexandre Lucas Alves, informou que nos quatro primeiros dias de dezembro, a Defesa Civil da capital recebeu 319 ocorr\u00eancias relativas a alagamentos, deslizamentos de encostras, eros\u00e3o, queda de muro de arrimo e queda de \u00e1rvores. \u201cTemos registro de uma fam\u00edlia com ferimentos leves, mas felizmente n\u00e3o houve v\u00edtimas fatais no munic\u00edpio\u201d, disse, referindo-se \u00e0 queda parcial de uma resid\u00eancia localizada no bairro Minas Caixa.<\/p>\n<p>Na regi\u00e3o oeste da capital mineira, choveu 292 mil\u00edmetros (mm) em quatro dias, 91% do que estava previsto para o m\u00eas inteiro. Na regi\u00e3o noroeste da cidade, j\u00e1 choveu 80% do previsto para o m\u00eas. A m\u00e9dia climatol\u00f3gica prevista para dezembro em Belo Horizonte \u00e9 de 319,4 mm. \u201cA previs\u00e3o \u00e9 que chova 80 mm at\u00e9 amanh\u00e3. E a previs\u00e3o de chuva at\u00e9 sexta feira \u00e9 de mais 100 mm. A cidade est\u00e1 em alerta\u201d, disse Alves.<\/p>\n<p>Segundo o subsecret\u00e1rio de Defesa Civil, Belo Horizonte \u00e9 cortada por mais de 700 quil\u00f4metros de rios e c\u00f3rregos, o que aumenta a possibilidade de transbordamentos. \u201c\u00c9 uma cidade com muitos cursos d&#8217;\u00e1gua, alguns tampados e outros a c\u00e9u aberto, ent\u00e3o n\u00f3s tivemos importantes c\u00f3rregos que transbordaram e causaram alagamentos em casas e a gente est\u00e1 fazendo o atendimento dessas fam\u00edlias\u201d.<\/p>\n<p>Por causa do alagamento de algumas vias, o transporte p\u00fablico de Belo Horizonte tem sofrido algumas altera\u00e7\u00f5es \u201cAs mudan\u00e7as j\u00e1 fazem parte do nosso plano de conting\u00eancia, temos os 80 pontos de inunda\u00e7\u00e3o da cidade mapeados e quando precisamos fazer o fechamento preventivo, os itiner\u00e1rios alternativos j\u00e1 est\u00e3o planejados\u201d, disse o subsecret\u00e1rio.<\/p>\n<p><strong>Sobrevoo<\/strong><\/p>\n<p>Nesta segunda-feira, os ministros da Integra\u00e7\u00e3o Nacional, Helder Barbalho, e das Cidades, Alexandre Baldy, sobrevoaram a regi\u00e3o metropolitana de Belo Horizonte para verificar o impacto das chuvas no munic\u00edpio de Ribeir\u00e3o das Neves, o mais afetado pelos temporais dos \u00faltimos dias. O munic\u00edpio decretou situa\u00e7\u00e3o de emerg\u00eancia na quinta-feira (30).<\/p>\n<p>Segundo a Coordenadoria Estadual de Defesa Civil, 80 pessoas est\u00e3o desalojadas e 12 est\u00e3o desabrigadas em Ribeir\u00e3o das Neves. Quatro casas foram destru\u00eddas e 181 danificadas, al\u00e9m de estragos em um hospital e quatro escolas municipais.<\/p>\n<p><strong>VER PRIMEIRO<\/strong><\/p>\n<p>Receba as not\u00edcias do Aconteceu no Vale em primeira m\u00e3o. Clique em curtir no endere\u00e7o <a href=\"https:\/\/www.facebook.com\/aconteceunovale\" target=\"_blank\"><font color=\"red\">www.facebook.com\/aconteceunovale<\/font><\/a> ou no box abaixo:<\/p>\n<div class=\"fb-like\" data-href=\"https:\/\/www.facebook.com\/aconteceunovale\" data-width=\"120\" data-layout=\"standard\" data-action=\"like\" data-size=\"small\" data-show-faces=\"true\" data-share=\"true\"><\/div>\n<p><\/br><\/p>\n<p><em>(Fonte: Ag\u00eancia Brasil)<\/em><\/p>\n","protected":false},"excerpt":{"rendered":"<p>Desde o in\u00edcio do per\u00edodo chuvoso em Minas Gerais, no come\u00e7o de outubro, cinco pessoas morreram por causa dos temporais, duas delas nos primeiros quatro dias de dezembro. Segundo a Coordenadoria Estadual de Defesa Civil de Minas Gerais, mais cinco pessoas podem ter morrido devido \u00e0 forte chuva que atingiu o estado desde a noite [&hellip;]<\/p>\n","protected":false},"author":1,"featured_media":124623,"comment_status":"open","ping_status":"closed","sticky":false,"template":"","format":"standard","meta":{"amp_status":"","footnotes":""},"categories":[123],"tags":[194,1017,61404,128824,164889,1191,19650,164887,1018,164886,128825,119074,1777,15513,1778,164888],"class_list":["post-124622","post","type-post","status-publish","format-standard","has-post-thumbnail","hentry","category-gerais","tag-belo-horizonte","tag-bh","tag-chuva-em-belo-horizonte","tag-chuva-em-bh","tag-chuva-mata-duas-pessoas-em-minas-defesa-civil-investiga-mais-cinco-casos","tag-chuvas","tag-defesa-civil","tag-desabamentos","tag-destaque","tag-estragos-chuva-em-belo-horizonte","tag-estragos-da-chuva-em-bh","tag-periodo-chuvoso-em-minas-gerais","tag-sao-pedro-dos-ferros","tag-urucania","tag-vespasiano","tag-vitimas-do-periodo-chuvoso-em-minas-gerais"],"_links":{"self":[{"href":"https:\/\/aconteceunovale.com.br\/portal\/index.php?rest_route=\/wp\/v2\/posts\/124622","targetHints":{"allow":["GET"]}}],"collection":[{"href":"https:\/\/aconteceunovale.com.br\/portal\/index.php?rest_route=\/wp\/v2\/posts"}],"about":[{"href":"https:\/\/aconteceunovale.com.br\/portal\/index.php?rest_route=\/wp\/v2\/types\/post"}],"author":[{"embeddable":true,"href":"https:\/\/aconteceunovale.com.br\/portal\/index.php?rest_route=\/wp\/v2\/users\/1"}],"replies":[{"embeddable":true,"href":"https:\/\/aconteceunovale.com.br\/portal\/index.php?rest_route=%2Fwp%2Fv2%2Fcomments&post=124622"}],"version-history":[{"count":0,"href":"https:\/\/aconteceunovale.com.br\/portal\/index.php?rest_route=\/wp\/v2\/posts\/124622\/revisions"}],"wp:featuredmedia":[{"embeddable":true,"href":"https:\/\/aconteceunovale.com.br\/portal\/index.php?rest_route=\/wp\/v2\/media\/124623"}],"wp:attachment":[{"href":"https:\/\/aconteceunovale.com.br\/portal\/index.php?rest_route=%2Fwp%2Fv2%2Fmedia&parent=124622"}],"wp:term":[{"taxonomy":"category","embeddable":true,"href":"https:\/\/aconteceunovale.com.br\/portal\/index.php?rest_route=%2Fwp%2Fv2%2Fcategories&post=124622"},{"taxonomy":"post_tag","embeddable":true,"href":"https:\/\/aconteceunovale.com.br\/portal\/index.php?rest_route=%2Fwp%2Fv2%2Ftags&post=124622"}],"curies":[{"name":"wp","href":"https:\/\/api.w.org\/{rel}","templated":true}]}}