{"id":124616,"date":"2017-12-03T23:28:50","date_gmt":"2017-12-04T01:28:50","guid":{"rendered":"http:\/\/aconteceunovale.com.br\/portal\/?p=124616"},"modified":"2017-12-03T23:28:50","modified_gmt":"2017-12-04T01:28:50","slug":"caminhao-do-corpo-de-bombeiros-invade-esplanada-dos-ministerios","status":"publish","type":"post","link":"https:\/\/aconteceunovale.com.br\/portal\/?p=124616","title":{"rendered":"Caminh\u00e3o do Corpo de Bombeiros invade Esplanada dos Minist\u00e9rios"},"content":{"rendered":"<p>Policiais militares foram mobilizados na madrugada de hoje (3\/12) para conter um caminh\u00e3o do Corpo de Bombeiros que acessou a Esplanada dos Minist\u00e9rios em alta velocidade. O ve\u00edculo foi roubado por volta da 1h30, do 8\u00ba Grupamento de Bombeiro Militar, em Ceil\u00e2ndia Norte, a cerca de 30 quil\u00f4metros do Eixo Monumental,  por um sargento da corpora\u00e7\u00e3o que n\u00e3o teve o nome revelado. A motiva\u00e7\u00e3o do furto n\u00e3o foi esclarecida.<\/p>\n<p>Segundo a assessoria da Pol\u00edcia Militar (PM), viaturas da Patrulha T\u00e1tico M\u00f3vel e da Ronda T\u00e1tico Motorizada chegaram a disparar tiros para interromper o curso do caminh\u00e3o, que, ap\u00f3s rodar cerca de meia hora, chegava \u00e0 Pra\u00e7a dos Tr\u00eas Poderes pela Via S1.<\/p>\n<p>O sargento foi encaminhado ao quartel de origem, onde recebeu voz de pris\u00e3o. De acordo com a PM, ningu\u00e9m ficou ferido.<\/p>\n<p><img decoding=\"async\" src=\"http:\/\/aconteceunovale.com.br\/portal\/wp-content\/uploads\/2017\/12\/caminhao_bombeiros_bsp.jpg\" alt=\"\" \/><em>Caminh\u00e3o foi interceptado pela Pol\u00edcia Militar (Foto: Reprodu\u00e7\u00e3o\/WhatsApp)<\/em><br \/>\n<\/br><\/p>\n<p><strong>Secretaria<\/strong><\/p>\n<p>No fim da tarde, a Secretaria de Seguran\u00e7a do Distrito Federal afirmou que o Corpo de Bombeiros Militar do DF (CBMDF) n\u00e3o classifica o epis\u00f3dio como ato terrorista envolvendo o furto de um caminh\u00e3o da corpora\u00e7\u00e3o por um de seus sargentos. Com o ve\u00edculo, o homem percorreu quase 30 quil\u00f4metros, de Ceil\u00e2ndia at\u00e9 a altura da Catedral de Bras\u00edlia.<\/p>\n<p>&#8220;Na apura\u00e7\u00e3o preliminar do Corpo de Bombeiros, a princ\u00edpio n\u00e3o foram encontrados elementos que apontam para a caracteriza\u00e7\u00e3o de atentado terrorista, em conformidade com a Lei 13.260\/16, que trata dos crimes de terrorismo&#8221;, diz a nota da secretaria.<\/p>\n<p>Segundo o comunicado, o 2\u00b0 sargento dever\u00e1 responder por furto qualificado, desobedi\u00eancia, danos ao material da administra\u00e7\u00e3o militar e tentativa de dano. Ele est\u00e1 detido no N\u00facleo de Cust\u00f3dia do CBMDF e ser\u00e1 submetido a audi\u00eancia de cust\u00f3dia.<\/p>\n<p>A secretaria informou ainda que o caso ser\u00e1 acompanhado pela Diretoria de Sa\u00fade e o Centro de Assist\u00eancia da corpora\u00e7\u00e3o.<\/p>\n<p><strong>VER PRIMEIRO<\/strong><\/p>\n<p>Receba as not\u00edcias do Aconteceu no Vale em primeira m\u00e3o. Clique em curtir no endere\u00e7o <a href=\"https:\/\/www.facebook.com\/aconteceunovale\" target=\"_blank\"><font color=\"red\">www.facebook.com\/aconteceunovale<\/font><\/a> ou no box abaixo:<\/p>\n<div class=\"fb-like\" data-href=\"https:\/\/www.facebook.com\/aconteceunovale\" data-width=\"120\" data-layout=\"standard\" data-action=\"like\" data-size=\"small\" data-show-faces=\"true\" data-share=\"true\"><\/div>\n<p><\/br><\/p>\n<p><em>(Fonte: Ag\u00eancia Brasil)<\/em><\/p>\n","protected":false},"excerpt":{"rendered":"<p>Policiais militares foram mobilizados na madrugada de hoje (3\/12) para conter um caminh\u00e3o do Corpo de Bombeiros que acessou a Esplanada dos Minist\u00e9rios em alta velocidade. O ve\u00edculo foi roubado por volta da 1h30, do 8\u00ba Grupamento de Bombeiro Militar, em Ceil\u00e2ndia Norte, a cerca de 30 quil\u00f4metros do Eixo Monumental, por um sargento da [&hellip;]<\/p>\n","protected":false},"author":1,"featured_media":124617,"comment_status":"open","ping_status":"closed","sticky":false,"template":"","format":"standard","meta":{"amp_status":"","footnotes":""},"categories":[6],"tags":[164880,164878,164876,164882,164875,164881,20946,54412,164877,164879],"class_list":["post-124616","post","type-post","status-publish","format-standard","has-post-thumbnail","hentry","category-br","tag-8o-grupamento-de-bombeiro-militar","tag-ataque-caminhao-esplanada-dos-ministerios","tag-ataque-esplanada-dos-ministerios","tag-caminhao-descontrolado","tag-caminhao-do-corpo-de-bombeiros-invade-esplanada-dos-ministerios","tag-ceilandia-norte","tag-corpo-de-bombeiros","tag-esplanada-dos-ministerios","tag-invasao-esplanada-dos-ministerios","tag-policiais-militares-foram-mobilizados-na-madrugada-de-hoje-312-para-conter-um-caminhao-do-corpo-de-bombeiros-que-acessou-a-esplanada-dos-ministerios-em-alta-velocidade"],"_links":{"self":[{"href":"https:\/\/aconteceunovale.com.br\/portal\/index.php?rest_route=\/wp\/v2\/posts\/124616","targetHints":{"allow":["GET"]}}],"collection":[{"href":"https:\/\/aconteceunovale.com.br\/portal\/index.php?rest_route=\/wp\/v2\/posts"}],"about":[{"href":"https:\/\/aconteceunovale.com.br\/portal\/index.php?rest_route=\/wp\/v2\/types\/post"}],"author":[{"embeddable":true,"href":"https:\/\/aconteceunovale.com.br\/portal\/index.php?rest_route=\/wp\/v2\/users\/1"}],"replies":[{"embeddable":true,"href":"https:\/\/aconteceunovale.com.br\/portal\/index.php?rest_route=%2Fwp%2Fv2%2Fcomments&post=124616"}],"version-history":[{"count":0,"href":"https:\/\/aconteceunovale.com.br\/portal\/index.php?rest_route=\/wp\/v2\/posts\/124616\/revisions"}],"wp:featuredmedia":[{"embeddable":true,"href":"https:\/\/aconteceunovale.com.br\/portal\/index.php?rest_route=\/wp\/v2\/media\/124617"}],"wp:attachment":[{"href":"https:\/\/aconteceunovale.com.br\/portal\/index.php?rest_route=%2Fwp%2Fv2%2Fmedia&parent=124616"}],"wp:term":[{"taxonomy":"category","embeddable":true,"href":"https:\/\/aconteceunovale.com.br\/portal\/index.php?rest_route=%2Fwp%2Fv2%2Fcategories&post=124616"},{"taxonomy":"post_tag","embeddable":true,"href":"https:\/\/aconteceunovale.com.br\/portal\/index.php?rest_route=%2Fwp%2Fv2%2Ftags&post=124616"}],"curies":[{"name":"wp","href":"https:\/\/api.w.org\/{rel}","templated":true}]}}