{"id":124613,"date":"2017-12-03T23:24:10","date_gmt":"2017-12-04T01:24:10","guid":{"rendered":"http:\/\/aconteceunovale.com.br\/portal\/?p=124613"},"modified":"2017-12-03T23:24:10","modified_gmt":"2017-12-04T01:24:10","slug":"comerciante-e-assassinado-em-carai-no-vale-do-jequitinhonha","status":"publish","type":"post","link":"https:\/\/aconteceunovale.com.br\/portal\/?p=124613","title":{"rendered":"Comerciante \u00e9 assassinado em Cara\u00ed, no Vale do Jequitinhonha"},"content":{"rendered":"<p>O dono de um bar foi morto a tiros, na noite de s\u00e1bado (2\/12), no Centro de Cara\u00ed, no Vale do Jequitinhonha. Rodrigo dos Santos Murta, de 34 anos, foi surpreendido por dois homens em uma motocicleta. Ap\u00f3s uma briga, um deles atirou contra o comerciante e fugiu; a motiva\u00e7\u00e3o n\u00e3o foi informada, mas a suspeita \u00e9 que a v\u00edtima tenha tido uma desaven\u00e7a com um deles no dia anterior ao crime.<\/p>\n<p>Durante rastreamento, um dos envolvidos, de 29, foi preso em flagrante com um ferimento aparentemente causado por um tiro. Houve tumulto e pessoas conhecidas da v\u00edtima cercaram a viatura para agredi-lo. O outro criminoso n\u00e3o foi localizado.<\/p>\n<p>A moto em que os suspeitos estavam foi encontrada abandonada. A arma possivelmente utilizada no crime foi localizada pela popula\u00e7\u00e3o e entregue aos militares; uma outra arma foi apreendida no carro do irm\u00e3o da v\u00edtima, de 30 anos. Ele n\u00e3o foi encontrado.<\/p>\n<p>A v\u00edtima chegou a ser socorrida por populares, mas n\u00e3o resistiu aos ferimentos. O corpo do comerciante foi encaminhado ao Instituto M\u00e9dico Legal de Te\u00f3filo Otoni. J\u00e1 o suspeito foi encaminhado para um hospital da regi\u00e3o do Vale do Mucuri, onde permanece internado sob escolta policial. A Pol\u00edcia Civil ir\u00e1 investigar o caso.<\/p>\n<p><img decoding=\"async\" src=\"http:\/\/aconteceunovale.com.br\/portal\/wp-content\/uploads\/2017\/12\/armas_crimes_carai.jpg\" alt=\"\" \/><em>Armas apreendidas pela Pol\u00edcia Militar; uma seria do suspeito do crime e a outra foi localizada no carro do irm\u00e3o da v\u00edtima Rodrigo dos Santos Murta (Foto: Pol\u00edcia Militar \/ Divulga\u00e7\u00e3o)<\/em><br \/>\n<\/br><\/p>\n<p><strong>VER PRIMEIRO<\/strong><\/p>\n<p>Receba as not\u00edcias do Aconteceu no Vale em primeira m\u00e3o. Clique em curtir no endere\u00e7o <a href=\"https:\/\/www.facebook.com\/aconteceunovale\" target=\"_blank\"><font color=\"red\">www.facebook.com\/aconteceunovale<\/font><\/a> ou no box abaixo:<\/p>\n<div class=\"fb-like\" data-href=\"https:\/\/www.facebook.com\/aconteceunovale\" data-width=\"120\" data-layout=\"standard\" data-action=\"like\" data-size=\"small\" data-show-faces=\"true\" data-share=\"true\"><\/div>\n<p><\/br><\/p>\n<p><em>(Fonte: G1 Vales de Minas)<\/em><\/p>\n","protected":false},"excerpt":{"rendered":"<p>O dono de um bar foi morto a tiros, na noite de s\u00e1bado (2\/12), no Centro de Cara\u00ed, no Vale do Jequitinhonha. Rodrigo dos Santos Murta, de 34 anos, foi surpreendido por dois homens em uma motocicleta. Ap\u00f3s uma briga, um deles atirou contra o comerciante e fugiu; a motiva\u00e7\u00e3o n\u00e3o foi informada, mas a [&hellip;]<\/p>\n","protected":false},"author":1,"featured_media":124614,"comment_status":"open","ping_status":"closed","sticky":false,"template":"","format":"standard","meta":{"amp_status":"","footnotes":""},"categories":[120],"tags":[48308,490,164874,32714,48307,541,164873],"class_list":["post-124613","post","type-post","status-publish","format-standard","has-post-thumbnail","hentry","category-jequi","tag-assassinado-em-carai","tag-carai","tag-comerciante-e-assassinado-em-carai","tag-homicidio-em-carai","tag-morto-em-carai","tag-no-vale-do-jequitinhonha","tag-rodrigo-dos-santos-murta"],"_links":{"self":[{"href":"https:\/\/aconteceunovale.com.br\/portal\/index.php?rest_route=\/wp\/v2\/posts\/124613","targetHints":{"allow":["GET"]}}],"collection":[{"href":"https:\/\/aconteceunovale.com.br\/portal\/index.php?rest_route=\/wp\/v2\/posts"}],"about":[{"href":"https:\/\/aconteceunovale.com.br\/portal\/index.php?rest_route=\/wp\/v2\/types\/post"}],"author":[{"embeddable":true,"href":"https:\/\/aconteceunovale.com.br\/portal\/index.php?rest_route=\/wp\/v2\/users\/1"}],"replies":[{"embeddable":true,"href":"https:\/\/aconteceunovale.com.br\/portal\/index.php?rest_route=%2Fwp%2Fv2%2Fcomments&post=124613"}],"version-history":[{"count":0,"href":"https:\/\/aconteceunovale.com.br\/portal\/index.php?rest_route=\/wp\/v2\/posts\/124613\/revisions"}],"wp:featuredmedia":[{"embeddable":true,"href":"https:\/\/aconteceunovale.com.br\/portal\/index.php?rest_route=\/wp\/v2\/media\/124614"}],"wp:attachment":[{"href":"https:\/\/aconteceunovale.com.br\/portal\/index.php?rest_route=%2Fwp%2Fv2%2Fmedia&parent=124613"}],"wp:term":[{"taxonomy":"category","embeddable":true,"href":"https:\/\/aconteceunovale.com.br\/portal\/index.php?rest_route=%2Fwp%2Fv2%2Fcategories&post=124613"},{"taxonomy":"post_tag","embeddable":true,"href":"https:\/\/aconteceunovale.com.br\/portal\/index.php?rest_route=%2Fwp%2Fv2%2Ftags&post=124613"}],"curies":[{"name":"wp","href":"https:\/\/api.w.org\/{rel}","templated":true}]}}