{"id":124611,"date":"2017-12-03T23:18:23","date_gmt":"2017-12-04T01:18:23","guid":{"rendered":"http:\/\/aconteceunovale.com.br\/portal\/?p=124611"},"modified":"2017-12-03T23:18:23","modified_gmt":"2017-12-04T01:18:23","slug":"homem-e-assassinado-com-golpes-de-facao-em-sao-joao-evangelista-2","status":"publish","type":"post","link":"https:\/\/aconteceunovale.com.br\/portal\/?p=124611","title":{"rendered":"Homem \u00e9 assassinado com golpes de fac\u00e3o em S\u00e3o Jo\u00e3o Evangelista"},"content":{"rendered":"<p>Um homem de 39 anos foi assassinado com golpes de fac\u00e3o na noite de s\u00e1bado (2\/12), em S\u00e3o Jo\u00e3o Evangelista, no Leste de Minas Gerais. Lucimar Fran\u00e7a dos Anjos estava em um bar na Avenida Primeiro de Junho, na sa\u00edda para Guanh\u00e3es, quando discutiu com o suspeito, de 27. A motiva\u00e7\u00e3o n\u00e3o foi informada, mas testemunhas disseram aos militares que o ataque pode estar relacionado a uma vingan\u00e7a pela morte do pai do suspeito.<\/p>\n<p>De acordo com a Pol\u00edcia Militar, o agressor chegou a ir embora ap\u00f3s a discuss\u00e3o, mas voltou armado. A v\u00edtima foi atingida quando entrava no carro para deixar o local; mesmo depois que a v\u00edtima saiu do ve\u00edculo e caiu no ch\u00e3o, os ataques continuaram. O autor fugiu a p\u00e9 com o fac\u00e3o.<\/p>\n<p>Os militares fizeram rastreamento, mas at\u00e9 a manh\u00e3 deste domingo (3), o suspeito ainda n\u00e3o havia sido localizado. Ap\u00f3s os trabalhos da per\u00edcia, o corpo da v\u00edtima foi encaminhado ao Instituto M\u00e9dico Legal (IML) de Governador Valadares.<\/p>\n<p><strong>VER PRIMEIRO<\/strong><\/p>\n<p>Receba as not\u00edcias do Aconteceu no Vale em primeira m\u00e3o. Clique em curtir no endere\u00e7o <a href=\"https:\/\/www.facebook.com\/aconteceunovale\" target=\"_blank\"><font color=\"red\">www.facebook.com\/aconteceunovale<\/font><\/a> ou no box abaixo:<\/p>\n<div class=\"fb-like\" data-href=\"https:\/\/www.facebook.com\/aconteceunovale\" data-width=\"120\" data-layout=\"standard\" data-action=\"like\" data-size=\"small\" data-show-faces=\"true\" data-share=\"true\"><\/div>\n<p><\/br><\/p>\n<p><em>(Com G1 Vales de Minas)<\/em><\/p>\n","protected":false},"excerpt":{"rendered":"<p>Um homem de 39 anos foi assassinado com golpes de fac\u00e3o na noite de s\u00e1bado (2\/12), em S\u00e3o Jo\u00e3o Evangelista, no Leste de Minas Gerais. Lucimar Fran\u00e7a dos Anjos estava em um bar na Avenida Primeiro de Junho, na sa\u00edda para Guanh\u00e3es, quando discutiu com o suspeito, de 27. A motiva\u00e7\u00e3o n\u00e3o foi informada, mas [&hellip;]<\/p>\n","protected":false},"author":1,"featured_media":71442,"comment_status":"open","ping_status":"closed","sticky":false,"template":"","format":"standard","meta":{"amp_status":"","footnotes":""},"categories":[121],"tags":[116964,164872,116963,164871,51483,164870,116967,162],"class_list":["post-124611","post","type-post","status-publish","format-standard","has-post-thumbnail","hentry","category-leste","tag-assassinado-em-sao-joao-evangelista","tag-homem-e-assassinado-com-golpes-de-facao-em-sao-joao-evangelista","tag-homicidio-sao-joao-evangelista","tag-lucimar-franca-dos-anjos","tag-morte-em-sao-joao-evangelista","tag-morto-com-golpes-de-facao-em-sao-joao-evangelista","tag-morto-em-sao-joao-evangelista","tag-sao-joao-evangelista"],"_links":{"self":[{"href":"https:\/\/aconteceunovale.com.br\/portal\/index.php?rest_route=\/wp\/v2\/posts\/124611","targetHints":{"allow":["GET"]}}],"collection":[{"href":"https:\/\/aconteceunovale.com.br\/portal\/index.php?rest_route=\/wp\/v2\/posts"}],"about":[{"href":"https:\/\/aconteceunovale.com.br\/portal\/index.php?rest_route=\/wp\/v2\/types\/post"}],"author":[{"embeddable":true,"href":"https:\/\/aconteceunovale.com.br\/portal\/index.php?rest_route=\/wp\/v2\/users\/1"}],"replies":[{"embeddable":true,"href":"https:\/\/aconteceunovale.com.br\/portal\/index.php?rest_route=%2Fwp%2Fv2%2Fcomments&post=124611"}],"version-history":[{"count":0,"href":"https:\/\/aconteceunovale.com.br\/portal\/index.php?rest_route=\/wp\/v2\/posts\/124611\/revisions"}],"wp:featuredmedia":[{"embeddable":true,"href":"https:\/\/aconteceunovale.com.br\/portal\/index.php?rest_route=\/wp\/v2\/media\/71442"}],"wp:attachment":[{"href":"https:\/\/aconteceunovale.com.br\/portal\/index.php?rest_route=%2Fwp%2Fv2%2Fmedia&parent=124611"}],"wp:term":[{"taxonomy":"category","embeddable":true,"href":"https:\/\/aconteceunovale.com.br\/portal\/index.php?rest_route=%2Fwp%2Fv2%2Fcategories&post=124611"},{"taxonomy":"post_tag","embeddable":true,"href":"https:\/\/aconteceunovale.com.br\/portal\/index.php?rest_route=%2Fwp%2Fv2%2Ftags&post=124611"}],"curies":[{"name":"wp","href":"https:\/\/api.w.org\/{rel}","templated":true}]}}