{"id":124598,"date":"2017-12-03T22:55:03","date_gmt":"2017-12-04T00:55:03","guid":{"rendered":"http:\/\/aconteceunovale.com.br\/portal\/?p=124598"},"modified":"2017-12-03T22:56:54","modified_gmt":"2017-12-04T00:56:54","slug":"novos-prefeitos-sao-eleitos-em-antonio-dias-e-conceicao-do-rio-verde","status":"publish","type":"post","link":"https:\/\/aconteceunovale.com.br\/portal\/?p=124598","title":{"rendered":"Novos prefeitos s\u00e3o eleitos em Ant\u00f4nio Dias e Concei\u00e7\u00e3o do Rio Verde"},"content":{"rendered":"<p>As duas cidades mineiras que passaram por elei\u00e7\u00f5es suplementares neste domingo (3\/12) j\u00e1 t\u00eam novos prefeitos eleitos. Em\u00a0Ant\u00f4nio Dias\u00a0(97\u00aa Zona Eleitoral, de Coronel Fabriciano), foi eleito o candidato\u00a0Benedito de Assis Lima\u00a0 (PSDB), o Ditinho, vice Elcio de Almeida Ata\u00edde (PMDB), pela Coliga\u00e7\u00e3o \u201cTrabalho e Fam\u00edlia\u201d (PSDB\/ PMDB\/ PR\/ PHS\/ PV), com 2.960 votos (45,46%).<\/p>\n<p>Em\u00a0Concei\u00e7\u00e3o do Rio Verde\u00a0(80\u00aa Zona Eleitoral, de Caxambu), \u00a0Pedro Paulo\u00a0(PR), o Pedro da Ju, vice Cristiano Henrique Cust\u00f3dio (PMDB), pela Coliga\u00e7\u00e3o \u201cConcei\u00e7\u00e3o N\u00e3o Pode Parar\u201d (PR\/PMDB), \u00e9 o prefeito eleito de Concei\u00e7\u00e3o do Rio Verde com 3.911 votos.<\/p>\n<p>A totaliza\u00e7\u00e3o dos votos foi encerrada \u00e0s 18h00\u201922\u2019\u2019 em Concei\u00e7\u00e3o do Rio Verde e \u00e0s 20h45\u201909\u201dem Ant\u00f4nio Dias.<\/p>\n<p><img decoding=\"async\" src=\"http:\/\/aconteceunovale.com.br\/portal\/wp-content\/uploads\/2017\/12\/eleicao_antonio_dias.jpeg\" alt=\"\" \/><\/p>\n<p>As elei\u00e7\u00f5es suplementares correram de forma tranquila nas duas cidades, sem ocorr\u00eancias policiais ou outros acontecimentos que pudessem comprometer a normalidade dos trabalhos. Em Concei\u00e7\u00e3o do Rio Verde, houve a substitui\u00e7\u00e3o de uma urna por outra urna eletr\u00f4nica.<\/p>\n<p>Em Ant\u00f4nio Dias (foto), votaram 8.924 eleitores (76,71% do eleitorado). Foram 90 votos em branco (1,31%) \u00a0e 245 votos nulos (3,58%).<\/p>\n<p>Em Concei\u00e7\u00e3o do Rio Verde, foram 8.054 eleitores (78,08% do eleitorado) que compareceram \u00e0s urnas. Foram 138 votos em branco (1,71%) e 275 votos nulos (3,41%).<\/p>\n<p>Os dois candidatos eleitos tiveram seus registros deferidos pela Justi\u00e7a Eleitoral. Os ju\u00edzes eleitorais de cada munic\u00edpio t\u00eam at\u00e9 o dia 22 de dezembro para diplomar os candidatos eleitos. A partir da diploma\u00e7\u00e3o, os candidatos podem tomar posse.<\/p>\n<p>Os eleitores de Ant\u00f4nio Dias e Concei\u00e7\u00e3o do Rio Verde que n\u00e3o compareceram \u00e0s urnas neste domingo t\u00eam at\u00e9 1\u00ba de fevereiro de 2018 \u2013 60 dias ap\u00f3s as elei\u00e7\u00f5es \u2013 para justificarem sua aus\u00eancia. A justificativa deve ser feita, preferencialmente, nos cart\u00f3rios eleitorais dos munic\u00edpios (confira a\u00a0<span style=\"text-decoration: underline;\"><span style=\"color: #ff0000;\"><a href=\"http:\/\/www.tre-mg.jus.br\/eleitor\/justificativa-eleitoral\/justificativa-eleitoral-1\" target=\"_blank\"><span style=\"color: #ff0000; text-decoration: underline;\">documenta\u00e7\u00e3o necess\u00e1ria<\/span><\/a><\/span><\/span>).<\/p>\n<p><strong>VER PRIMEIRO<\/strong><\/p>\n<p>Receba as not\u00edcias do Aconteceu no Vale em primeira m\u00e3o. Clique em curtir no endere\u00e7o <a href=\"https:\/\/www.facebook.com\/aconteceunovale\" target=\"_blank\"><font color=\"red\">www.facebook.com\/aconteceunovale<\/font><\/a> ou no box abaixo:<\/p>\n<div class=\"fb-like\" data-href=\"https:\/\/www.facebook.com\/aconteceunovale\" data-width=\"120\" data-layout=\"standard\" data-action=\"like\" data-size=\"small\" data-show-faces=\"true\" data-share=\"true\"><\/div>\n<p><\/br><\/p>\n<p><em>(Foto e informa\u00e7\u00f5es do TRE-MG)<\/em><\/p>\n","protected":false},"excerpt":{"rendered":"<p>As duas cidades mineiras que passaram por elei\u00e7\u00f5es suplementares neste domingo (3\/12) j\u00e1 t\u00eam novos prefeitos eleitos. Em\u00a0Ant\u00f4nio Dias\u00a0(97\u00aa Zona Eleitoral, de Coronel Fabriciano), foi eleito o candidato\u00a0Benedito de Assis Lima\u00a0 (PSDB), o Ditinho, vice Elcio de Almeida Ata\u00edde (PMDB), pela Coliga\u00e7\u00e3o \u201cTrabalho e Fam\u00edlia\u201d (PSDB\/ PMDB\/ PR\/ PHS\/ PV), com 2.960 votos (45,46%). Em\u00a0Concei\u00e7\u00e3o [&hellip;]<\/p>\n","protected":false},"author":1,"featured_media":124599,"comment_status":"open","ping_status":"closed","sticky":false,"template":"","format":"standard","meta":{"amp_status":"","footnotes":""},"categories":[121,123,40240],"tags":[1740,164857,1621,164785,164780,164782,164781,151927,718,164784,62506,164783,162825,162827,164860,164859,164858,66412,267],"class_list":["post-124598","post","type-post","status-publish","format-standard","has-post-thumbnail","hentry","category-leste","category-gerais","category-politica-2","tag-antonio-dias","tag-benedito-de-assis-lima","tag-conceicao-do-rio-verde","tag-dois-municipios-de-minas-gerais-e-um-do-tocantins-realizam-eleicoes-para-prefeito-neste-domingo","tag-eleicao-em-conceicao-do-rio-verde","tag-eleicao-para-prefeito-em-antonio-dias","tag-eleicao-para-prefeito-em-conceicao-do-rio-verde","tag-eleicao-suplementar","tag-eleicoes","tag-ibitiura","tag-ibitiura-de-minas","tag-itacaja","tag-nova-eleicao-em-antonio-dias","tag-nova-eleicao-em-conceicao-do-rio-verde","tag-novos-prefeitos-sao-eleitos-em-antonio-dias-e-conceicao-do-rio-verde","tag-pedro-da-ju","tag-pedro-paulo","tag-prefeito","tag-tse"],"_links":{"self":[{"href":"https:\/\/aconteceunovale.com.br\/portal\/index.php?rest_route=\/wp\/v2\/posts\/124598","targetHints":{"allow":["GET"]}}],"collection":[{"href":"https:\/\/aconteceunovale.com.br\/portal\/index.php?rest_route=\/wp\/v2\/posts"}],"about":[{"href":"https:\/\/aconteceunovale.com.br\/portal\/index.php?rest_route=\/wp\/v2\/types\/post"}],"author":[{"embeddable":true,"href":"https:\/\/aconteceunovale.com.br\/portal\/index.php?rest_route=\/wp\/v2\/users\/1"}],"replies":[{"embeddable":true,"href":"https:\/\/aconteceunovale.com.br\/portal\/index.php?rest_route=%2Fwp%2Fv2%2Fcomments&post=124598"}],"version-history":[{"count":0,"href":"https:\/\/aconteceunovale.com.br\/portal\/index.php?rest_route=\/wp\/v2\/posts\/124598\/revisions"}],"wp:featuredmedia":[{"embeddable":true,"href":"https:\/\/aconteceunovale.com.br\/portal\/index.php?rest_route=\/wp\/v2\/media\/124599"}],"wp:attachment":[{"href":"https:\/\/aconteceunovale.com.br\/portal\/index.php?rest_route=%2Fwp%2Fv2%2Fmedia&parent=124598"}],"wp:term":[{"taxonomy":"category","embeddable":true,"href":"https:\/\/aconteceunovale.com.br\/portal\/index.php?rest_route=%2Fwp%2Fv2%2Fcategories&post=124598"},{"taxonomy":"post_tag","embeddable":true,"href":"https:\/\/aconteceunovale.com.br\/portal\/index.php?rest_route=%2Fwp%2Fv2%2Ftags&post=124598"}],"curies":[{"name":"wp","href":"https:\/\/api.w.org\/{rel}","templated":true}]}}