{"id":124592,"date":"2017-12-03T22:26:27","date_gmt":"2017-12-04T00:26:27","guid":{"rendered":"http:\/\/aconteceunovale.com.br\/portal\/?p=124592"},"modified":"2017-12-03T22:26:27","modified_gmt":"2017-12-04T00:26:27","slug":"taxa-basica-de-juros-pode-ser-reduzida-ao-menor-nivel-da-historia-nesta-semana","status":"publish","type":"post","link":"https:\/\/aconteceunovale.com.br\/portal\/?p=124592","title":{"rendered":"Taxa b\u00e1sica de juros pode ser reduzida ao menor n\u00edvel da hist\u00f3ria nesta semana"},"content":{"rendered":"<p>A taxa b\u00e1sica de juros, a Selic, poder\u00e1 chegar ao menor n\u00edvel da hist\u00f3ria na pr\u00f3xima quarta-feira (6). A expectativa de institui\u00e7\u00f5es financeiras \u00e9 que a taxa b\u00e1sica seja reduzida de 7,5% ao ano para 7% ao ano, na \u00faltima reuni\u00e3o de 2018 do Comit\u00ea de Pol\u00edtica Monet\u00e1ria (Copom) do Banco Central (BC).<\/p>\n<p>Se a expectativa se confirmar, ser\u00e1 o d\u00e9cimo corte seguido na taxa b\u00e1sica. Em outubro, o Copom reduziu, por unanimidade, a Selic em 0,75 ponto percentual, de 8,25% ao ano para 7,5% ao ano. Com essa redu\u00e7\u00e3o, a taxa se igualou ao n\u00edvel de maio de 2013.<\/p>\n<p>De outubro de 2012 a abril de 2013, a taxa foi mantida em 7,25% ao ano, no menor n\u00edvel da hist\u00f3ria, e passou a ser reajustada gradualmente at\u00e9 alcan\u00e7ar 14,25% ao ano em julho de 2015, patamar mantido nos meses seguintes. Somente em outubro do ano passado, o Copom voltou a reduzir os juros b\u00e1sicos da economia.<\/p>\n<p><strong>Previd\u00eancia<\/strong><\/p>\n<p>O diretor da Associa\u00e7\u00e3o Nacional de Executivos de Finan\u00e7as, Administra\u00e7\u00e3o e Contabilidade, Miguel Jos\u00e9 Ribeiro de Oliveira, tamb\u00e9m espera por redu\u00e7\u00e3o de 0,5 ponto percentual na reuni\u00e3o desta semana, porque a infla\u00e7\u00e3o baixa permite mais esse corte.<\/p>\n<p>A expectativa do mercado financeiro \u00e9 que a infla\u00e7\u00e3o, medida pelo \u00cdndice Nacional de Pre\u00e7os ao Consumidor Amplo (IPCA), termine este ano em 3,06%, quase no piso da meta (3%). Essa meta tem como centro 4,5%. Para 2018, a previs\u00e3o \u00e9 que a infla\u00e7\u00e3o fique um pouco maior, mas ainda abaixo do centro da meta, em 4,02%.<\/p>\n<p>No pr\u00f3ximo ano, devem pesar nas decis\u00f5es do Copom preocupa\u00e7\u00f5es com os gastos p\u00fablicos e a n\u00e3o aprova\u00e7\u00e3o da reforma da Previd\u00eancia. Com indica\u00e7\u00f5es de que a reforma possa n\u00e3o ser votada, o mercado financeiro enfrenta oscila\u00e7\u00f5es, com queda da bolsa e alta do d\u00f3lar. O d\u00f3lar mais caro pressiona a infla\u00e7\u00e3o com o aumento dos custos de bens importados.<\/p>\n<p><strong>Redu\u00e7\u00e3o<\/strong><\/p>\n<p>Outro fator que vai influenciar o movimento do mercado s\u00e3o as elei\u00e7\u00f5es no pr\u00f3ximo ano, a depender de quem ser\u00e3o s\u00f3 candidatos e quais estar\u00e3o \u00e0 frente nas pesquisas. \u201cIsso pode trazer preocupa\u00e7\u00f5es\u201d, disse Oliveira.<\/p>\n<p>Mesmo assim, Oliveira disse acreditar que h\u00e1 alguma chance de o Copom voltar a reduzir a Selic no in\u00edcio de 2018 para 6,75%, porque ainda h\u00e1 um 12,7 milh\u00f5es de\u00a0desempregados\u00a0no pa\u00eds, o que reduz a press\u00e3o sobre o consumo.<\/p>\n<p>Mas, na avalia\u00e7\u00e3o do diretor da Anefac, essa taxa deve voltar a subir no meio do ano. \u201cVai subir pouco: 0,25 ponto percentual. N\u00e3o vamos mais voltar ao que tinha no passado\u201d, prev\u00ea.<\/p>\n<p><strong>Selic<\/strong><\/p>\n<p>Segundo Oliveira, consumidores e empresas ainda n\u00e3o t\u00eam o que comemorar com as redu\u00e7\u00f5es da Selic. Isso porque a diferen\u00e7a entre a taxa Selic e os juros cobrados nos empr\u00e9stimos aos consumidores ainda \u00e9 grande. \u201cS\u00f3 teremos uma queda efetiva e mais acentuada para os consumidores e empresas quando tivemos um ambiente de redu\u00e7\u00e3o da inadimpl\u00eancia e uma melhora do quadro de desemprego, que reduz o risco. As taxas de juros ficar\u00e3o por um tempo em patamares elevados\u201d, acrescentou Oliveira.<\/p>\n<p>A taxa b\u00e1sica de juros \u00e9 usada nas negocia\u00e7\u00f5es de t\u00edtulos p\u00fablicos no Sistema Especial de Liquida\u00e7\u00e3o e Cust\u00f3dia (Selic) e serve de refer\u00eancia para as demais taxas de juros da economia.<\/p>\n<p>Ao reajust\u00e1-la para cima, o Banco Central segura o excesso de demanda que pressiona os pre\u00e7os, porque juros mais altos encarecem o cr\u00e9dito e estimulam a poupan\u00e7a. Ao reduzir os juros b\u00e1sicos, a tend\u00eancia do Copom \u00e9 baratear o cr\u00e9dito e incentivar a produ\u00e7\u00e3o e o consumo, mas enfraquece o controle da infla\u00e7\u00e3o.<\/p>\n<p><strong>VER PRIMEIRO<\/strong><\/p>\n<p>Receba as not\u00edcias do Aconteceu no Vale em primeira m\u00e3o. Clique em curtir no endere\u00e7o <a href=\"https:\/\/www.facebook.com\/aconteceunovale\" target=\"_blank\"><font color=\"red\">www.facebook.com\/aconteceunovale<\/font><\/a> ou no box abaixo:<\/p>\n<div class=\"fb-like\" data-href=\"https:\/\/www.facebook.com\/aconteceunovale\" data-width=\"120\" data-layout=\"standard\" data-action=\"like\" data-size=\"small\" data-show-faces=\"true\" data-share=\"true\"><\/div>\n<p><\/br><\/p>\n<p><em>(Fonte: Ag\u00eancia Brasil)<\/em><\/p>\n","protected":false},"excerpt":{"rendered":"<p>A taxa b\u00e1sica de juros, a Selic, poder\u00e1 chegar ao menor n\u00edvel da hist\u00f3ria na pr\u00f3xima quarta-feira (6). A expectativa de institui\u00e7\u00f5es financeiras \u00e9 que a taxa b\u00e1sica seja reduzida de 7,5% ao ano para 7% ao ano, na \u00faltima reuni\u00e3o de 2018 do Comit\u00ea de Pol\u00edtica Monet\u00e1ria (Copom) do Banco Central (BC). Se a [&hellip;]<\/p>\n","protected":false},"author":1,"featured_media":99418,"comment_status":"open","ping_status":"closed","sticky":false,"template":"","format":"standard","meta":{"amp_status":"","footnotes":""},"categories":[6,40239],"tags":[22810,29624,158988,164854,22811,164851,164853,164852],"class_list":["post-124592","post","type-post","status-publish","format-standard","has-post-thumbnail","hentry","category-br","category-economia-2","tag-copom","tag-juros","tag-reducao-da-selic","tag-reducao-da-taxa-basica-de-juros","tag-selic","tag-taxa-basica","tag-taxa-basica-de-juros","tag-taxa-basica-de-juros-pode-ser-reduzida-ao-menor-nivel-da-historia-nesta-semana"],"_links":{"self":[{"href":"https:\/\/aconteceunovale.com.br\/portal\/index.php?rest_route=\/wp\/v2\/posts\/124592","targetHints":{"allow":["GET"]}}],"collection":[{"href":"https:\/\/aconteceunovale.com.br\/portal\/index.php?rest_route=\/wp\/v2\/posts"}],"about":[{"href":"https:\/\/aconteceunovale.com.br\/portal\/index.php?rest_route=\/wp\/v2\/types\/post"}],"author":[{"embeddable":true,"href":"https:\/\/aconteceunovale.com.br\/portal\/index.php?rest_route=\/wp\/v2\/users\/1"}],"replies":[{"embeddable":true,"href":"https:\/\/aconteceunovale.com.br\/portal\/index.php?rest_route=%2Fwp%2Fv2%2Fcomments&post=124592"}],"version-history":[{"count":0,"href":"https:\/\/aconteceunovale.com.br\/portal\/index.php?rest_route=\/wp\/v2\/posts\/124592\/revisions"}],"wp:featuredmedia":[{"embeddable":true,"href":"https:\/\/aconteceunovale.com.br\/portal\/index.php?rest_route=\/wp\/v2\/media\/99418"}],"wp:attachment":[{"href":"https:\/\/aconteceunovale.com.br\/portal\/index.php?rest_route=%2Fwp%2Fv2%2Fmedia&parent=124592"}],"wp:term":[{"taxonomy":"category","embeddable":true,"href":"https:\/\/aconteceunovale.com.br\/portal\/index.php?rest_route=%2Fwp%2Fv2%2Fcategories&post=124592"},{"taxonomy":"post_tag","embeddable":true,"href":"https:\/\/aconteceunovale.com.br\/portal\/index.php?rest_route=%2Fwp%2Fv2%2Ftags&post=124592"}],"curies":[{"name":"wp","href":"https:\/\/api.w.org\/{rel}","templated":true}]}}