{"id":124589,"date":"2017-12-03T21:10:38","date_gmt":"2017-12-03T23:10:38","guid":{"rendered":"http:\/\/aconteceunovale.com.br\/portal\/?p=124589"},"modified":"2017-12-03T21:10:38","modified_gmt":"2017-12-03T23:10:38","slug":"minas-gerais-tera-mais-36-escolas-estaduais-com-oferta-de-educacao-integral-no-ensino-medio","status":"publish","type":"post","link":"https:\/\/aconteceunovale.com.br\/portal\/?p=124589","title":{"rendered":"Minas Gerais ter\u00e1 mais 36 escolas estaduais com oferta de Educa\u00e7\u00e3o Integral no ensino m\u00e9dio"},"content":{"rendered":"<p>Em 2018, Minas Gerais passar\u00e1 a contar com 80 escolas estaduais atendendo a alunos do ensino m\u00e9dio na Educa\u00e7\u00e3o Integral e Integrada. Al\u00e9m das 44 escolas que iniciaram a oferta em 2017, para o pr\u00f3ximo ano, o Minist\u00e9rio da Educa\u00e7\u00e3o (MEC) j\u00e1 deferiu uma lista com outras 36 escolas que iniciar\u00e3o as atividades em 2018. Com essa nova listagem, a expectativa \u00e9 que Minas Gerais tenha cerca de 19.600 estudantes do ensino m\u00e9dio participando da Educa\u00e7\u00e3o Integral e Integrada.<\/p>\n<p>As escolas escolhidas para integrar a iniciativa foram selecionadas a partir de crit\u00e9rios definidos pelo MEC, por meio do Programa de Fomento \u00e0 Educa\u00e7\u00e3o em Tempo Integral, como condi\u00e7\u00f5es de vulnerabilidade social, \u00edndice socioecon\u00f4mico abaixo da m\u00e9dia do estado e o atendimento m\u00ednimo de 120 estudantes matriculados no 1\u00ba ano do ensino m\u00e9dio.<\/p>\n<p>Ap\u00f3s a escolha das escolas, a superintendente de Desenvolvimento do Ensino M\u00e9dio da\u00a0Secretaria de Estado de Educa\u00e7\u00e3o (SEE), Cec\u00edlia Resende, pontua os pr\u00f3ximos passos.<\/p>\n<p>\u201cA partir de agora, temos um cronograma de encaminhamentos. J\u00e1 enviamos ao MEC um termo de responsabilidade para o desenvolvimento das a\u00e7\u00f5es nas 36 escolas. Agora vamos realizar um grande encontro no pr\u00f3ximo m\u00eas, no qual vamos trazer pessoas envolvidas com as escolas, e promover uma imers\u00e3o para que elas possam entender o programa e a proposta\u201d, afirma.<\/p>\n<p>Para que a implementa\u00e7\u00e3o da Educa\u00e7\u00e3o Integral e Integrada aconte\u00e7a nas escolas, Cec\u00edlia destaca ainda a import\u00e2ncia da participa\u00e7\u00e3o da comunidade escolar. \u201cO grande mote do nosso projeto \u00e9 a participa\u00e7\u00e3o dos estudantes a constru\u00e7\u00e3o do curr\u00edculo nessas escolas\u201d, conclui.<\/p>\n<p><span style=\"text-decoration: underline;\"><span style=\"color: #ff0000;\"><a href=\"http:\/\/aconteceunovale.com.br\/portal\/wp-content\/uploads\/2017\/12\/lista_escola_integral.pdf\" target=\"_blank\"><span style=\"color: #ff0000; text-decoration: underline;\">Confira aqui a lista com o nome das escolas<\/span><\/a><\/span><\/span>.<\/p>\n<p><strong>Educa\u00e7\u00e3o Integral e Integrada<\/strong><\/p>\n<p>O objetivo da a\u00e7\u00e3o \u00e9 possibilitar a forma\u00e7\u00e3o integral de crian\u00e7as, jovens e adolescentes, ampliar a oferta de saberes, incluir os campos das artes, cultura, esporte, lazer, mobilizando-os para melhoria do desempenho escolar, fortalecer a Rede Estadual de Educa\u00e7\u00e3o Profissional, garantir a prote\u00e7\u00e3o social e a forma\u00e7\u00e3o para a cidadania e reduzir a evas\u00e3o.<\/p>\n<p>A Educa\u00e7\u00e3o Integral e Integrada na educa\u00e7\u00e3o b\u00e1sica assegura jornada escolar igual ou superior a 7 horas di\u00e1rias (ou 35 semanais) durante o per\u00edodo letivo e vem ao encontro das metas do Plano Nacional de Educa\u00e7\u00e3o (PNE) que tem como prop\u00f3sito assegurar o acesso e perman\u00eancia dos estudantes na educa\u00e7\u00e3o b\u00e1sica, com melhoria da qualidade do ensino e o respeito \u00e0 diversidade, garantindo as condi\u00e7\u00f5es ao desenvolvimento de saberes e habilidades dos estudantes, ampliando a oferta da jornada em tempo integral.<\/p>\n<p><strong>VER PRIMEIRO<\/strong><\/p>\n<p>Receba as not\u00edcias do Aconteceu no Vale em primeira m\u00e3o. Clique em curtir no endere\u00e7o <a href=\"https:\/\/www.facebook.com\/aconteceunovale\" target=\"_blank\"><font color=\"red\">www.facebook.com\/aconteceunovale<\/font><\/a> ou no box abaixo:<\/p>\n<div class=\"fb-like\" data-href=\"https:\/\/www.facebook.com\/aconteceunovale\" data-width=\"120\" data-layout=\"standard\" data-action=\"like\" data-size=\"small\" data-show-faces=\"true\" data-share=\"true\"><\/div>\n<p><\/br><\/p>\n<p><em>(Fonte: Ag\u00eancia Minas)<\/em><\/p>\n","protected":false},"excerpt":{"rendered":"<p>Em 2018, Minas Gerais passar\u00e1 a contar com 80 escolas estaduais atendendo a alunos do ensino m\u00e9dio na Educa\u00e7\u00e3o Integral e Integrada. Al\u00e9m das 44 escolas que iniciaram a oferta em 2017, para o pr\u00f3ximo ano, o Minist\u00e9rio da Educa\u00e7\u00e3o (MEC) j\u00e1 deferiu uma lista com outras 36 escolas que iniciar\u00e3o as atividades em 2018. [&hellip;]<\/p>\n","protected":false},"author":1,"featured_media":114832,"comment_status":"open","ping_status":"closed","sticky":false,"template":"","format":"standard","meta":{"amp_status":"","footnotes":""},"categories":[40238,123],"tags":[657,193,194,1501,1626,281,143749,71353,112618,164823,164839,164822,164827,164834,164821,164817,164818,164828,164831,164835,164819,164841,164829,164846,164824,164840,164815,164832,164842,164848,164816,164847,164849,164825,164845,164833,164844,164838,164843,164837,164850,164820,164836,164826,164830,164814,164812,1278,1395,247,1565,1494,1544,12269,1218,207,209,164811,164813,1603,1520,210,211,12267,1489,1568,5403,24494,310,1498,1738,9546,1530,1340,18771],"class_list":["post-124589","post","type-post","status-publish","format-standard","has-post-thumbnail","hentry","category-educacao-2","category-gerais","tag-angelandia","tag-barbacena","tag-belo-horizonte","tag-carangola","tag-carmo-da-cachoeira","tag-coluna","tag-conceicao-da-aparecida","tag-cruzilia","tag-educacao-integral-em-minas-gerais","tag-ee-abilio-rodrigues-patto","tag-ee-antonio-pereira","tag-ee-augusto-barbosa","tag-ee-betania-tolentino-silveira","tag-ee-clara-chaves","tag-ee-coronel-jose-ildefonso","tag-ee-doutor-joao-batista-hermeto","tag-ee-emilia-esteves-marques","tag-ee-engenheiro-henrique-dumont","tag-ee-imperatriz-pimenta","tag-ee-irma-beata","tag-ee-joao-belo-de-oliveira","tag-ee-joseph-hein","tag-ee-maria-de-lucca-pinto-coelho","tag-ee-mariana-de-paiva","tag-ee-monsenhor-jose-amantino-dos-santos","tag-ee-nely-amaral","tag-ee-nossa-senhora-de-fatima","tag-ee-nossa-senhora-do-belo-ramo","tag-ee-padre-jose-antonio-panucci","tag-ee-padre-piccinini","tag-ee-professor-joao-anastacio","tag-ee-professor-samuel-joao-de-deus","tag-ee-professor-wanderley-ferreira-de-rezende","tag-ee-professora-heroina-torres","tag-ee-professora-maria-leonor-nasser","tag-ee-reny-de-souza-lima","tag-ee-sanico-teles","tag-ee-santa-maria","tag-ee-santa-rita-de-cassia","tag-ee-santo-antonio","tag-ee-sao-marcos","tag-ee-sao-sebastiao","tag-ee-tiburtino-pena","tag-ee-wenceslau-braz","tag-ee-zilda-arns-neumann","tag-emti","tag-escolas-com-educacao-integral-em-minas-gerais","tag-espinosa","tag-francisco-sa","tag-governador-valadares","tag-guidoval","tag-ibirite","tag-itajuba","tag-jacui","tag-jenipapo-de-minas","tag-lavras","tag-manhuacu","tag-minas-gerais-passara-a-contar-com-80-escolas-estaduais-atendendo-a-alunos-do-ensino-medio-na-educacao-integral-e-integrada","tag-minas-gerais-tera-mais-36-escolas-estaduais-com-oferta-de-educacao-integral-no-ensino-medio","tag-mirai","tag-monte-carmelo","tag-montes-claros","tag-ouro-preto","tag-paraguacu","tag-patrocinio","tag-paula-candido","tag-piranga","tag-poco-fundo","tag-sabinopolis","tag-santa-luzia","tag-santa-maria-de-itabira","tag-santa-rita-do-sapucai","tag-santos-dumont","tag-varzea-da-palma","tag-vicosa"],"_links":{"self":[{"href":"https:\/\/aconteceunovale.com.br\/portal\/index.php?rest_route=\/wp\/v2\/posts\/124589","targetHints":{"allow":["GET"]}}],"collection":[{"href":"https:\/\/aconteceunovale.com.br\/portal\/index.php?rest_route=\/wp\/v2\/posts"}],"about":[{"href":"https:\/\/aconteceunovale.com.br\/portal\/index.php?rest_route=\/wp\/v2\/types\/post"}],"author":[{"embeddable":true,"href":"https:\/\/aconteceunovale.com.br\/portal\/index.php?rest_route=\/wp\/v2\/users\/1"}],"replies":[{"embeddable":true,"href":"https:\/\/aconteceunovale.com.br\/portal\/index.php?rest_route=%2Fwp%2Fv2%2Fcomments&post=124589"}],"version-history":[{"count":0,"href":"https:\/\/aconteceunovale.com.br\/portal\/index.php?rest_route=\/wp\/v2\/posts\/124589\/revisions"}],"wp:featuredmedia":[{"embeddable":true,"href":"https:\/\/aconteceunovale.com.br\/portal\/index.php?rest_route=\/wp\/v2\/media\/114832"}],"wp:attachment":[{"href":"https:\/\/aconteceunovale.com.br\/portal\/index.php?rest_route=%2Fwp%2Fv2%2Fmedia&parent=124589"}],"wp:term":[{"taxonomy":"category","embeddable":true,"href":"https:\/\/aconteceunovale.com.br\/portal\/index.php?rest_route=%2Fwp%2Fv2%2Fcategories&post=124589"},{"taxonomy":"post_tag","embeddable":true,"href":"https:\/\/aconteceunovale.com.br\/portal\/index.php?rest_route=%2Fwp%2Fv2%2Ftags&post=124589"}],"curies":[{"name":"wp","href":"https:\/\/api.w.org\/{rel}","templated":true}]}}