{"id":124584,"date":"2017-12-03T20:03:30","date_gmt":"2017-12-03T22:03:30","guid":{"rendered":"http:\/\/aconteceunovale.com.br\/portal\/?p=124584"},"modified":"2017-12-03T20:03:30","modified_gmt":"2017-12-03T22:03:30","slug":"novo-supermercado-de-capelinha-oferece-grande-variedade-de-produtos-com-precos-imbativeis","status":"publish","type":"post","link":"https:\/\/aconteceunovale.com.br\/portal\/?p=124584","title":{"rendered":"Novo supermercado de Capelinha oferece grande variedade de produtos com pre\u00e7os imbat\u00edveis"},"content":{"rendered":"<p>Os moradores de Capelinha e de munic\u00edpios circunvizinhos ganharam neste s\u00e1bado (2\/12) uma mega loja da rede Super Cidades. Com espa\u00e7o amplo, grande variedade de produtos e pre\u00e7os bem abaixo dos praticados na cidade, o Super Cidades Capelinha chegou para proporcionar mais economia aos capelinhenses. O empreendimento foi idealizado atrav\u00e9s de uma parceria entre os empres\u00e1rios Daniel Costa, Mazim Rocha e Beto Real. <\/p>\n<p>Na manh\u00e3 deste s\u00e1bado, pol\u00edticos, empres\u00e1rios e milhares de capelinhenses participaram da cerim\u00f4nia de abertura do supermercado. Antes de cortar a faixa vermelha, o padre Gilvan Andr\u00e9 aben\u00e7oou o novo empreendimento e os propriet\u00e1rios discursaram para a multid\u00e3o, que aguardava ansiosa para conhecer a moderna loja do Super Cidades.<\/p>\n<p>O Super Cidades Capelinha surpreendeu a todos pela sua estrutura. A loja foi muito bem planejada, com todos os departamentos bem sinalizados, facilitando a localiza\u00e7\u00e3o de produtos. <\/p>\n<p>Os setores de hortifr\u00fati, a\u00e7ougue e bebidas foram os que mais agradaram aos capelinhenses que visitaram o estabelecimento nestes dois primeiros dias de funcionamento. O Super Cidades tamb\u00e9m possui uma padaria completa em suas depend\u00eancias.<\/p>\n<p><img decoding=\"async\" src=\"http:\/\/aconteceunovale.com.br\/portal\/wp-content\/uploads\/2017\/12\/inauguracao_super_cidades_1.jpg\" alt=\"\" \/><em>Supermercado est\u00e1 localizado no alto da Rua Rio Branco (Foto: Divulga\u00e7\u00e3o)<\/em><br \/>\n<\/br><\/p>\n<h4>Pre\u00e7os<\/h4>\n<p>Outro ponto positivo do novo supermercado s\u00e3o os pre\u00e7os. Ao contr\u00e1rio do que pessoas maldosas espalharam nas redes sociais, o Aconteceu no Vale constatou que o Super Cidades tem sim pre\u00e7os baixos. O supermercado apresenta uma grande variedade de produtos com valores menores do que os praticados pelos principais concorrentes.<\/p>\n<p>Al\u00e9m disso, o supermercado preparou v\u00e1rias ofertas e promo\u00e7\u00f5es exclusivas de inaugura\u00e7\u00e3o, que ser\u00e3o v\u00e1lidas at\u00e9 esta segunda-feira (4). A partir de ter\u00e7a-feira (5), a dire\u00e7\u00e3o do Super Cidades promete uma nova promo\u00e7\u00e3o, com pre\u00e7os arrasadores. &#8220;Se voc\u00ea ainda n\u00e3o fez sua compra do m\u00eas, prepare sua lista e venha economizar no Super Cidades&#8221;, disse Daniel Costa.<\/p>\n<p><img decoding=\"async\" src=\"http:\/\/aconteceunovale.com.br\/portal\/wp-content\/uploads\/2017\/12\/inauguracao_super_cidades_3.jpg\" alt=\"\" \/><em>Multid\u00e3o participou da cerim\u00f4nia de inaugura\u00e7\u00e3o (Foto: Divulga\u00e7\u00e3o)<\/em><br \/>\n<\/br><\/p>\n<h4>Estacionamento amplo<\/h4>\n<p>A dire\u00e7\u00e3o do Super Cidades Capelinha tamb\u00e9m pensou na comodidade dos clientes. O supermercado conta com um amplo estacionamento, de f\u00e1cil acesso pela Rua Rio Branco ou Doutor Hermelindo. O supermercado est\u00e1 localizado na Rua Rio Branco, 1255, no bairro Planalto.<\/p>\n<h4>Gera\u00e7\u00e3o de empregos<\/h4>\n<p>Um mega empreendimento como o Super Cidades Capelinha precisa de um grande n\u00famero de servidores. A empresa abriu cerca de 200 postos de trabalho na cidade, fato que foi comemorado pelo prefeito Tadeuzinho durante a cerim\u00f4nia de abertura. Os funcion\u00e1rios foram selecionados atrav\u00e9s de uma parceria com a unidade do SINE na cidade.<\/p>\n<p><strong>VER PRIMEIRO<\/strong><\/p>\n<p>Receba as not\u00edcias do Aconteceu no Vale em primeira m\u00e3o. Clique em curtir no endere\u00e7o <a href=\"https:\/\/www.facebook.com\/aconteceunovale\" target=\"_blank\"><font color=\"red\">www.facebook.com\/aconteceunovale<\/font><\/a> ou no box abaixo:<\/p>\n<div class=\"fb-like\" data-href=\"https:\/\/www.facebook.com\/aconteceunovale\" data-width=\"120\" data-layout=\"standard\" data-action=\"like\" data-size=\"small\" data-show-faces=\"true\" data-share=\"true\"><\/div>\n<p><\/br><\/p>\n","protected":false},"excerpt":{"rendered":"<p>Os moradores de Capelinha e de munic\u00edpios circunvizinhos ganharam neste s\u00e1bado (2\/12) uma mega loja da rede Super Cidades. Com espa\u00e7o amplo, grande variedade de produtos e pre\u00e7os bem abaixo dos praticados na cidade, o Super Cidades Capelinha chegou para proporcionar mais economia aos capelinhenses. O empreendimento foi idealizado atrav\u00e9s de uma parceria entre os [&hellip;]<\/p>\n","protected":false},"author":1,"featured_media":124586,"comment_status":"open","ping_status":"closed","sticky":false,"template":"","format":"standard","meta":{"amp_status":"","footnotes":""},"categories":[120],"tags":[164683,162681,132,164806,164804,628,113575,1018,164679,164682,164810,162682,164762,164807,164805,164809,164808,164680,164738,164681],"class_list":["post-124584","post","type-post","status-publish","format-standard","has-post-thumbnail","hentry","category-jequi","tag-abertura-do-super-cidades-capelinha","tag-beto-real","tag-capelinha","tag-capelinha-ganha-novo-supemercado","tag-capelinha-ganha-supermercado-com-grande-variedade-de-produtos-e-precos-imbativeis","tag-conceicao-do-mato-dentro","tag-daniel-costa","tag-destaque","tag-grande-inauguracao-do-super-cidades-capelinha","tag-inauguracao-do-super-cidades-capelinha","tag-joaquim-costa","tag-mazim-rocha","tag-nota-de-agradecimento-do-super-cidades-capelinha","tag-novo-centro-de-compras-em-capelinha","tag-novo-supermercado-de-capelinha","tag-novo-supermercado-de-capelinha-oferece-grande-variedade-de-produtos","tag-novo-supermercado-de-capelinha-oferece-grande-variedade-de-produtos-com-precos-imbativeis","tag-super-cidades-capelinha","tag-super-cidades-capelinha-abre-as-portas-neste-sabado","tag-super-cidades-em-capelinha"],"_links":{"self":[{"href":"https:\/\/aconteceunovale.com.br\/portal\/index.php?rest_route=\/wp\/v2\/posts\/124584","targetHints":{"allow":["GET"]}}],"collection":[{"href":"https:\/\/aconteceunovale.com.br\/portal\/index.php?rest_route=\/wp\/v2\/posts"}],"about":[{"href":"https:\/\/aconteceunovale.com.br\/portal\/index.php?rest_route=\/wp\/v2\/types\/post"}],"author":[{"embeddable":true,"href":"https:\/\/aconteceunovale.com.br\/portal\/index.php?rest_route=\/wp\/v2\/users\/1"}],"replies":[{"embeddable":true,"href":"https:\/\/aconteceunovale.com.br\/portal\/index.php?rest_route=%2Fwp%2Fv2%2Fcomments&post=124584"}],"version-history":[{"count":0,"href":"https:\/\/aconteceunovale.com.br\/portal\/index.php?rest_route=\/wp\/v2\/posts\/124584\/revisions"}],"wp:featuredmedia":[{"embeddable":true,"href":"https:\/\/aconteceunovale.com.br\/portal\/index.php?rest_route=\/wp\/v2\/media\/124586"}],"wp:attachment":[{"href":"https:\/\/aconteceunovale.com.br\/portal\/index.php?rest_route=%2Fwp%2Fv2%2Fmedia&parent=124584"}],"wp:term":[{"taxonomy":"category","embeddable":true,"href":"https:\/\/aconteceunovale.com.br\/portal\/index.php?rest_route=%2Fwp%2Fv2%2Fcategories&post=124584"},{"taxonomy":"post_tag","embeddable":true,"href":"https:\/\/aconteceunovale.com.br\/portal\/index.php?rest_route=%2Fwp%2Fv2%2Ftags&post=124584"}],"curies":[{"name":"wp","href":"https:\/\/api.w.org\/{rel}","templated":true}]}}