{"id":124578,"date":"2017-12-03T12:18:37","date_gmt":"2017-12-03T14:18:37","guid":{"rendered":"http:\/\/aconteceunovale.com.br\/portal\/?p=124578"},"modified":"2017-12-03T12:21:17","modified_gmt":"2017-12-03T14:21:17","slug":"governo-de-minas-confirma-que-vai-parcelar-13o-salario-dos-servidores","status":"publish","type":"post","link":"https:\/\/aconteceunovale.com.br\/portal\/?p=124578","title":{"rendered":"Governo de Minas confirma que vai parcelar 13\u00ba sal\u00e1rio dos servidores"},"content":{"rendered":"<p>O Governo de Minas confirmou neste s\u00e1bado (02\/12\/2017) que o 13\u00ba sal\u00e1rio do funcionalismo p\u00fablico n\u00e3o ser\u00e1 pago integralmente este ano, mas n\u00e3o divulgou as datas e as formas de pagamento. Nem mesmo a escala de pagamento dos sal\u00e1rios a serem pagos em dezembro foi divulgada. Em nota, o Governo divulgou que prioriza o levantamento de recursos e que a segunda parcela do 13\u00ba sal\u00e1rio depender\u00e1 da arrecada\u00e7\u00e3o do IPVA, sempre cobrado no in\u00edcio do ano. <\/p>\n<p>Nesta segunda (4), o subsecret\u00e1rio da Receita Estadual, Jo\u00e3o Alberto Vizzotto, divulga os dados referentes ao IPVA 2018. Em 2017, a previs\u00e3o de arrecada\u00e7\u00e3o foi de R$ 4,6 bilh\u00f5es, mas deste total 40% v\u00e3o para os cofres do Estado. Outros 40% ficam com os munic\u00edpios e 20% \u00e9 destinado ao Fundo de Manuten\u00e7\u00e3o e Desenvolvimento da Educa\u00e7\u00e3o B\u00e1sica e de Valoriza\u00e7\u00e3o dos Profissionais da Educa\u00e7\u00e3o (Fundeb).<\/p>\n<p>Durante a semana, o governador Fernando Pimentel (PT) esteve reunido em Bras\u00edlia com o presidente do Senado, Eun\u00edcio Oliveira (PMDB-CE). A pauta do encontro foi o projeto de lei 204, de 2016, que autoriza opera\u00e7\u00f5es de cr\u00e9dito a partir da securitiza\u00e7\u00e3o da d\u00edvida ativa do Estado.<\/p>\n<p>A expectativa do governador \u00e9 que esta medida fa\u00e7a com que o governo obtenha entre R$ 1,8 bilh\u00e3o a R$ 2 bilh\u00f5es junto aos bancos. &#8220;Recursos que seriam suficientes para pagar o 13\u00ba sal\u00e1rio dos servidores estaduais\u201d, disse o governador. Ainda segundo Pimentel, n\u00e3o se trata de endividamento. \u201c\u00c9 antecipa\u00e7\u00e3o de recursos que j\u00e1 seriam recebidos pelo Estado&#8221;, disse.<\/p>\n<p><strong>VER PRIMEIRO<\/strong><\/p>\n<p>Receba as not\u00edcias do Aconteceu no Vale em primeira m\u00e3o. Clique em curtir no endere\u00e7o <a href=\"https:\/\/www.facebook.com\/aconteceunovale\" target=\"_blank\"><font color=\"red\">www.facebook.com\/aconteceunovale<\/font><\/a> ou no box abaixo:<\/p>\n<div class=\"fb-like\" data-href=\"https:\/\/www.facebook.com\/aconteceunovale\" data-width=\"120\" data-layout=\"standard\" data-action=\"like\" data-size=\"small\" data-show-faces=\"true\" data-share=\"true\"><\/div>\n<p><\/br><\/p>\n<p><em>(Fonte: Hoje em Dia)<\/em><\/p>\n","protected":false},"excerpt":{"rendered":"<p>O Governo de Minas confirmou neste s\u00e1bado (02\/12\/2017) que o 13\u00ba sal\u00e1rio do funcionalismo p\u00fablico n\u00e3o ser\u00e1 pago integralmente este ano, mas n\u00e3o divulgou as datas e as formas de pagamento. Nem mesmo a escala de pagamento dos sal\u00e1rios a serem pagos em dezembro foi divulgada. Em nota, o Governo divulgou que prioriza o levantamento [&hellip;]<\/p>\n","protected":false},"author":1,"featured_media":124580,"comment_status":"open","ping_status":"closed","sticky":false,"template":"","format":"standard","meta":{"amp_status":"","footnotes":""},"categories":[123],"tags":[164798,164797,73766,1018,12826,6546,164803,82577,164801,164800,164796,164799,164802],"class_list":["post-124578","post","type-post","status-publish","format-standard","has-post-thumbnail","hentry","category-gerais","tag-atraso-de-salarios-governo-de-minas","tag-crise-financeira-governo-de-minas","tag-crise-governo-de-minas","tag-destaque","tag-fernando-pimentel","tag-governo-de-minas","tag-governo-de-minas-confirma-que-vai-parcelar-13o-salario-dos-servidores","tag-joao-alberto-vizzotto","tag-parcelamento-13o-governo-de-minas","tag-parcelamento-de-salarios-governo-de-minas","tag-problema-financeiro-governo-de-minas","tag-salarios-atrasados-governo-de-minas","tag-subsecretario-da-receita-estadual"],"_links":{"self":[{"href":"https:\/\/aconteceunovale.com.br\/portal\/index.php?rest_route=\/wp\/v2\/posts\/124578","targetHints":{"allow":["GET"]}}],"collection":[{"href":"https:\/\/aconteceunovale.com.br\/portal\/index.php?rest_route=\/wp\/v2\/posts"}],"about":[{"href":"https:\/\/aconteceunovale.com.br\/portal\/index.php?rest_route=\/wp\/v2\/types\/post"}],"author":[{"embeddable":true,"href":"https:\/\/aconteceunovale.com.br\/portal\/index.php?rest_route=\/wp\/v2\/users\/1"}],"replies":[{"embeddable":true,"href":"https:\/\/aconteceunovale.com.br\/portal\/index.php?rest_route=%2Fwp%2Fv2%2Fcomments&post=124578"}],"version-history":[{"count":0,"href":"https:\/\/aconteceunovale.com.br\/portal\/index.php?rest_route=\/wp\/v2\/posts\/124578\/revisions"}],"wp:featuredmedia":[{"embeddable":true,"href":"https:\/\/aconteceunovale.com.br\/portal\/index.php?rest_route=\/wp\/v2\/media\/124580"}],"wp:attachment":[{"href":"https:\/\/aconteceunovale.com.br\/portal\/index.php?rest_route=%2Fwp%2Fv2%2Fmedia&parent=124578"}],"wp:term":[{"taxonomy":"category","embeddable":true,"href":"https:\/\/aconteceunovale.com.br\/portal\/index.php?rest_route=%2Fwp%2Fv2%2Fcategories&post=124578"},{"taxonomy":"post_tag","embeddable":true,"href":"https:\/\/aconteceunovale.com.br\/portal\/index.php?rest_route=%2Fwp%2Fv2%2Ftags&post=124578"}],"curies":[{"name":"wp","href":"https:\/\/api.w.org\/{rel}","templated":true}]}}